{"id":536614,"date":"2022-02-21T00:03:03","date_gmt":"2022-02-21T06:03:03","guid":{"rendered":"https:\/\/www.diarioimagen.net\/?p=536614"},"modified":"2022-02-21T00:50:38","modified_gmt":"2022-02-21T06:50:38","slug":"amlo-vs-medios-a-donde-vamos-a-parar","status":"publish","type":"post","link":"https:\/\/www.diarioimagen.net\/?p=536614","title":{"rendered":"AMLO vs medios,\u00a0 \u00bfa d\u00f3nde vamos a parar?"},"content":{"rendered":"<h2>Espacio Electoral<\/h2>\n<h5>Eleazar Flores<\/h5>\n<p>&nbsp;<\/p>\n<p><strong>\u00bfY LOS PROBLEMAS?-.<\/strong> De seguir con este tema bien vale preguntar a las partes, pero sobre todo a la(s) autoridad(es) a imagen y semejanza a uno de los muchos t\u00edtulos exitosos del\u00a0 michoacano internacional\u00a0 Marco Antonio Sol\u00eds, el <em>Buki<\/em>, \u00bfA d\u00f3nde vamos a parar?<\/p>\n<p>M\u00e1xime, que este belicismo pol\u00edtico-medi\u00e1tico ciertamente roba c\u00e1mara por el simple hecho de que los contendientes pol\u00edticos y period\u00edsticos forman parte de la c\u00fapula de sus respectivos sectores, en tanto que las \u201cinfanter\u00edas\u201d, de uno y otro bando, ni se ven como adversarios y en ocasiones hasta tienen puntos de convergencia para \u201cllevarnola suave\u201d, con la esperanza de que \u201cpronto llegue la paz\u201d.<\/p>\n<p>Y es que en honor a la verdad, en ambos bandos deber\u00eda predominar la prudencia antes que la confrontaci\u00f3n, m\u00e1xime que uno tiene todo el poder pol\u00edtico para atacar y el otro, apenas con sus propias herramientas: horarios en medios electr\u00f3nicos o espacios en medios escritos.<\/p>\n<p>En la ruta tomada, ni al caso viene plantear la reflexi\u00f3n de que \u201cquien est\u00e9 libre de culpa que lance la primera piedra\u201d, a prop\u00f3sito de quien con mucha frecuencia invoca al cristianismo y a su fundador, bajo el amparo de que \u201cprimero los pobres\u201d, lo que no ha sido del todo cierto, sobre todo cuando vemos a quienes carentes de seguros privados o de servicios de gobierno, imploran dotaci\u00f3n de servicios, principalmente m\u00e9dicos y de medicamentos a \u00faltimas fechas.<\/p>\n<p>En la otra esquina, todas las empresas de todo tipo de medios, no s\u00f3lo en M\u00e9xico, sino en todo el mundo, nacieron, existen y muchas subsisten, no obstante la situaci\u00f3n econ\u00f3mica mundial que se vive -tambi\u00e9n en todo el mundo-, incluyendo el apoyo p\u00fablico por medio de sus anuncios y dem\u00e1s eventos que publicitan, en ocasiones hasta por el cumplimiento de la ley. Este es s\u00f3lo un m\u00ednimo ejemplo.<\/p>\n<p>Otra verdad es que hay medios, -electr\u00f3nicos, impresos y dem\u00e1s- que viven de la publicidad del sector privado o de \u201csus lectores o audiencias\u201d, pero tambi\u00e9n aceptan la publicaci\u00f3n de anuncios y dem\u00e1s promocionales oficiales, que el propio gobierno env\u00eda y se supone que observando todas las reglas legales existentes, pues las partes -gobierno y medios- as\u00ed lo exigen.<\/p>\n<p>Sabiendo la existencia y\u00a0 observancia de toda esa reglamentaci\u00f3n que por cierto cada vez es m\u00e1s larga y con\u00a0 obligatoriedad de cumplirla, so pena de quedar fuera de la lista de medios beneficiados con la \u201cpartida oficial\u201d, no tiene caso exhibir a nadie, salvo que con pruebas se constate haber ca\u00eddo en alguna irregularidad.<\/p>\n<p>Lo que pasa es que desde el p\u00falpito ma\u00f1anero se hace la denuncia y la averiguaci\u00f3n, qu\u00e9 esperar.<\/p>\n<p><em><a href=\"mailto:elefa44@gmail.com\" target=\"_blank\" rel=\"noopener noreferrer\">elefa44@gmail.com<\/a><\/em><\/p>\n","protected":false},"excerpt":{"rendered":"<p><span style=\"color: #005497;\"><strong>Eleazar Flores<\/strong><\/span><\/p>\n","protected":false},"author":3,"featured_media":0,"comment_status":"open","ping_status":"open","sticky":false,"template":"","format":"standard","meta":{"_monsterinsights_skip_tracking":false,"_monsterinsights_sitenote_active":false,"_monsterinsights_sitenote_note":"","_monsterinsights_sitenote_category":0,"footnotes":""},"categories":[81743],"tags":[81744,81776,43674],"class_list":["post-536614","post","type-post","status-publish","format-standard","hentry","category-eleazar-flores","tag-eleazar-flores","tag-espacio-electoral","tag-opinion"],"_links":{"self":[{"href":"https:\/\/www.diarioimagen.net\/index.php?rest_route=\/wp\/v2\/posts\/536614","targetHints":{"allow":["GET"]}}],"collection":[{"href":"https:\/\/www.diarioimagen.net\/index.php?rest_route=\/wp\/v2\/posts"}],"about":[{"href":"https:\/\/www.diarioimagen.net\/index.php?rest_route=\/wp\/v2\/types\/post"}],"author":[{"embeddable":true,"href":"https:\/\/www.diarioimagen.net\/index.php?rest_route=\/wp\/v2\/users\/3"}],"replies":[{"embeddable":true,"href":"https:\/\/www.diarioimagen.net\/index.php?rest_route=%2Fwp%2Fv2%2Fcomments&post=536614"}],"version-history":[{"count":0,"href":"https:\/\/www.diarioimagen.net\/index.php?rest_route=\/wp\/v2\/posts\/536614\/revisions"}],"wp:attachment":[{"href":"https:\/\/www.diarioimagen.net\/index.php?rest_route=%2Fwp%2Fv2%2Fmedia&parent=536614"}],"wp:term":[{"taxonomy":"category","embeddable":true,"href":"https:\/\/www.diarioimagen.net\/index.php?rest_route=%2Fwp%2Fv2%2Fcategories&post=536614"},{"taxonomy":"post_tag","embeddable":true,"href":"https:\/\/www.diarioimagen.net\/index.php?rest_route=%2Fwp%2Fv2%2Ftags&post=536614"}],"curies":[{"name":"wp","href":"https:\/\/api.w.org\/{rel}","templated":true}]}}