{"id":536726,"date":"2022-02-22T00:02:08","date_gmt":"2022-02-22T06:02:08","guid":{"rendered":"https:\/\/www.diarioimagen.net\/?p=536726"},"modified":"2022-02-22T23:21:50","modified_gmt":"2022-02-23T05:21:50","slug":"detenida-la-mujer-maravilla-por-trafico-de-personas-de-rumania-india-y-turquia","status":"publish","type":"post","link":"https:\/\/www.diarioimagen.net\/?p=536726","title":{"rendered":"Detenida, la \u201cMujer Maravilla\u201d por tr\u00e1fico de personas de Ruman\u00eda, India y Turqu\u00eda"},"content":{"rendered":"<p>&nbsp;<\/p>\n<ul>\n<li><em><strong>Operaba en los aeropuertos de la Ciudad de M\u00e9xico y Canc\u00fan<\/strong><\/em><\/li>\n<\/ul>\n<p>&nbsp;<\/p>\n<div id=\"attachment_536821\" style=\"width: 470px\" class=\"wp-caption aligncenter\"><a href=\"https:\/\/www.diarioimagen.net\/?attachment_id=536821\" rel=\"attachment wp-att-536821\"><img loading=\"lazy\" decoding=\"async\" aria-describedby=\"caption-attachment-536821\" class=\"size-full wp-image-536821\" src=\"https:\/\/www.diarioimagen.net\/wp-content\/uploads\/2022\/02\/MujerMaravilla.jpg\" alt=\"\" width=\"460\" height=\"270\" \/><\/a><p id=\"caption-attachment-536821\" class=\"wp-caption-text\">Estefan\u00eda \u201cN\u201d, conocida como la \u201cMujer Maravilla\u201d,manten\u00eda su centro de operaciones en los aeropuertos de la Ciudad de M\u00e9xico y Canc\u00fan, as\u00ed como en Hidalgo.<\/p><\/div>\n<p>&nbsp;<\/p>\n<p>Dentro de las las acciones de \u201cCero Impunidad\u201d, Ricardo Mej\u00eda Berdeja, subsecretario de Seguridad y Protecci\u00f3n Ciudadana, inform\u00f3 sobre la detenci\u00f3n de la \u201cMujer Maravilla\u201d, en Hidalgo, por tr\u00e1fico de personas de Ruman\u00eda, India y Turqu\u00eda, la cual ten\u00eda su centro de operaciones en los aeropuertos de la Ciudad de M\u00e9xico y Canc\u00fan.<\/p>\n<p>Mej\u00eda Berdeja destac\u00f3 tambi\u00e9n la detenci\u00f3n de \u201cDon Carlos\u201d, l\u00edder del C\u00e1rtel Jalisco Nueva Generaci\u00f3n, en Puerto Vallarta.<\/p>\n<p>Mej\u00eda Berdeja describi\u00f3 el caso de Estefan\u00eda \u201cN\u201d, conocida como la \u201cMujer Maravilla\u201d, quien fue detenida por el tr\u00e1fico de personas en Tulancingo, Hidalgo.<\/p>\n<p>El subsecretario de Seguridad se\u00f1al\u00f3 que en una operaci\u00f3n coordinada entre autoridades, el pasado 27 de enero se logr\u00f3 la detenci\u00f3n de \u201cMujer Maravilla\u201d y Kevin Daniel \u201cN\u201d, adem\u00e1s de 3 integrantes de su grupo delictivo vinculado al tr\u00e1fico de personas en Tulancingo.<\/p>\n<p>Entre las acciones que presuntamente lideraba \u201cMujer Maravilla\u201d, estaban la falsificaci\u00f3n de\u00a0 documentos oficiales mexicanos, mismos que proporcionaban a los migrantes al momento de ingresarlos al pa\u00eds.<\/p>\n<p>Se inform\u00f3 que Estefan\u00eda \u201cN\u201d contaba con una amplia red de lavado de dinero, a trav\u00e9s de la que adquir\u00edan empresas e inmuebles en Hidalgo, Veracruz y Ciudad de M\u00e9xico; as\u00ed como veh\u00edculos de alta gama.<\/p>\n<p>\u201cMujer Maravilla\u201d manten\u00eda su centro de operaciones en los aeropuertos de la Ciudad de M\u00e9xico y Canc\u00fan, as\u00ed como en el estado de Hidalgo; tambi\u00e9n contaba con operadores en Hidalgo, CDMX y Canc\u00fan.<\/p>\n<p>La captura de la \u201cMujer Maravilla\u201d se logr\u00f3 luego de ejecutar cateos en 7 inmuebles vinculados a esta organizaci\u00f3n delictiva en Tulancingo, y simult\u00e1neamente se efectu\u00f3 un cateo en un rancho en Tecolutla, Veracruz.<\/p>\n<p>Estefan\u00eda \u201cN\u201d y Kevin Daniel \u201cN\u201d son se\u00f1alados por fungir como l\u00edderes de un grupo dedicado al tr\u00e1fico de personas procedentes de Sudam\u00e9rica, Centroam\u00e9rica, Ruman\u00eda, India y Turqu\u00eda entre otros.<\/p>\n<p>Durante la detenci\u00f3n de \u201cMujer Maravilla\u201d se asegur\u00f3 dinero y divisas en efectivo; equipos telef\u00f3nicos; equipos de c\u00f3mputo; documentos (credenciales, pasaportes, visas, cartas, identificaciones ap\u00f3crifas); dos armas cortas; cartuchos de diversos calibres; cargadores y veh\u00edculos.<\/p>\n<p style=\"text-align: center;\"><strong>Investigaci\u00f3n de j\u00f3venes asesinados en Zacatecas<\/strong><\/p>\n<p>Sobre el asesinato de cinco j\u00f3venes que fueron privados de la libertad en un bar de Zacatecas, el subsecretario de Seguridad inform\u00f3 que ya hay cinco detenidos; dos mujeres y tres hombres.<\/p>\n<p>Seg\u00fan los avances de la investigaci\u00f3n, el 15 de febrero se realiz\u00f3 un cateo sobre un inmueble ubicado en la comunidad de \u201cLa Escondida\u201d, en Zacatecas capital, donde fueron detenidas 2 mujeres que fueron presentadas ante el Juez de Control para determinar su situaci\u00f3n jur\u00eddica.<\/p>\n<p>La noche del 17 y madrugada del 18 de febrero, en cumplimiento a una orden judicial de cateo en un fraccionamiento de Zacatecas capital, se detuvieron a 3 masculinos, una vez procesado el lugar, adem\u00e1s de otros indicios, fueron localizados exhumados otros dos cuerpos sin vida.<\/p>\n","protected":false},"excerpt":{"rendered":"<p>Dentro de las las acciones de \u201cCero Impunidad\u201d, Ricardo Mej\u00eda Berdeja, subsecretario de Seguridad y Protecci\u00f3n Ciudadana, inform\u00f3 sobre la detenci\u00f3n de la \u201cMujer Maravilla\u201d, en Hidalgo, por tr\u00e1fico de personas de Ruman\u00eda, India y Turqu\u00eda, la cual ten\u00eda su centro de operaciones en los aeropuertos de la Ciudad de M\u00e9xico y Canc\u00fan.<\/p>\n","protected":false},"author":3,"featured_media":536821,"comment_status":"open","ping_status":"open","sticky":false,"template":"","format":"standard","meta":{"_monsterinsights_skip_tracking":false,"_monsterinsights_sitenote_active":false,"_monsterinsights_sitenote_note":"","_monsterinsights_sitenote_category":0,"footnotes":""},"categories":[7],"tags":[16976,2155,14284,83831,43677,19127,3479],"class_list":["post-536726","post","type-post","status-publish","format-standard","has-post-thumbnail","hentry","category-seguridad","tag-captura","tag-india","tag-mujer-maravilla","tag-rumania","tag-seguridad","tag-trafico","tag-turquia"],"_links":{"self":[{"href":"https:\/\/www.diarioimagen.net\/index.php?rest_route=\/wp\/v2\/posts\/536726","targetHints":{"allow":["GET"]}}],"collection":[{"href":"https:\/\/www.diarioimagen.net\/index.php?rest_route=\/wp\/v2\/posts"}],"about":[{"href":"https:\/\/www.diarioimagen.net\/index.php?rest_route=\/wp\/v2\/types\/post"}],"author":[{"embeddable":true,"href":"https:\/\/www.diarioimagen.net\/index.php?rest_route=\/wp\/v2\/users\/3"}],"replies":[{"embeddable":true,"href":"https:\/\/www.diarioimagen.net\/index.php?rest_route=%2Fwp%2Fv2%2Fcomments&post=536726"}],"version-history":[{"count":0,"href":"https:\/\/www.diarioimagen.net\/index.php?rest_route=\/wp\/v2\/posts\/536726\/revisions"}],"wp:featuredmedia":[{"embeddable":true,"href":"https:\/\/www.diarioimagen.net\/index.php?rest_route=\/wp\/v2\/media\/536821"}],"wp:attachment":[{"href":"https:\/\/www.diarioimagen.net\/index.php?rest_route=%2Fwp%2Fv2%2Fmedia&parent=536726"}],"wp:term":[{"taxonomy":"category","embeddable":true,"href":"https:\/\/www.diarioimagen.net\/index.php?rest_route=%2Fwp%2Fv2%2Fcategories&post=536726"},{"taxonomy":"post_tag","embeddable":true,"href":"https:\/\/www.diarioimagen.net\/index.php?rest_route=%2Fwp%2Fv2%2Ftags&post=536726"}],"curies":[{"name":"wp","href":"https:\/\/api.w.org\/{rel}","templated":true}]}}