{"id":536736,"date":"2022-02-22T00:04:03","date_gmt":"2022-02-22T06:04:03","guid":{"rendered":"https:\/\/www.diarioimagen.net\/?p=536736"},"modified":"2022-02-22T05:20:09","modified_gmt":"2022-02-22T11:20:09","slug":"en-duda-la-candidatura-al-gobierno-de-edomex","status":"publish","type":"post","link":"https:\/\/www.diarioimagen.net\/?p=536736","title":{"rendered":"En duda, la candidatura al gobierno de Edomex"},"content":{"rendered":"<p>&nbsp;<\/p>\n<ul>\n<li><strong><em>Del Moral o Vargas del Villar<\/em><\/strong><\/li>\n<\/ul>\n<p>&nbsp;<\/p>\n<h6>Arturo Baena<\/h6>\n<p>&nbsp;<\/p>\n<div id=\"attachment_536853\" style=\"width: 470px\" class=\"wp-caption aligncenter\"><a href=\"https:\/\/www.diarioimagen.net\/?attachment_id=536853\" rel=\"attachment wp-att-536853\"><img loading=\"lazy\" decoding=\"async\" aria-describedby=\"caption-attachment-536853\" class=\"size-full wp-image-536853\" src=\"https:\/\/www.diarioimagen.net\/wp-content\/uploads\/2022\/02\/baena.jpg\" alt=\"\" width=\"460\" height=\"270\" \/><\/a><p id=\"caption-attachment-536853\" class=\"wp-caption-text\">Alejandra del Moral, del PRI, y Enrique Vargas del Villar, del PAN.<\/p><\/div>\n<p>&nbsp;<\/p>\n<p><strong>Valle de M\u00e9xico.\u2014<\/strong> Mientras que panistas, priistas y perredistas juran que la alianza para la gubernatura del Estado de M\u00e9xico, s\u00ed se llevar\u00e1 a cabo, la mayor\u00eda de dirigentes y militantes del tricolor aseguran que esta coalici\u00f3n no se concretar\u00e1, toda vez que, efectivamente, \u201chabr\u00e1 una lucha despiadada\u201d , por la candidatura.<\/p>\n<p>Mientras que el PAN se aferra por la nominaci\u00f3n del ahora presidente de la fracci\u00f3n panista en la C\u00e1mara de Diputados local, es decir, Enrique Vargas del Villar, el PRI, estar\u00eda ya pensando en impulsar a la ahora secretaria de Desarrollo Social, Alejandra del Moral, mientras que el PRD, afirma que su abanderado, estar\u00eda en la persona de Omar Ortega.<\/p>\n<p>Dirigentes pri\u00edstas como Ang\u00e9lica del Valle Mota, en Naucalpan, asegur\u00f3 que: \u201ctal y como lo expres\u00f3 nuestro dirigente nacional, Alejandro Moreno, el abanderado al Estado de M\u00e9xico surgir\u00e1 de las siglas del priismo, pues la fuerza pol\u00edtica, ha sido preponderante entre la ciudadan\u00eda de la entidad\u201d.<\/p>\n<p>Mientras tanto, el PAN, sigue impulsado la figura del ex alcalde de Huixquilucan y ahora coordinador de la fracci\u00f3n panista en el Congreso local, Enrique Vargas del Villar, quien, aseguran, cuenta con todo el apoyo del dirigente nacional, Marko Cort\u00e9s. Es decir, \u201ctrabajan en su proyecto\u201d y est\u00e1 sumando d\u00eda a d\u00eda m\u00e1s y m\u00e1s mexiquenses para que Enrique Vargas, sea el abanderado de la alianza.<\/p>\n<p>\u201c Sea quien sea, entre Enrique Vargas del Villar y Alejandra del Moral, tenemos que cerrar el paso al o la candidata de Morena. Si va Enrique o Alejandra, nos iremos sumando a su proyecto\u201d.<\/p>\n<p>Finalmente, el dirigente estatal del PAN en la entidad mexiquense, Anuar Azar, asegur\u00f3 que \u201capoyaremos a qui\u00e9n est\u00e9 mejor posicionado en el Estado de M\u00e9xico y eso sin duda (seg\u00fan encuestas) es Vargas del Villar\u201d, concluy\u00f3.<\/p>\n","protected":false},"excerpt":{"rendered":"<p>Mientras que panistas, priistas y perredistas juran que la alianza para la gubernatura del Estado de M\u00e9xico, s\u00ed se llevar\u00e1 a cabo, la mayor\u00eda de dirigentes y militantes del tricolor aseguran que esta coalici\u00f3n no se concretar\u00e1, toda vez que, efectivamente, \u201chabr\u00e1 una lucha despiadada\u201d , por la candidatura.<\/p>\n","protected":false},"author":3,"featured_media":536853,"comment_status":"open","ping_status":"open","sticky":false,"template":"","format":"standard","meta":{"_monsterinsights_skip_tracking":false,"_monsterinsights_sitenote_active":false,"_monsterinsights_sitenote_note":"","_monsterinsights_sitenote_category":0,"footnotes":""},"categories":[5],"tags":[17036,68,7196,34],"class_list":["post-536736","post","type-post","status-publish","format-standard","has-post-thumbnail","hentry","category-estado-de-mexico","tag-candidatura","tag-edomex","tag-gobierno","tag-valle-de-mexico"],"_links":{"self":[{"href":"https:\/\/www.diarioimagen.net\/index.php?rest_route=\/wp\/v2\/posts\/536736","targetHints":{"allow":["GET"]}}],"collection":[{"href":"https:\/\/www.diarioimagen.net\/index.php?rest_route=\/wp\/v2\/posts"}],"about":[{"href":"https:\/\/www.diarioimagen.net\/index.php?rest_route=\/wp\/v2\/types\/post"}],"author":[{"embeddable":true,"href":"https:\/\/www.diarioimagen.net\/index.php?rest_route=\/wp\/v2\/users\/3"}],"replies":[{"embeddable":true,"href":"https:\/\/www.diarioimagen.net\/index.php?rest_route=%2Fwp%2Fv2%2Fcomments&post=536736"}],"version-history":[{"count":0,"href":"https:\/\/www.diarioimagen.net\/index.php?rest_route=\/wp\/v2\/posts\/536736\/revisions"}],"wp:featuredmedia":[{"embeddable":true,"href":"https:\/\/www.diarioimagen.net\/index.php?rest_route=\/wp\/v2\/media\/536853"}],"wp:attachment":[{"href":"https:\/\/www.diarioimagen.net\/index.php?rest_route=%2Fwp%2Fv2%2Fmedia&parent=536736"}],"wp:term":[{"taxonomy":"category","embeddable":true,"href":"https:\/\/www.diarioimagen.net\/index.php?rest_route=%2Fwp%2Fv2%2Fcategories&post=536736"},{"taxonomy":"post_tag","embeddable":true,"href":"https:\/\/www.diarioimagen.net\/index.php?rest_route=%2Fwp%2Fv2%2Ftags&post=536736"}],"curies":[{"name":"wp","href":"https:\/\/api.w.org\/{rel}","templated":true}]}}