{"id":536763,"date":"2022-02-22T00:01:33","date_gmt":"2022-02-22T06:01:33","guid":{"rendered":"https:\/\/www.diarioimagen.net\/?p=536763"},"modified":"2022-02-22T23:21:46","modified_gmt":"2022-02-23T05:21:46","slug":"hay-reduccion-en-asesinatos-segun-cifras-del-gobierno-federal","status":"publish","type":"post","link":"https:\/\/www.diarioimagen.net\/?p=536763","title":{"rendered":"Hay reducci\u00f3n en asesinatos, seg\u00fan cifras del gobierno federal"},"content":{"rendered":"<p>&nbsp;<\/p>\n<ul>\n<li><strong><em>El mejor enero del sexenio: titular de la SSPC<\/em><\/strong><\/li>\n<\/ul>\n<p>&nbsp;<\/p>\n<div id=\"attachment_536881\" style=\"width: 470px\" class=\"wp-caption aligncenter\"><a href=\"https:\/\/www.diarioimagen.net\/?attachment_id=536881\" rel=\"attachment wp-att-536881\"><img loading=\"lazy\" decoding=\"async\" aria-describedby=\"caption-attachment-536881\" class=\"size-full wp-image-536881\" src=\"https:\/\/www.diarioimagen.net\/wp-content\/uploads\/2022\/02\/BAJAN-ASESINATOS.jpg\" alt=\"\" width=\"460\" height=\"270\" \/><\/a><p id=\"caption-attachment-536881\" class=\"wp-caption-text\">La secretaria de Seguridad y Protecci\u00f3n Ciudadana, Rosa Icela Rodr\u00edguez, indic\u00f3 que este ha sido el mejor enero en materia de seguridad de los \u00faltimos cinco a\u00f1os.<\/p><\/div>\n<p>&nbsp;<\/p>\n<p>La secretaria de Seguridad y Protecci\u00f3n Ciudadana, Rosa Icela Rodr\u00edguez Vel\u00e1zquez, afirm\u00f3 que hay \u201cbuenos resultados en materia de seguridad\u201d, al presentar el informe mensual correspondiente al mes de enero, ante el presidente Andr\u00e9s Manuel L\u00f3pez Obrador.<\/p>\n<p>Inform\u00f3 que la incidencia delictiva del fuero federal se redujo en 41.37 por ciento ya que cuando inici\u00f3 el gobierno en diciembre de 2018 se comet\u00edan 9 mil 62 delitos del fuero federal mientras que en enero de 2022 se registraron 5 mil 313.<\/p>\n<p>Indic\u00f3 que los delitos que van a la baja en el fuero federal son contra la salud, fiscales, financieros, los relacionados con arma de fuego y explosivos, a diferencia de los delitos patrimoniales (1.9 por ciento) y de delincuencia organizada que van a la alza (71.4 por ciento).<\/p>\n<p>En la conferencia de prensa matutina, subray\u00f3 que en el caso del homicidio doloso se tiene una baja de 14.4 por ciento.<\/p>\n<p>En los \u00faltimos nueve meses hay una tendencia sostenida a la baja del homicidio doloso, este enero es el mes m\u00e1s bajo en la incidencia de este delito en los \u00faltimos cinco a\u00f1os, en 2022 se inicia con una reducci\u00f3n de 14.4 por ciento en comparaci\u00f3n con enero de 2021 y de 19 por ciento con respecto a enero de 2020, dijo Rodr\u00edguez Vel\u00e1zquez<\/p>\n<p>Recalc\u00f3 que \u201cpor eso decimos que la estrategia de seguridad est\u00e1 funcionando y c\u00f3mo el homicidio doloso disminuy\u00f3 14.4 por ciento\u201d.<\/p>\n<p>De acuerdo a la informaci\u00f3n que se present\u00f3, los promedios diarios de homicidio dolosos fueron de 93 en enero de 2019; de 97 en enero de 2020, de 91 en enero de 2021 y de 79 en 2022.<\/p>\n<p>Refiri\u00f3 que seis entidades son las que concentran el mayor \u00edndice de homicidios dolosos, y en los 50 municipios prioritarios que concentran el 50 por ciento de los homicidios dolosos tienen una disminuci\u00f3n de 3.1 por ciento de agosto de 2020 a agosto de 2021 cuando inici\u00f3 el fortalecimiento en la estrategia.<\/p>\n<p>En la gr\u00e1fica que se present\u00f3, de los 50 municipios prioritarios por el registro de homicidios dolosos, 24 municipios registraron un incremento de 24.8 por ciento en promedio; un municipio no registr\u00f3 variaci\u00f3n y 25 municipios registraron una disminuci\u00f3n de 21.3 por ciento en promedio.<\/p>\n<p>Dijo que el robo total ha bajado 28 por ciento con respecto al mismo mes de 2019, sin embargo en comparaci\u00f3n con enero de 2021 subi\u00f3 5.6 por ciento.<\/p>\n<p>En la incidencia delictiva del fuero com\u00fan, dijo que se tiene una disminuci\u00f3n en el robo de ganado, robo a casa habitaci\u00f3n, robo transporte y robo en transporte p\u00fablico individual.<\/p>\n<p>En el caso del feminicidio baj\u00f3 32 por ciento y la violencia familiar tiene una baja de 27 por ciento respecto al m\u00e1ximo hist\u00f3rico de mayo del 2021 \u201cy se llevan ocho meses a la baja\u201d.<\/p>\n<p>Indic\u00f3 que tambi\u00e9n se tiene una baja en los delitos de extorsi\u00f3n y secuestro.<\/p>\n","protected":false},"excerpt":{"rendered":"<p>La secretaria de Seguridad y Protecci\u00f3n Ciudadana, Rosa Icela Rodr\u00edguez Vel\u00e1zquez, afirm\u00f3 que hay \u201cbuenos resultados en materia de seguridad\u201d, al presentar el informe mensual correspondiente al mes de enero, ante el presidente Andr\u00e9s Manuel L\u00f3pez Obrador.<\/p>\n","protected":false},"author":3,"featured_media":536881,"comment_status":"open","ping_status":"open","sticky":false,"template":"","format":"standard","meta":{"_monsterinsights_skip_tracking":false,"_monsterinsights_sitenote_active":false,"_monsterinsights_sitenote_note":"","_monsterinsights_sitenote_category":0,"footnotes":""},"categories":[7],"tags":[575,31292,85728,43677,84854],"class_list":["post-536763","post","type-post","status-publish","format-standard","has-post-thumbnail","hentry","category-seguridad","tag-asesinatos","tag-disminucion","tag-rosa-icela-rodriguez-velazquez","tag-seguridad","tag-seguridad-y-proteccion-ciudadana"],"_links":{"self":[{"href":"https:\/\/www.diarioimagen.net\/index.php?rest_route=\/wp\/v2\/posts\/536763","targetHints":{"allow":["GET"]}}],"collection":[{"href":"https:\/\/www.diarioimagen.net\/index.php?rest_route=\/wp\/v2\/posts"}],"about":[{"href":"https:\/\/www.diarioimagen.net\/index.php?rest_route=\/wp\/v2\/types\/post"}],"author":[{"embeddable":true,"href":"https:\/\/www.diarioimagen.net\/index.php?rest_route=\/wp\/v2\/users\/3"}],"replies":[{"embeddable":true,"href":"https:\/\/www.diarioimagen.net\/index.php?rest_route=%2Fwp%2Fv2%2Fcomments&post=536763"}],"version-history":[{"count":0,"href":"https:\/\/www.diarioimagen.net\/index.php?rest_route=\/wp\/v2\/posts\/536763\/revisions"}],"wp:featuredmedia":[{"embeddable":true,"href":"https:\/\/www.diarioimagen.net\/index.php?rest_route=\/wp\/v2\/media\/536881"}],"wp:attachment":[{"href":"https:\/\/www.diarioimagen.net\/index.php?rest_route=%2Fwp%2Fv2%2Fmedia&parent=536763"}],"wp:term":[{"taxonomy":"category","embeddable":true,"href":"https:\/\/www.diarioimagen.net\/index.php?rest_route=%2Fwp%2Fv2%2Fcategories&post=536763"},{"taxonomy":"post_tag","embeddable":true,"href":"https:\/\/www.diarioimagen.net\/index.php?rest_route=%2Fwp%2Fv2%2Ftags&post=536763"}],"curies":[{"name":"wp","href":"https:\/\/api.w.org\/{rel}","templated":true}]}}