{"id":536779,"date":"2022-02-22T00:08:55","date_gmt":"2022-02-22T06:08:55","guid":{"rendered":"https:\/\/www.diarioimagen.net\/?p=536779"},"modified":"2022-02-22T01:52:16","modified_gmt":"2022-02-22T07:52:16","slug":"marko-cortes-y-la-ausencia-de-lideres","status":"publish","type":"post","link":"https:\/\/www.diarioimagen.net\/?p=536779","title":{"rendered":"Marko Cort\u00e9s y la ausencia de l\u00edderes"},"content":{"rendered":"<h2>Punto por punto<\/h2>\n<h5>Augusto Corro<\/h5>\n<p>&nbsp;<\/p>\n<p>Hace varios meses el l\u00edder nacional del Partido Acci\u00f3n Nacional (PAN), Marko Cort\u00e9s vaticin\u00f3 que ser\u00edan derrotados en los cinco estados en los que habr\u00e1 elecciones este a\u00f1o, y que \u00fanicamente, los blanquiazules ganar\u00edan en Aguascalientes.<\/p>\n<p>En el presente a\u00f1o elegir\u00e1n nuevo gobernador, adem\u00e1s de Aguascalientes, en Oaxaca, Durango, Hidalgo, Quintana Roo y Tamaulipas.<\/p>\n<p>El dirigente panista declar\u00f3 en una entrevista que el PAN est\u00e1 unido y fuerte y que van por la gubernatura de los seis estados. Ahora se ignora en qu\u00e9 escenario pol\u00edtico se mueve Marko Cort\u00e9s que ve el cambio en su partido en unos cuantos meses.<\/p>\n<p>Sin embargo, la realidad es que Acci\u00f3n Nacional sigue en la lona desde las \u00faltimas elecciones presidenciales; pues pas\u00f3 a formar parte de los derrotados junto con el Partido Revolucionario Institucional (PRI) y el Partido de la Revoluci\u00f3n Democr\u00e1tica (PRD).<\/p>\n<p>En la alianza con otros partidos, sus \u00fanicos triunfos de relativa importancia se registraron en la Ciudad de M\u00e9xico, en las elecciones intermedias. De ah\u00ed que llame la atenci\u00f3n Marko Cort\u00e9s sobre sus declaraciones optimistas.<\/p>\n<p>Eso de decir que el PAN va por todas las gubernaturas nadie lo cree. Y existen razones para afirmarlo. PAN, PRI y PRD forman una unidad de partidos casi desahuciados. Tres a\u00f1os del gobierno morenista tienen a la oposici\u00f3n pol\u00edtica anulada. No ha podido despertar.<\/p>\n<p>Esos opositores ni siquiera han aprovechado que el partido Movimiento Regeneraci\u00f3n Nacional siga aletargado. Como si no existiera. Con un apoyo al presidente L\u00f3pez Obrador que no se nota. El tabasque\u00f1o ha enfrentado los ataques de sus adversarios con puros discursos.<\/p>\n<p>Quiz\u00e1s la casi nula actividad de Morena llev\u00f3 a Marko Cort\u00e9s a pensar que las cosas mejorar\u00e1n para los candidatos panistas que participar\u00e1n en la pr\u00f3xima contienda electoral, algo que no ser\u00e1 f\u00e1cil.<\/p>\n<p>Por ejemplo, en el estado de Hidalgo, que era un baluarte del priismo, las \u201cgrillas\u201d internas tienen al PRI muy cerca de la derrota. En Oaxaca ocurre lo mismo. En Aguascalientes es relativamente distinto. De ah\u00ed que las declaraciones del dirigente panista suenen a chiste de mal gusto.<\/p>\n<p>Por otra parte, la oposici\u00f3n pol\u00edtica est\u00e1 desaparecida. Se conforma con simulacros de protesta que no funcionan. Aunque, el excandidato presidencial panista, Ricardo Anaya, no quite el dedo del rengl\u00f3n en sus ataques al mandatario tabasque\u00f1o.<\/p>\n<p>En su videomensaje semanal, el blanquiazul Anaya hizo un llamado a defender la libertad de expresi\u00f3n y acabar con la violencia. Palabras que as\u00ed como llegan se desvanecen. Otros opositores, cartuchos quemados, tienen discursos que no llaman la atenci\u00f3n.<\/p>\n<p>En esa condici\u00f3n se colocan las declaraciones de los expresidentes Vicente Fox y Felipe Calder\u00f3n que est\u00e1n en las redes sociales sin pena ni gloria. Le sucede igual al \u201cJefe Diego\u201d Fern\u00e1ndez de Cevallos. Pero esa ausencia de l\u00edderes no es exclusiva de Acci\u00f3n Nacional.<\/p>\n<p>Esa falta de dirigentes incluye tambi\u00e9n al PRI y al PRD. En recientes im\u00e1genes de el \u201cChucho\u201d Jes\u00fas Zambrano, presidente del sol azteca, al lado de un candidato, solo lleva a pensar si realmente la presencia del perredista favorece a alguien.<\/p>\n<p>\u00bfQui\u00e9n con un poco de informaci\u00f3n va a apoyar a los perredistas que convirtieron a su partido en una extensi\u00f3n del PRI? O el propio PRI que a\u00fan no puede sacudirse a su l\u00edder, el controvertido Alejandro Moreno.<\/p>\n<p>Esa ausencia de dirigentes es aprovechada por el partido Movimiento Ciudadano que m\u00e1s que partido pol\u00edtico parece una agencia de colocaciones de artistas. As\u00ed lo vimos en la candidatura de Roberto Palazuelos, que para fortuna de los quintanarroenses no ser\u00e1 candidato a la gubernatura.<\/p>\n<p>En t\u00e9rminos generales, escasean los l\u00edderes pol\u00edticos y a la oposici\u00f3n le urge conseguir un representante que la active, que se vea que sigue viva.<\/p>\n<p>\u00bfUsted qu\u00e9 opina amable lector?<\/p>\n<p><a href=\"mailto:aco2742@hotmail.com\" target=\"_blank\" rel=\"noopener noreferrer\"><em>aco2742@hotmail.com<\/em><\/a><\/p>\n","protected":false},"excerpt":{"rendered":"<p><span style=\"color: #005497;\"><strong>Augusto Corro<\/strong><\/span><\/p>\n","protected":false},"author":3,"featured_media":0,"comment_status":"open","ping_status":"open","sticky":false,"template":"","format":"standard","meta":{"_monsterinsights_skip_tracking":false,"_monsterinsights_sitenote_active":false,"_monsterinsights_sitenote_note":"","_monsterinsights_sitenote_category":0,"footnotes":""},"categories":[157],"tags":[43686,43674,11515],"class_list":["post-536779","post","type-post","status-publish","format-standard","hentry","category-augusto-corro","tag-augusto-corro","tag-opinion","tag-punto-por-punto"],"_links":{"self":[{"href":"https:\/\/www.diarioimagen.net\/index.php?rest_route=\/wp\/v2\/posts\/536779","targetHints":{"allow":["GET"]}}],"collection":[{"href":"https:\/\/www.diarioimagen.net\/index.php?rest_route=\/wp\/v2\/posts"}],"about":[{"href":"https:\/\/www.diarioimagen.net\/index.php?rest_route=\/wp\/v2\/types\/post"}],"author":[{"embeddable":true,"href":"https:\/\/www.diarioimagen.net\/index.php?rest_route=\/wp\/v2\/users\/3"}],"replies":[{"embeddable":true,"href":"https:\/\/www.diarioimagen.net\/index.php?rest_route=%2Fwp%2Fv2%2Fcomments&post=536779"}],"version-history":[{"count":0,"href":"https:\/\/www.diarioimagen.net\/index.php?rest_route=\/wp\/v2\/posts\/536779\/revisions"}],"wp:attachment":[{"href":"https:\/\/www.diarioimagen.net\/index.php?rest_route=%2Fwp%2Fv2%2Fmedia&parent=536779"}],"wp:term":[{"taxonomy":"category","embeddable":true,"href":"https:\/\/www.diarioimagen.net\/index.php?rest_route=%2Fwp%2Fv2%2Fcategories&post=536779"},{"taxonomy":"post_tag","embeddable":true,"href":"https:\/\/www.diarioimagen.net\/index.php?rest_route=%2Fwp%2Fv2%2Ftags&post=536779"}],"curies":[{"name":"wp","href":"https:\/\/api.w.org\/{rel}","templated":true}]}}