{"id":536786,"date":"2022-02-22T00:17:15","date_gmt":"2022-02-22T06:17:15","guid":{"rendered":"https:\/\/www.diarioimagen.net\/?p=536786"},"modified":"2022-03-01T02:19:30","modified_gmt":"2022-03-01T08:19:30","slug":"traidores","status":"publish","type":"post","link":"https:\/\/www.diarioimagen.net\/?p=536786","title":{"rendered":"\u00bfTraidores?"},"content":{"rendered":"<h2>Caleidoscopio<\/h2>\n<h5>Guillermina G\u00f3mora Ord\u00f3\u00f1ez<\/h5>\n<p>&nbsp;<\/p>\n<p>A casi 4 semanas de que se dio a conocer la investigaci\u00f3n de la \u201ccasa gris\u201d en Houston, Texas, donde se acusa un supuesto conflicto de inter\u00e9s en el que estar\u00eda involucrado el hijo mayor del presidente <strong>Andr\u00e9s Manuel L\u00f3pez Obrador, <\/strong>los demonios andan sueltos<strong>.<\/strong><\/p>\n<p><strong>\u00a0<\/strong>La bancada de Morena en el Senado acusa a los opositores al gobierno de la #4T de \u201cmercenarios\u201d y traidores a la patria\u201d. En una carta publicada, argumentan:<\/p>\n<p>\u201cLas senadoras y los senadores de Morena, estaremos apoyando de manera incondicional al Presidente de la Rep\u00fablica, quien simboliza los ideales de la naci\u00f3n, de la patria, del pueblo, de la independencia, de la soberan\u00eda, de los intereses y del bienestar nacional, por ende, los que se oponen al Presidente de M\u00e9xico no son m\u00e1s que un pu\u00f1ado de mercenarios que al ver sus privilegios mancillados, luchan con todo su poder econ\u00f3mico para que prevalezca el viejo r\u00e9gimen en el que podr\u00edan hacer sus negocios sucios en la obscuridad. Son \u00a1unos traidores a la naci\u00f3n, a la patria y al pueblo!\u201d.<\/p>\n<p>De modo que convendr\u00eda preguntar a los representantes del pueblo &#8211;<strong>senadores de Morena<\/strong>&#8211; si sus electores que exigen el cumplimiento de sus derechos entran en estas categor\u00edas.<\/p>\n<p>Para empezar, est\u00e1n los miles de enfermos que padecen el peor desabasto de medicamentos en M\u00e9xico. En lo que va de la administraci\u00f3n han muerto m\u00e1s de 3 mil ni\u00f1os y ni\u00f1as porque no recibieron sus tratamientos. <strong>Israel Rivas,<\/strong> <strong>vocero de la<\/strong> <strong>Asociaci\u00f3n de Padres de Familia de Ni\u00f1os Enfermos A.C<\/strong>, advierte: \u201cNosotros los que tenemos hijos con c\u00e1ncer estamos pagando los platos rotos de un gobierno que est\u00e1 peleado con la industria farmac\u00e9utica\u201d.<\/p>\n<p>\u00bfEstas personas son \u201ctraidores\u201d por demandar su derecho a la protecci\u00f3n de la salud?<\/p>\n<p>\u00bfY c\u00f3mo calificar a las familias de los casi 100 mil desaparecidos en M\u00e9xico que exigen justicia y apoyo al Presidente para investigar?<\/p>\n<p><strong>Ceci Flores, presidenta del colectivo<\/strong> <strong>Madres Buscadoras de Sonora, <\/strong>ha denunciado: \u201cTenemos a\u00f1os pidiendo dialogar con usted. Tal pareciera que el tema de los desaparecidos es un tema que para usted y su gobierno no existen. Triste y doloroso para quienes confiamos en usted tantos a\u00f1os\u201d.<\/p>\n<p>\u00bfEntrar\u00e1n en la categor\u00eda de \u201cmercenarios\u201d o de \u201ctraidores\u201d?<\/p>\n<p>En este recuento tambi\u00e9n cuentan la m\u00e1s de 105 mil v\u00edctimas de asesinato en el primer trienio de la actual administraci\u00f3n. La estrategia de seguridad de \u201cabrazos, no balazos\u201d, fall\u00f3.<\/p>\n<p>La ausencia del Estado de Derecho cobra vidas todos los d\u00edas. La estrategia basada en el despliegue masivo de tropas federales no ha logrado contener la inseguridad en el pa\u00eds. De acuerdo con la <strong>Comisi\u00f3n Mexicana de Defensa y Promoci\u00f3n de los Derechos Humanos <\/strong>entre 2020 y 2021 se registraron 37,000 desplazados en M\u00e9xico, por la violencia.<\/p>\n<p>\u00bfSon traidores los m\u00e1s de cien mil muertos y los desplazados a los que el Estado no les garantiz\u00f3 seguridad?<\/p>\n<p>Otro de los grupos inc\u00f3modos de la presente administraci\u00f3n son las mujeres (aunque representen el 51% del padr\u00f3n electoral), el presidente L\u00f3pez Obrador ha dicho que el movimiento feminista mexicano quiere \u201cafectar\u201d su Gobierno y las califica de \u201cconservadoras\u201d.<\/p>\n<p>La #4T llega a la mitad de su sexenio con la asignatura pendiente de acabar con la violencia feminicida. De enero a noviembre de 2021 en M\u00e9xico fueron asesinadas 3,462 mujeres, un promedio de 10 al d\u00eda. Los feminicidios se han disparado por la pandemia y los recortes presupuestarios a los programas de apoyo y de protecci\u00f3n a este sector.<\/p>\n<p>Entre enero de 2019 y noviembre de 2021, el feminicidio aument\u00f3 4.11%. \u00bfQu\u00e9 etiqueta le colgar\u00e1n las senadoras de Morena que suscriben la carta de apoyo al presidente, a las feministas? \u00bfTraidoras o mercenarias?<\/p>\n<p>Dicen los legisladores de Morena que \u201cse est\u00e1n sentando las bases para la construcci\u00f3n de un nuevo M\u00e9xico, m\u00e1s justo y solidario\u201d, pero la polarizaci\u00f3n diaria que se promueve todos los d\u00edas desde el p\u00falpito de Palacio Nacional ha colocado a los medios de comunicaci\u00f3n en una situaci\u00f3n vulnerable.<\/p>\n<p>En lo que va de 2022, cinco periodistas fueron asesinados. Hasta octubre de 2021, la Secretar\u00eda de Gobernaci\u00f3n (Segob), en su reporte, \u201cAgravios contra personas defensoras de derechos humanos y periodistas\u201d, daba cuenta de 47 comunicadores y 94 defensores de derechos humanos asesinados en tres a\u00f1os de administraci\u00f3n.<\/p>\n<p>La Segob tiene identificado el perfil de quienes agreden a los periodistas en M\u00e9xico: el 43% son servidores p\u00fablicos y el 33%, miembros de la delincuencia organizada.<\/p>\n<p>\u00bfDe verdad quieren los legisladores de Morena -representantes del pueblo- alentar la pol\u00edtica de las etiquetas que polarizan, confrontan y promueven la violencia? \u00bfA qui\u00e9n sirve la creaci\u00f3n de facciones guerrilleras?<\/p>\n<p>\u00bfNo ser\u00eda mejor que los legisladores, desde el Congreso, sean los agentes transformadores para la soluci\u00f3n pac\u00edfica de los conflictos en M\u00e9xico?<\/p>\n<p style=\"text-align: center;\"><strong>VERICUNTOS<\/strong><\/p>\n<p style=\"text-align: center;\"><strong>Empresarios inseguros<\/strong><\/p>\n<p>La militarizaci\u00f3n del pa\u00eds no da resultados. Los empresarios agrupados en la <strong>Coparmex <\/strong>revelaron que, al tercer cuatrimestre de 2021, una de cada 2 empresas ha sido v\u00edctima de alg\u00fan delito. Los estados m\u00e1s afectados son: <strong>Zacatecas, Tabasco, Oaxaca, Jalisco y Nuevo Le\u00f3n<\/strong>. El estudio <strong>\u201cData Coparmex<\/strong>\u201d arroja que las principales fallas de los gobiernos estatales son la corrupci\u00f3n, la impunidad, infraestructura y servicios p\u00fablicos deficientes. <strong>\u00bfAlguien que responda en el gobierno?<\/strong><\/p>\n<p><a href=\"https:\/\/twitter.com\/guillegomora?lang=es\" target=\"_blank\" rel=\"noopener\"><em>@guillegomora<\/em><\/a><\/p>\n","protected":false},"excerpt":{"rendered":"<p><span style=\"color: #005497;\"><strong>Guillermina G\u00f3mora Ord\u00f3\u00f1ez<\/strong><\/span<\/span><\/p>\n","protected":false},"author":3,"featured_media":0,"comment_status":"open","ping_status":"open","sticky":false,"template":"","format":"standard","meta":{"_monsterinsights_skip_tracking":false,"_monsterinsights_sitenote_active":false,"_monsterinsights_sitenote_note":"","_monsterinsights_sitenote_category":0,"footnotes":""},"categories":[58361],"tags":[58362,58363,43674],"class_list":["post-536786","post","type-post","status-publish","format-standard","hentry","category-guillermina-gomora-ordonez","tag-caleidoscopio","tag-guillermina-gomora-ordonez","tag-opinion"],"_links":{"self":[{"href":"https:\/\/www.diarioimagen.net\/index.php?rest_route=\/wp\/v2\/posts\/536786","targetHints":{"allow":["GET"]}}],"collection":[{"href":"https:\/\/www.diarioimagen.net\/index.php?rest_route=\/wp\/v2\/posts"}],"about":[{"href":"https:\/\/www.diarioimagen.net\/index.php?rest_route=\/wp\/v2\/types\/post"}],"author":[{"embeddable":true,"href":"https:\/\/www.diarioimagen.net\/index.php?rest_route=\/wp\/v2\/users\/3"}],"replies":[{"embeddable":true,"href":"https:\/\/www.diarioimagen.net\/index.php?rest_route=%2Fwp%2Fv2%2Fcomments&post=536786"}],"version-history":[{"count":0,"href":"https:\/\/www.diarioimagen.net\/index.php?rest_route=\/wp\/v2\/posts\/536786\/revisions"}],"wp:attachment":[{"href":"https:\/\/www.diarioimagen.net\/index.php?rest_route=%2Fwp%2Fv2%2Fmedia&parent=536786"}],"wp:term":[{"taxonomy":"category","embeddable":true,"href":"https:\/\/www.diarioimagen.net\/index.php?rest_route=%2Fwp%2Fv2%2Fcategories&post=536786"},{"taxonomy":"post_tag","embeddable":true,"href":"https:\/\/www.diarioimagen.net\/index.php?rest_route=%2Fwp%2Fv2%2Ftags&post=536786"}],"curies":[{"name":"wp","href":"https:\/\/api.w.org\/{rel}","templated":true}]}}