{"id":536791,"date":"2022-02-22T00:08:00","date_gmt":"2022-02-22T06:08:00","guid":{"rendered":"https:\/\/www.diarioimagen.net\/?p=536791"},"modified":"2022-02-28T07:48:55","modified_gmt":"2022-02-28T13:48:55","slug":"tres-horas-para-pasar-migracion-aeropuerto-internacional-de-cancun","status":"publish","type":"post","link":"https:\/\/www.diarioimagen.net\/?p=536791","title":{"rendered":"Tres horas para pasar Migraci\u00f3n: Aeropuerto Internacional de Canc\u00fan"},"content":{"rendered":"<h2>Detr\u00e1s del Poder<\/h2>\n<h5>Jos\u00e9 Antonio L\u00f3pez Sosa<\/h5>\n<p>&nbsp;<\/p>\n<p>El pasado domingo, los visitantes internacionales que llegaron al Aeropuerto Internacional de Canc\u00fan, en su Terminal 3 (operado por Asur), vivieron una p\u00e9sima experiencia al esperar por m\u00e1s de tres horas en algunos casos, para pasar el filtro migratorio, la raz\u00f3n fue que s\u00f3lo dos ventanillas de Instituto Nacional de Migraci\u00f3n (INAMI) estaban habilitadas para la revisi\u00f3n de pasaportes y visados.<\/p>\n<p>Estamos hablando del destino tur\u00edstico m\u00e1s importante del pa\u00eds, de una de las fronteras m\u00e1s concurridas y de un ente, el Instituto Nacional de Migraci\u00f3n, cuya responsabilidad es mantener un acceso seguro y ordenado a nuestro pa\u00eds.<\/p>\n<p>Las revisiones migratorias suelen ser tediosas y ocupar m\u00e1s tiempo del esperado, son cosas de seguridad nacional en los distintos pa\u00edses del mundo, sin embargo, que el retraso sea por falta de personal burocr\u00e1tico representa uno de los retrocesos m\u00e1s grandes en materia tur\u00edstica y tambi\u00e9n, de seguridad del estado.<\/p>\n<p>El Instituto Nacional de Migraci\u00f3n tiene la estad\u00edstica clara de cu\u00e1ntos pasajeros cruzan por las fronteras terrestres y a\u00e9reas, adem\u00e1s cobran un derecho de no inmigrante por cada extranjero que ingresa a territorio nacional, \u00bfpor qu\u00e9 entonces no hay personal suficiente para dar la atenci\u00f3n a los nacionales y extranjeros que requieren un ingreso ordenado a M\u00e9xico?<\/p>\n<p>Ignoro si las autoridades aeroportuarias hayan notificado al INAMI, dado que son entidades distintas, quien posee el aeropuerto y quien admite extranjeros, pero al final, el viajero lo ve como un trabajo conjunto.<\/p>\n<p>Escenas como las del domingo, dejan a M\u00e9xico en muy mala posici\u00f3n frente a sus competidores internacionales.<\/p>\n<p style=\"text-align: center;\"><strong>Revisiones disparejas<\/strong><\/p>\n<p>A pesar que hay un s\u00f3lo reglamento del Instituto Nacional de Migraci\u00f3n, las revisiones son diferentes de acuerdo al lugar y al personal adscrito: En el AICM y en la frontera norte por ejemplo, no se revisa ni sella el pasaporte al abandonar el pa\u00eds, sin embargo en la frontera sur y en aeropuertos como el de Chihuahua, s\u00ed hacen una revisi\u00f3n exhaustiva.<\/p>\n<p><em><a href=\"http:\/\/www.lopezsosa.com\" target=\"_blank\" rel=\"noopener\">www.lopezsosa.com<\/a><\/em><br \/>\n<em><a href=\"mailto:joseantonio@lopezsosa.com\" target=\"_blank\" rel=\"noopener\">joseantonio@lopezsosa.com<\/a><\/em><br \/>\n<em><a href=\"http:\/\/twitter.com\/joseantonio1977\" target=\"_blank\" rel=\"noopener\">@joseantonio197<\/a><\/em><\/p>\n","protected":false},"excerpt":{"rendered":"<p><span style=\"color: #005497;\"><strong>Jos\u00e9 Antonio L\u00f3pez Sosa<\/strong><\/span><\/p>\n","protected":false},"author":3,"featured_media":0,"comment_status":"open","ping_status":"open","sticky":false,"template":"","format":"standard","meta":{"_monsterinsights_skip_tracking":false,"_monsterinsights_sitenote_active":false,"_monsterinsights_sitenote_note":"","_monsterinsights_sitenote_category":0,"footnotes":""},"categories":[637],"tags":[638,43690,43674],"class_list":["post-536791","post","type-post","status-publish","format-standard","hentry","category-jose-antonio-lopez-sosa","tag-detras-del-poder","tag-jose-antonio-lopez-sosa","tag-opinion"],"_links":{"self":[{"href":"https:\/\/www.diarioimagen.net\/index.php?rest_route=\/wp\/v2\/posts\/536791","targetHints":{"allow":["GET"]}}],"collection":[{"href":"https:\/\/www.diarioimagen.net\/index.php?rest_route=\/wp\/v2\/posts"}],"about":[{"href":"https:\/\/www.diarioimagen.net\/index.php?rest_route=\/wp\/v2\/types\/post"}],"author":[{"embeddable":true,"href":"https:\/\/www.diarioimagen.net\/index.php?rest_route=\/wp\/v2\/users\/3"}],"replies":[{"embeddable":true,"href":"https:\/\/www.diarioimagen.net\/index.php?rest_route=%2Fwp%2Fv2%2Fcomments&post=536791"}],"version-history":[{"count":0,"href":"https:\/\/www.diarioimagen.net\/index.php?rest_route=\/wp\/v2\/posts\/536791\/revisions"}],"wp:attachment":[{"href":"https:\/\/www.diarioimagen.net\/index.php?rest_route=%2Fwp%2Fv2%2Fmedia&parent=536791"}],"wp:term":[{"taxonomy":"category","embeddable":true,"href":"https:\/\/www.diarioimagen.net\/index.php?rest_route=%2Fwp%2Fv2%2Fcategories&post=536791"},{"taxonomy":"post_tag","embeddable":true,"href":"https:\/\/www.diarioimagen.net\/index.php?rest_route=%2Fwp%2Fv2%2Ftags&post=536791"}],"curies":[{"name":"wp","href":"https:\/\/api.w.org\/{rel}","templated":true}]}}