{"id":536799,"date":"2022-02-22T00:07:23","date_gmt":"2022-02-22T06:07:23","guid":{"rendered":"https:\/\/www.diarioimagen.net\/?p=536799"},"modified":"2022-02-22T02:11:10","modified_gmt":"2022-02-22T08:11:10","slug":"la-auditoria-superior-de-la-federacion-no-logra-aun-erradicar-corrupcion","status":"publish","type":"post","link":"https:\/\/www.diarioimagen.net\/?p=536799","title":{"rendered":"La Auditor\u00eda Superior de la Federaci\u00f3n no logra a\u00fan erradicar corrupci\u00f3n"},"content":{"rendered":"<h2>Clase Pol\u00edtica<\/h2>\n<h5>Miguel \u00c1ngel Rivera<\/h5>\n<p>&nbsp;<\/p>\n<p>\u201cCuando los servidores p\u00fablicos o los particulares no atiendan los requerimientos a que se refiere este art\u00edculo, salvo que exista disposici\u00f3n legal o mandato judicial que se los impida, los titulares de las \u00e1reas responsables de la pr\u00e1ctica de las auditor\u00edas y visitas de la Auditor\u00eda Superior de la Federaci\u00f3n podr\u00e1n imponerles una multa m\u00ednima de 650 a una m\u00e1xima de 2000 d\u00edas de salario m\u00ednimo diario general vigente en el Distrito Federal. La reincidencia se sancionar\u00e1 con una multa hasta del doble de la ya impuesta, sin perjuicio de que se deba atender el requerimiento respectivo.<\/p>\n<p>\u201cTambi\u00e9n se aplicar\u00e1n las multas previstas en este art\u00edculo a los terceros que hubieran contratado obra p\u00fablica, bienes o servicios mediante cualquier t\u00edtulo legal con las entidades fiscalizadas, cuando no entreguen la documentaci\u00f3n e informaci\u00f3n que les requiera la Auditor\u00eda Superior de la Federaci\u00f3n.<\/p>\n<p>\u201cNo se impondr\u00e1n las multas a que se refiere este art\u00edculo, cuando el incumplimiento por parte de los servidores p\u00fablicos o particulares se derive de causas ajenas a su responsabilidad. Las multas establecidas en esta Ley tendr\u00e1n el car\u00e1cter de cr\u00e9ditos fiscales y se fijar\u00e1n en cantidad l\u00edquida.<\/p>\n<p>\u201cLa Tesorer\u00eda de la Federaci\u00f3n se encargar\u00e1 de hacer efectivo su cobro en t\u00e9rminos de las disposiciones aplicables\u201d.<\/p>\n<p>As\u00ed dice el art\u00edculo 15 de la\u00a0 Ley de Fiscalizaci\u00f3n y Rendici\u00f3n de Cuentas de la Federaci\u00f3n, la cual establece, como se aprecia, las sanciones que puede aplicar la Auditor\u00eda Superior de la Federaci\u00f3n a quienes se apropian, desv\u00edan o no aplican bien los recursos que les pone a su cuidado la Tesorer\u00eda de la Federaci\u00f3n, ya sea directamente o a trav\u00e9s de gobiernos estatales y municipales o por transferencias a los poderes Judicial y Legislativo, as\u00ed como a los \u00f3rganismo aut\u00f3nomos.<\/p>\n<p>Se supone que esa instituci\u00f3n, la Auditor\u00eda Federal de la Federaci\u00f3n (ASF) es la encargada de vigilar el debido cumplimiento y aplicaci\u00f3n de los programas y las obras que se realizan con recursos federales y de no realizarse como es debido, debe iniciar los procedimientos para que los culpables de desv\u00edos o apropiaciones indebidas retribuyan lo que no fue debidamente aplicado y adem\u00e1s reciban las sanciones correspondientes.<\/p>\n<p>Pero como se ve, ni esa Ley ni otros ordenamientos destinados a evitar desv\u00edos o apropiamiento ilegal de recursos han sido suficientes para contener la codicia de quienes se enriquecen ilegalmente ni para erradicar los errores y omisiones de funcionarios que carecen de la debida capacitaci\u00f3n para desempe\u00f1ar los cargos que se les asignan.<\/p>\n<p>Para empezar, adem\u00e1s de aplicar multas y otras sanciones, la ASF tiene como misi\u00f3n central conseguir que se devuelva o se reponga lo mal empleado.<\/p>\n<p>As\u00ed, la p\u00e1gina de Internet de la ASF informa que, al pasado 31 de diciembre de 2021, gracias a la revisi\u00f3n de las cuentas p\u00fablicas (la forma como se ejercieron los presupuestos federales) de 2001 a 2019 se logr\u00f3 una recuperaci\u00f3n de poco m\u00e1s de 137 millones de pesos, correspondientes al Poder Legislativo, de casi 300 millones de pesos del Poder Judicial y 41 mil 732.8 millones de pesos del Poder Ejecutivo, pero todav\u00eda fue m\u00e1s de las entidades federativas, municipios y alcald\u00edas, que lleg\u00f3 a un total de 80 mil 979.4.<\/p>\n<p>Unidad de Medida y Actualizaci\u00f3n UMA es de 96.22 pesos mexicanos; el valor mensual de 2 mil 925.09 pesos y el anual de 35 mil 101.08 pesos; estos valores entran en vigor a partir del 1\u00b0 de febrero de 2022\u2033, inform\u00f3 el Inegi en un comunicado.<\/p>\n<p style=\"text-align: center;\"><strong>Parece mucho, pero se recupera poco de los desv\u00edos<\/strong><\/p>\n<p>De tomarse en cuenta s\u00f3lo esas cifras, sin mayor referencia o comparaci\u00f3n, se puede considerar que la ASF ha logrado contener la acci\u00f3n de los funcionarios corruptos que dice el presidente Andr\u00e9s Manuel L\u00f3pez Obrador que ya no existen, pero no es as\u00ed.<\/p>\n<p>Esto se demuestra con el reciente informe de la Auditor\u00eda Superior relativo a la Cuenta P\u00fablica de 2020, dado a conocer durante el reciente fin de semana. Seg\u00fan ese reporte, se detect\u00f3 un posible da\u00f1o al erario por un total de 63 mil 010 millones de pesos.<\/p>\n<p>De acuerdo con este informe, resultado de 866 auditor\u00edas practicadas en la tercera entrega de la Cuenta P\u00fablica 2020, un gran n\u00famero de posibles irregularidades se concentra en el rubro de desarrollo econ\u00f3mico, con 11,848 millones de pesos, siendo el sector de Agricultura y Desarrollo Rural, con 8 mil 920 millones de pesos, donde m\u00e1s irregularidades se detectaron.<\/p>\n<p>Al comentar el informe, el presidente L\u00f3pez Obrador asegur\u00f3 que todas las irregularidades que encontr\u00f3 la Auditor\u00eda Superior de la Federaci\u00f3n (ASF) en la Cuenta P\u00fablica 2020 se ir\u00e1n aclarando, ya que primero se audita todo y despu\u00e9s se empieza a aclarar, \u201cas\u00ed es siempre\u201d.<\/p>\n<p>\u201cRecuerden ustedes de c\u00f3mo llegaron a decir la Auditor\u00eda Superior de la Federaci\u00f3n que el aeropuerto, nos hab\u00eda costado cancelar el aeropuerto de Texcoco 300 mil millones y tuvieron que aceptar que se pagaron 100 mil millones a los contratistas que ya ten\u00edan contratos con el gobierno anterior\u201d.<\/p>\n<p>En su conferencia matutina, el mandatario se\u00f1al\u00f3 que los datos a\u00fan son preliminares; sin embargo, \u201clo usan nuestros adversarios, los conservadores corruptos, porque piensan que es lo mismo\u201d, adem\u00e1s, dijo que, \u201cantes se operaba con impunidad\u201d, pero ahora ya no porque, \u201cya no somos iguales\u201d.<\/p>\n<p style=\"text-align: center;\"><strong>Los resultados tampoco fueron del agrado de la oposici\u00f3n<\/strong><\/p>\n<p>Las irregularidades detectadas por la Auditor\u00eda Superior de la Federaci\u00f3n (ASF) en la Cuenta P\u00fablica 2020, comprueban la anarqu\u00eda y el cochinero con los que el gobierno morenista realiza obra p\u00fablica y maneja los programas clientelares, especialmente los insignia que tienen que ver con el ego presidencial, advirti\u00f3 la dirigencia nacional del PAN, encabezada por Marko Cort\u00e9s Mendoza.<\/p>\n<p>Obra, gasto p\u00fablico y programas clientelares muestran el desprecio de las normas y los procedimientos, con tal de satisfacer los caprichos del presidente, dice un comunicado del partido azul, en el cual se anuncia que diputados y senadores deber\u00e1n llamar a cuentas a los involucrados.<\/p>\n<p>En particular, Cort\u00e9s Mendoza destac\u00f3 las observaciones de la ASF por 20 mil 243 millones de pesos en la construcci\u00f3n del Aeropuerto Internacional Felipe \u00c1ngeles (AIFA), por 59.2 millones en la refiner\u00eda de Dos Bocas, y por 256.1 millones en el Tren Maya, por considerar que exponen el tama\u00f1o del desorden de este gobierno con el dinero de las y los mexicanos.<\/p>\n<p>El colmo, dijo Cort\u00e9s Mendoza, hasta en el programa de pensiones para Adultos Mayores, la ASF detect\u00f3 que la Secretar\u00eda del Bienestar pag\u00f3 m\u00e1s de 10 millones de pesos a personas ya fallecidas.<\/p>\n<p>A nombre del Grupo Parlamentario del PRI, el diputado Hiram Hern\u00e1ndez Zetina, coincidi\u00f3 en se\u00f1alar que la corrupci\u00f3n, as\u00ed como el mal manejo de los recursos p\u00fablicos, la falta de transparencia y rendici\u00f3n de cuentas, son unos de los principales problemas del pa\u00eds, de car\u00e1cter estructural, que trasciende sexenios y partidos, de ah\u00ed la importancia de este acto.<\/p>\n<p>Agreg\u00f3 que su origen \u201ctiene que ver con un mal dise\u00f1o institucional que no responde a las necesidades de nuestro tiempo, la poca o nula especializaci\u00f3n de las \u00e1reas de la administraci\u00f3n p\u00fablica en los 3 niveles de gobierno y la impunidad\u201d, y que adem\u00e1s genera p\u00e9rdidas econ\u00f3micas hasta por cinco puntos porcentuales del Producto Interno Bruto (PIB).<\/p>\n<p style=\"text-align: center;\"><strong>La OCDE disminuye las perspectivas de crecimiento<\/strong><\/p>\n<p>En otro impacto negativo para el gobierno del presidente L\u00f3pez Obrador la Organizaci\u00f3n para la Cooperaci\u00f3n y el Desarrollo Econ\u00f3micos (OCDE) rebaj\u00f3 este mi\u00e9rcoles la previsi\u00f3n de crecimiento de la econom\u00eda mexicana a 2.3 % para 2022 desde un pron\u00f3stico previo de 3.3 %.<\/p>\n<p>El \u201cEstudio Econ\u00f3mico de la OCDE sobre M\u00e9xico\u201d del organismo internacional tambi\u00e9n calcula que el producto interno bruto (PIB) mexicano creci\u00f3 5,3 % en 2021 tras una estimaci\u00f3n anterior de 5,9 %.<\/p>\n<p>Cabe recordar que la OCDE ya no est\u00e1 encabezada por el ex secretario mexicano de Hacienda Jos\u00e9 \u00c1ngel Gurr\u00eda, tan criticado por el actual gobierno de la llamada Cuarta Transformaci\u00f3n, sino por Mathias Cormann, quien expuso que \u201chubo un repunte en la actividad econ\u00f3mica s\u00f3lido en la primera parte de 2021, pero se ha debilitado debido a restricciones de abastecimiento y nuevos brotes del virus\u201d.<\/p>\n<p>\u201cEsperamos que el PIB de M\u00e9xico crezca a una raz\u00f3n de 2,3 % este a\u00f1o y 2,6 % el siguiente a\u00f1o (2023)\u201d, reiter\u00f3 el funcionario de origen australiano.<\/p>\n<p><em><a href=\"mailto:riparcangel@hotmail.com\" target=\"_blank\" rel=\"noopener noreferrer\">riparcangel@hotmail.com<\/a><\/em><\/p>\n","protected":false},"excerpt":{"rendered":"<p><span style=\"color: #005497;\"><strong>Miguel \u00c1ngel Rivera<\/strong><\/span<\/span><\/p>\n","protected":false},"author":3,"featured_media":0,"comment_status":"open","ping_status":"open","sticky":false,"template":"","format":"standard","meta":{"_monsterinsights_skip_tracking":false,"_monsterinsights_sitenote_active":false,"_monsterinsights_sitenote_note":"","_monsterinsights_sitenote_category":0,"footnotes":""},"categories":[84119],"tags":[84120,84121,43674],"class_list":["post-536799","post","type-post","status-publish","format-standard","hentry","category-miguel-angel-rivera","tag-clase-politica","tag-miguel-angel-rivera","tag-opinion"],"_links":{"self":[{"href":"https:\/\/www.diarioimagen.net\/index.php?rest_route=\/wp\/v2\/posts\/536799","targetHints":{"allow":["GET"]}}],"collection":[{"href":"https:\/\/www.diarioimagen.net\/index.php?rest_route=\/wp\/v2\/posts"}],"about":[{"href":"https:\/\/www.diarioimagen.net\/index.php?rest_route=\/wp\/v2\/types\/post"}],"author":[{"embeddable":true,"href":"https:\/\/www.diarioimagen.net\/index.php?rest_route=\/wp\/v2\/users\/3"}],"replies":[{"embeddable":true,"href":"https:\/\/www.diarioimagen.net\/index.php?rest_route=%2Fwp%2Fv2%2Fcomments&post=536799"}],"version-history":[{"count":0,"href":"https:\/\/www.diarioimagen.net\/index.php?rest_route=\/wp\/v2\/posts\/536799\/revisions"}],"wp:attachment":[{"href":"https:\/\/www.diarioimagen.net\/index.php?rest_route=%2Fwp%2Fv2%2Fmedia&parent=536799"}],"wp:term":[{"taxonomy":"category","embeddable":true,"href":"https:\/\/www.diarioimagen.net\/index.php?rest_route=%2Fwp%2Fv2%2Fcategories&post=536799"},{"taxonomy":"post_tag","embeddable":true,"href":"https:\/\/www.diarioimagen.net\/index.php?rest_route=%2Fwp%2Fv2%2Ftags&post=536799"}],"curies":[{"name":"wp","href":"https:\/\/api.w.org\/{rel}","templated":true}]}}