{"id":536801,"date":"2022-02-22T00:12:31","date_gmt":"2022-02-22T06:12:31","guid":{"rendered":"https:\/\/www.diarioimagen.net\/?p=536801"},"modified":"2022-02-22T02:13:58","modified_gmt":"2022-02-22T08:13:58","slug":"estamos-hasta-la-madre-gritan-y-amenazan-con-levantarse-en-armas","status":"publish","type":"post","link":"https:\/\/www.diarioimagen.net\/?p=536801","title":{"rendered":"\u201c\u00a1<em>Estamos hasta la madre<\/em>!\u201d, gritan&#8230; y amenazan con levantarse en armas"},"content":{"rendered":"<h2>Tras la puerta del poder<\/h2>\n<h5>Roberto Vizca\u00edno<\/h5>\n<p>&nbsp;<\/p>\n<p>No hay en este momento ning\u00fan estado, municipio en M\u00e9xico que no viva el asedio del <em>narco<\/em> o del crimen organizado.<\/p>\n<p>Hay lugares, como en Playa del Carmen, Quintana Roo, donde hasta los vendedores de chicles pagan \u201cderecho de piso\u201d.<\/p>\n<p>Pero lo com\u00fan es m\u00e1s riesgoso y tr\u00e1gico. Y es que en estados como Chiapas, Oaxaca, Guerrero, Michoac\u00e1n y Colima o los del centro del pa\u00eds como Guanajuato, Aguascalientes y Zacatecas poblaciones enteras emigran y lo abandonan todo en medio de una violencia e inseguridad nunca antes vista.<\/p>\n<p>Un d\u00eda llega a ellos un grupo tirando bala, secuestrando a padres, t\u00edos e hijos y al otro son ocupados por escuadrones contrarios quienes les aplican m\u00e9todos similares.<\/p>\n<p>Sus centros de producci\u00f3n de fruta, ganado, lim\u00f3n y aguacate, zonas mineras o industriales de por medio, son fuente de saqueos y extorsi\u00f3n. Todos pagan, desde propietarios, intermediarios o trabajadores. Nadie se escapa.<\/p>\n<p>Ese fue apenas una parte del relato de agricultores, l\u00edderes campesinos y alcaldes que asistieron al Parlamento Abierto en San L\u00e1zaro sobre la reforma el\u00e9ctrica.<\/p>\n<p>Esa reforma les importaba un pito, lo que quer\u00edan era encontrarse con diputados a quienes les exigieron escucharlos y comprometerse con ellos a buscar una soluci\u00f3n.<\/p>\n<p>Varios legisladores de los 19 que acudieron a ese parlamento abierto, quedaron tan impactados que juraron continuar con esa lucha en contra de la violencia y el despojo.<\/p>\n<p>Uno, incluso, prometi\u00f3 sumarse a un alcalde y varios grupos de agricultores y campesinos de Zacatecas que afirman, que si no encuentran respuesta a sus reclamos, se van a las armas.<\/p>\n<p>\u00abOjal\u00e1 que el Presidente (<strong>Andr\u00e9 Manuel L\u00f3pez Obrador<\/strong>) entienda que estamos hasta la madre, que, si no nos hace caso el gobierno federal, yo mismo voy a convocar a la gente para que se levante en armas\u00bb, dijo el legislador.<\/p>\n<p>En su mayor\u00eda provenientes de comunidades rurales desplazadas por la violencia los de Jerez, Zacatecas, campesinos de la mayor zona frut\u00edcola y frijolera de ese estado, relataron:<\/p>\n<p>\u00ab&#8230; entran, nos balean nos secuestran y matan, y nos obligan a huir de nuestras tierras y casas, las ocupan, las saquean, las destrozan \u00a1y todav\u00eda tenemos que seguirles pagando la luz!&#8230;<\/p>\n<p>Vocero improvisado de los jerezanos, uno de ellos prosigue:<\/p>\n<p>\u00abSomos 14 comunidades ahorita completamente desplazadas, ahorita nos reunimos con el presidente (municipal) para ver si puede lograr que se les quite a esos poblados la luz el\u00e9ctrica porque ya no estamos ah\u00ed, tenemos un a\u00f1o fuera, ah\u00ed ya no hay habitarlas, y nos sigue llegando el recibo de la luz, \u00a1 y hasta m\u00e1s cara!&#8230;<\/p>\n<p>El alcalde de Jerez, Zacatecas,\u00a0<strong>Humberto Salazar,<\/strong>\u00a0suplica a los diputados atender los reclamos. Los pueblos agonizan y no hay respuesta, se queja.<\/p>\n<p>\u00abNo pueden trabajar&#8230; la inseguridad es total\u00bb, subraya.<\/p>\n<p>Y eso ocurre en todos los puntos cardinales de la Rep\u00fablica.<\/p>\n<p style=\"text-align: center;\"><strong>Un zacatecano en campa\u00f1a\u00a0<\/strong><\/p>\n<p>Frente a estos hechos,\u00a0<strong>Ricardo Monreal<\/strong>\u00a0ha dicho que el Senado buscar\u00e1 un encuentro de revisi\u00f3n de pol\u00edticas, acciones y programas del Gabinete de Seguridad donde convergen los secretarios de Seguridad, Defensa y Marina y los titulares de la Guardia Nacional y otras instancias.<\/p>\n<p>El presidente de la Junta de Coordinaci\u00f3n Pol\u00edtica indica que es momento de irse a fondo en esa revisi\u00f3n y reorientaci\u00f3n del rumbo en seguridad p\u00fablica en el pa\u00eds.<\/p>\n<p>Ayer, <strong>Monreal<\/strong> sin embargo se fue a M\u00e9rida, Yucat\u00e1n a inaugurar un Taller para las Juventudes \u00ab10 por M\u00e9xico\u00bb, donde subray\u00f3 que las y los j\u00f3venes son esenciales dentro del proceso de transformaci\u00f3n pol\u00edtica de la naci\u00f3n.<\/p>\n<p>Este taller se realizar\u00e1 en el Congreso de Yucat\u00e1n y a \u00e9l asistir\u00e1n 150 j\u00f3venes quienes recibir\u00e1n capacitaci\u00f3n en materia pol\u00edtica, legislativa y parlamentaria.<\/p>\n<p>Acompa\u00f1ado por los senadores del PRD,\u00a0<strong>Miguel \u00c1ngel Mancera<\/strong>\u201d y del PRI,\u00a0<strong>Manuel A\u00f1ove<\/strong>, el zacatecano habl\u00f3 de la importancia en la formaci\u00f3n de quienes ser\u00e1n las y los l\u00edderes del futuro de M\u00e9xico.<\/p>\n<p><strong>Monreal<\/strong>\u00a0consider\u00f3 que este tipo de talleres ser\u00e1n un semillero de liberales, progresistas y personas libres en Yucat\u00e1n y en todo el pa\u00eds.<\/p>\n<p>\u00abSon las nuevas generaciones las que nos van a relevar y queremos que lo hagan las mejores y los mejores\u00bb, enfatiz\u00f3.<\/p>\n<p><em><a href=\"mailto:rvizcainoa@gmail.com\" target=\"_blank\" rel=\"noopener noreferrer\">vizcainoa@gmail.com<\/a><br \/>\n<a href=\"http:\/\/endirecto.mx\" target=\"_blank\" rel=\"noopener noreferrer\">www.endirecto.mx<\/a><br \/>\n<a href=\"https:\/\/twitter.com\/_rvizcaino\" target=\"_blank\" rel=\"noopener noreferrer\">@_RVizcaino<\/a><br \/>\n<a href=\"https:\/\/www.facebook.com\/rvizcainoa\" target=\"_blank\" rel=\"noopener noreferrer\">facebook.com\/rvizcainoa<\/a><\/em><\/p>\n","protected":false},"excerpt":{"rendered":"<p><span style=\"color: #005497;\"><strong>Roberto Vizca\u00edno<\/strong><\/span><br \/>\n<br \/>\nNo hay en este momento ning\u00fan estado, municipio en M\u00e9xico que no viva el asedio del <em>narco<\/em> o del crimen organizado.<\/p>\n","protected":false},"author":3,"featured_media":0,"comment_status":"open","ping_status":"open","sticky":false,"template":"","format":"standard","meta":{"_monsterinsights_skip_tracking":false,"_monsterinsights_sitenote_active":false,"_monsterinsights_sitenote_note":"","_monsterinsights_sitenote_category":0,"footnotes":""},"categories":[136],"tags":[43674,93,94],"class_list":["post-536801","post","type-post","status-publish","format-standard","hentry","category-roberto-vizcaino-opinion","tag-opinion","tag-roberto-vizcaino","tag-tras-la-puerta-del-poder"],"_links":{"self":[{"href":"https:\/\/www.diarioimagen.net\/index.php?rest_route=\/wp\/v2\/posts\/536801","targetHints":{"allow":["GET"]}}],"collection":[{"href":"https:\/\/www.diarioimagen.net\/index.php?rest_route=\/wp\/v2\/posts"}],"about":[{"href":"https:\/\/www.diarioimagen.net\/index.php?rest_route=\/wp\/v2\/types\/post"}],"author":[{"embeddable":true,"href":"https:\/\/www.diarioimagen.net\/index.php?rest_route=\/wp\/v2\/users\/3"}],"replies":[{"embeddable":true,"href":"https:\/\/www.diarioimagen.net\/index.php?rest_route=%2Fwp%2Fv2%2Fcomments&post=536801"}],"version-history":[{"count":0,"href":"https:\/\/www.diarioimagen.net\/index.php?rest_route=\/wp\/v2\/posts\/536801\/revisions"}],"wp:attachment":[{"href":"https:\/\/www.diarioimagen.net\/index.php?rest_route=%2Fwp%2Fv2%2Fmedia&parent=536801"}],"wp:term":[{"taxonomy":"category","embeddable":true,"href":"https:\/\/www.diarioimagen.net\/index.php?rest_route=%2Fwp%2Fv2%2Fcategories&post=536801"},{"taxonomy":"post_tag","embeddable":true,"href":"https:\/\/www.diarioimagen.net\/index.php?rest_route=%2Fwp%2Fv2%2Ftags&post=536801"}],"curies":[{"name":"wp","href":"https:\/\/api.w.org\/{rel}","templated":true}]}}