{"id":536804,"date":"2022-02-22T00:09:43","date_gmt":"2022-02-22T06:09:43","guid":{"rendered":"https:\/\/www.diarioimagen.net\/?p=536804"},"modified":"2022-02-22T02:16:59","modified_gmt":"2022-02-22T08:16:59","slug":"4t-no-es-gobierno-de-rateros-de-incompetentes","status":"publish","type":"post","link":"https:\/\/www.diarioimagen.net\/?p=536804","title":{"rendered":"4T no es gobierno de rateros&#8230; \u00bfde incompetentes?"},"content":{"rendered":"<h2>Poder y dinero<\/h2>\n<h5>V\u00edctor S\u00e1nchez Ba\u00f1os<\/h5>\n<p>&nbsp;<\/p>\n<ul>\n<li><strong><em>Robaron en ventiladores e insumos<\/em><\/strong><\/li>\n<li><strong><em>Si no son corruptos, son ineptos<\/em><\/strong><\/li>\n<li><strong><em>Miles de millones sin comprobar<\/em><\/strong><\/li>\n<li><strong><em>Insabi, con m\u00e1s inconsistencias<\/em><\/strong><\/li>\n<li><strong><em>Llaman a tomar las armas en Zacatecas<\/em><\/strong><\/li>\n<li><strong><em>Fibra MTY: RSC<\/em><\/strong><\/li>\n<\/ul>\n<p>&nbsp;<\/p>\n<p style=\"text-align: right;\"><em>Actuar es f\u00e1cil, pensar es dif\u00edcil; actuar seg\u00fan se piensa es a\u00fan m\u00e1s dif\u00edcil<br \/>\n<\/em><strong>Goethe<\/strong> (1749-1832), poeta y dramaturgo alem\u00e1n<\/p>\n<p>&nbsp;<\/p>\n<p>En este gobierno no hay ladrones, dice Andr\u00e9s Manuel L\u00f3pez, pues ya no operan \u00abel diablo y don x\u00bb.<\/p>\n<p>La pregunta que asalta ante tal declaraci\u00f3n y ante la obviedad de irregularidades en el manejo de la administraci\u00f3n p\u00fablica, que no s\u00f3lo son evidentes, sino que dejan constancia hist\u00f3rica, es: Si no hay ladrones, entonces \u00bfqu\u00e9 hay? \u00bfIncompetentes, improvisados, ineptos, incapaces, inh\u00e1biles, torpes, ignorantes, prejuiciosos?<\/p>\n<p>Entonces, la cosa est\u00e1 peor.<\/p>\n<p>Es como ponerse en manos de un tipo que desconoce c\u00f3mo operar, a que te haga una intervenci\u00f3n a coraz\u00f3n abierto&#8230; pero en el pa\u00eds entero.<\/p>\n<p>Luego que el auditor de la Federaci\u00f3n, David Colmenares, presentara su informe de la cuenta p\u00fablica federal de 2020, con n\u00fameros espectaculares en donde se aprecia un posible da\u00f1o al erario por casi 50 mil millones de pesos, el presidente L\u00f3pez Obrador, se adelant\u00f3 a afirmar que \u00abse van a ir aclarando todas las irregularidades\u00bb.<\/p>\n<p>La ineficiencia de la Cuarta Transformaci\u00f3n se evidencia en el manejo de los recursos en la Federaci\u00f3n, as\u00ed como en la toma de decisiones pol\u00edticas y administrativas, donde no tienen el menor empacho en:<\/p>\n<p>1.- Mantener la transparencia en el otorgamiento de obras. Ya se inclinaron en el cinismo de la corrupci\u00f3n de las asignaciones directas, con lo que se evita los mejores precios, condiciones y calidad en los bienes y servicios que otorgan particulares al gobierno.<\/p>\n<p>2.- El enriquecimiento sin ning\u00fan escr\u00fapulo de los nuevos gobernantes de la Cuarta Transformaci\u00f3n. Casas en M\u00e9xico y el extranjero, cuentas bancarias, veh\u00edculos, obras de arte e infinidad de \u00abchucher\u00edas\u00bb que suman millones, con salarios \u00abrepublicanos\u00bb y m\u00e1s bajos que los del Presidente.<\/p>\n<p>3.- S\u00f3lo hay obras ic\u00f3nicas como el Tren Maya, el Aeropuerto Felipe \u00c1ngeles, as\u00ed como la refiner\u00eda en Dos Bocas, que se destinan infinidad de recursos, pero con la novedad supremo comandante, que el resto del pa\u00eds, est\u00e1 sumido en proceso de empobrecimiento que se nota en todos los dem\u00e1s servicios que ofrece la Federaci\u00f3n as\u00ed como los gobiernos de los estados.<\/p>\n<p>A todo ello, le sumamos el discurso moralista, anti-liberal y superficial de que en la Cuarta Transformaci\u00f3n no hay corrupci\u00f3n, a pesar de todo lo anterior, la ecuaci\u00f3n da como resultado que si no hay corrupci\u00f3n, el gobierno est\u00e1 inundado de incompetentes.<\/p>\n<p>No olvidemos que muchos de los puestos de Morena se dieron mediante la llamada \u00abt\u00f3mbola\u00bb en la cual el que ten\u00eda suerte, podr\u00eda cambiar su vida con salarios que nunca so\u00f1\u00f3.<\/p>\n<p>Se vale so\u00f1ar, pero no se vale hundir al pa\u00eds en aras de meter a incondicionales que no tienen idea de lo que hacen y a pesar que son ineptos, son corruptos. Ah\u00ed est\u00e1n las pruebas.<\/p>\n<p style=\"text-align: center;\"><strong>PODEROSOS CABALLEROS<\/strong><\/p>\n<p><strong>L\u00d3PEZ-GATELL SE AHOGA EN DATOS DE LA ASF: <\/strong>No se necesita tener un olfato perruno para ver lo que hizo el subsecretario de Salud, Hugo L\u00f3pez-Gatell, y su jefe Jorge Alcocer, el titular del ramo, con el manejo de la pandemia. Casi 4 mil millones de pesos, no se encuentran por ning\u00fan lado. Adem\u00e1s, el Insabi, aquel que invent\u00f3 el gobierno de Morena para sustituir al Seguro Popular, dejando a millones sin protecci\u00f3n en la salud, y que est\u00e1 al mando de Antonio Ferrer, es la instituci\u00f3n que depende de L\u00f3pez-Gatell, con mayor n\u00famero inconsistencias en el manejo de recursos. Reitero, o son corruptos o ineptos. Ah\u00ed veremos c\u00f3mo le componen la plana a la 4T.<\/p>\n<p><strong>DESESPERACI\u00d3N EN ZACATECAS, ANTE VIOLENCIA:<\/strong> El diputado por Morena, Marco Antonio Flores, desesperado por la violencia en varias regiones de Zacatecas, amag\u00f3 con tomar las armas si no hay soluci\u00f3n a la crisis en la zona serrana de la entidad; \u00aball\u00e1 arriba\u00bb. Salen de Palmas Altas miles de lugare\u00f1os. No aguantan la violencia cotidiana por la disputa de la regi\u00f3n de dos grupos criminales. Realmente grave, la situaci\u00f3n que prevalece en la regi\u00f3n.<\/p>\n<p style=\"text-align: center;\"><strong>RESPONSABILIDAD SOCIAL CORPORATIVA<\/strong><\/p>\n<p><strong>FIBRA MTY:<\/strong> Fibra Mty, que encabeza Jorge \u00c1valos Carpinteyro, obtuvo la Certificaci\u00f3n EDGE Advanced (Excellence in Design for Greater Efficiencies), la cual tiene un enfoque de ahorro de energ\u00eda, agua y materiales de baja energ\u00eda incorporada. De esta forma, la fibra se convierte en la primera en alcanzar dicha certificaci\u00f3n en M\u00e9xico, misma que otorga el Green Business Certification Inc., y promovida por la Corporaci\u00f3n Financiera Internacional, brazo de infraestructura del Banco Mundial.<\/p>\n<p>&nbsp;<\/p>\n<blockquote>\n<h4 style=\"text-align: right;\"><strong>Esc\u00fachame de lunes a viernes, de 21 a 22 horas,<br \/>\nen \u201cV\u00edctor S\u00e1nchez Ba\u00f1os en MVS\u201d<\/strong><\/h4>\n<\/blockquote>\n<p>&nbsp;<\/p>\n<p><a href=\"https:\/\/mvsnoticias.com\/\" target=\"_blank\" rel=\"noopener noreferrer\"><em>MVSnoticias.com<\/em><\/a><br \/>\n<a href=\"http:\/\/poderydinero.mx\" target=\"_blank\" rel=\"noopener noreferrer\"><em>poderydinero.mx<\/em><\/a><em><b><br \/>\n<\/b><a href=\"mailto:vsb@poderydinero.mx\" target=\"_blank\" rel=\"noopener noreferrer\">vsb@poderydinero.mx<\/a><a href=\"mailto:vsanchezb@gmail.com\" target=\"_blank\" rel=\"noopener noreferrer\"><br \/>\n<\/a><strong>Twitter:<\/strong><a href=\"https:\/\/twitter.com\/vsanchezbanos\" target=\"_blank\" rel=\"noopener noreferrer\">@vsanchezbanos<br \/>\n<\/a><strong>Facebook: <\/strong><a href=\"https:\/\/www.facebook.com\/vsanchezbanos?fref=ts\" target=\"_blank\" rel=\"noopener noreferrer\">vsanchezbanos<\/a><\/em><\/p>\n","protected":false},"excerpt":{"rendered":"<p><span style=\"color: #005497;\"><strong>V\u00edctor S\u00e1nchez Ba\u00f1os<\/strong><\/span><\/p>\n","protected":false},"author":3,"featured_media":0,"comment_status":"open","ping_status":"open","sticky":false,"template":"","format":"standard","meta":{"_monsterinsights_skip_tracking":false,"_monsterinsights_sitenote_active":false,"_monsterinsights_sitenote_note":"","_monsterinsights_sitenote_category":0,"footnotes":""},"categories":[38844],"tags":[43674,38847,38848],"class_list":["post-536804","post","type-post","status-publish","format-standard","hentry","category-victor-sanchez-banos","tag-opinion","tag-poder-y-dinero","tag-victor-sanchez-banos"],"_links":{"self":[{"href":"https:\/\/www.diarioimagen.net\/index.php?rest_route=\/wp\/v2\/posts\/536804","targetHints":{"allow":["GET"]}}],"collection":[{"href":"https:\/\/www.diarioimagen.net\/index.php?rest_route=\/wp\/v2\/posts"}],"about":[{"href":"https:\/\/www.diarioimagen.net\/index.php?rest_route=\/wp\/v2\/types\/post"}],"author":[{"embeddable":true,"href":"https:\/\/www.diarioimagen.net\/index.php?rest_route=\/wp\/v2\/users\/3"}],"replies":[{"embeddable":true,"href":"https:\/\/www.diarioimagen.net\/index.php?rest_route=%2Fwp%2Fv2%2Fcomments&post=536804"}],"version-history":[{"count":0,"href":"https:\/\/www.diarioimagen.net\/index.php?rest_route=\/wp\/v2\/posts\/536804\/revisions"}],"wp:attachment":[{"href":"https:\/\/www.diarioimagen.net\/index.php?rest_route=%2Fwp%2Fv2%2Fmedia&parent=536804"}],"wp:term":[{"taxonomy":"category","embeddable":true,"href":"https:\/\/www.diarioimagen.net\/index.php?rest_route=%2Fwp%2Fv2%2Fcategories&post=536804"},{"taxonomy":"post_tag","embeddable":true,"href":"https:\/\/www.diarioimagen.net\/index.php?rest_route=%2Fwp%2Fv2%2Ftags&post=536804"}],"curies":[{"name":"wp","href":"https:\/\/api.w.org\/{rel}","templated":true}]}}