{"id":536889,"date":"2022-02-23T00:06:16","date_gmt":"2022-02-23T06:06:16","guid":{"rendered":"https:\/\/www.diarioimagen.net\/?p=536889"},"modified":"2022-02-23T21:53:09","modified_gmt":"2022-02-24T03:53:09","slug":"uniradio-99-7-fm-consolidada-como-referente-de-divulgacion-cientifica-humanistica-y-artistica-cebd","status":"publish","type":"post","link":"https:\/\/www.diarioimagen.net\/?p=536889","title":{"rendered":"UniRadio 99.7 FM, consolidada como referente de divulgaci\u00f3n cient\u00edfica, human\u00edstica y art\u00edstica: CEBD"},"content":{"rendered":"<p>&nbsp;<\/p>\n<h3 style=\"text-align: center;\">Celebra 15 a\u00f1os con imagen e instalaciones renovadas<\/h3>\n<p><em>\u00a0<\/em><\/p>\n<ul>\n<li><strong><em>El rector de la UAEM\u00e9x, Carlos Eduardo Barrera D\u00edaz, afirm\u00f3 que la estaci\u00f3n se ha consolidado como un referente de la divulgaci\u00f3n cient\u00edfica, tecnol\u00f3gica, human\u00edstica y art\u00edstica en la entidad mexiquense<\/em><\/strong><\/li>\n<\/ul>\n<p>&nbsp;<\/p>\n<div id=\"attachment_536988\" style=\"width: 470px\" class=\"wp-caption aligncenter\"><a href=\"https:\/\/www.diarioimagen.net\/?attachment_id=536988\" rel=\"attachment wp-att-536988\"><img loading=\"lazy\" decoding=\"async\" aria-describedby=\"caption-attachment-536988\" class=\"size-full wp-image-536988\" src=\"https:\/\/www.diarioimagen.net\/wp-content\/uploads\/2022\/02\/uaem-radio.jpg\" alt=\"\" width=\"460\" height=\"270\" \/><\/a><p id=\"caption-attachment-536988\" class=\"wp-caption-text\">Con motivo del aniversario se renov\u00f3 el logotipo y frase, se inaugur\u00f3 un mural conmemorativo y se reconoci\u00f3 a sus integrantes con 15 a\u00f1os de labor ininterrumpida en la estaci\u00f3n radiof\u00f3nica universitaria.<\/p><\/div>\n<p>&nbsp;<\/p>\n<p><strong>Metepec, Estado de M\u00e9xico.\u2014<\/strong> Con imagen renovada y la entrega de la remodelaci\u00f3n de instalaciones, la estaci\u00f3n radiof\u00f3nica UniRadio 99.7 de FM celebr\u00f3 su 15 aniversario, encabezado por el rector de la Universidad Aut\u00f3noma del Estado de M\u00e9xico (UAEM\u00e9x), Carlos Eduardo Barrera D\u00edaz, quien la reconoci\u00f3 como un espacio de vanguardia, inclusi\u00f3n y compromiso con las audiencias.<\/p>\n<p>En el auditorio del Edificio de Educaci\u00f3n Contin\u00faa y a Distancia de la UAEM\u00e9x, donde se ubican las instalaciones de la estaci\u00f3n radiof\u00f3nica universitaria, Barrera D\u00edaz expres\u00f3 que UniRadio se ha consolidado como un referente de la divulgaci\u00f3n cient\u00edfica, tecnol\u00f3gica, human\u00edstica y art\u00edstica, realizando esfuerzos por mantenerse con una oferta cercana, dedicada a brindar informaci\u00f3n \u00fatil, de calidad y de inter\u00e9s para toda la poblaci\u00f3n.<\/p>\n<p>El rector de la UAEM\u00e9x extern\u00f3 que la riqueza de la comunidad universitaria descansa en la diversidad y pluralidad de ideas, por lo que la radio es una extensi\u00f3n inherente de apoyo en el camino hacia la formaci\u00f3n de comunidades informadas, cr\u00edticas y propositivas.<\/p>\n<p>\u201cUniRadio se ha consolidado como un referente de la divulgaci\u00f3n cient\u00edfica, tecnol\u00f3gica, human\u00edstica y art\u00edstica, tanto en lo que produce nuestra Universidad como en los temas que interesan a diversos grupos poblacionales\u201d, afirm\u00f3.<\/p>\n<p>Como parte de la ceremonia de aniversario, el rector de la UAEM\u00e9x, junto con la directora general de Comunicaci\u00f3n Universitaria, Ginarely Valencia Alc\u00e1ntara, y la directora de UniRadio 99.7 de FM, Jacqueline Valderrabano Malag\u00f3n, inauguraron el mural conmemorativo \u201cResonancia en movimiento. Lo que se escucha en la radio es para todas y todos\u201d, autor\u00eda de Ricardo Rodr\u00edguez Medina, realizado en colaboraci\u00f3n con estudiantes de la Facultad de Artes de la UAEM\u00e9x.<\/p>\n<p>Asimismo, durante la ceremonia se entreg\u00f3 el premio al ganador de la convocatoria para el redise\u00f1o del logotipo de UniRadio 99.7 de FM, siendo el acreedor Jos\u00e9 Mart\u00ednez Macedo, estudiante de la Facultad de Arquitectura y Dise\u00f1o de esta casa de estudios; adem\u00e1s, se dio a conocer la nueva frase de acompa\u00f1amiento UniRadio 99.7 de FM \u201cVa conmigo\u201d y se entregaron reconocimientos al personal que ha laborado de manera ininterrumpida por 15 a\u00f1os en la estaci\u00f3n radiof\u00f3nica.<\/p>\n<p>En su oportunidad, Ginarely Valencia refiri\u00f3 que UniRadio, a lo largo de 15 a\u00f1os, es la voz de la comunidad universitaria y se ha consolidado como un referente en la entidad mexiquense, con propuestas propias e innovadoras emanadas de la diversidad cultural y de pensamiento.<\/p>\n<p>\u201cDurante 15 a\u00f1os la propuesta musical de UniRadio se ha distinguido por su vanguardia e independencia; tambi\u00e9n destaca por su compromiso con el periodismo de calidad, por el cual ha sido reconocida con 13 premios en diferentes \u00e1mbitos. A trav\u00e9s de nuestros micr\u00f3fonos se han contado miles de historias, se han dado a conocer diferentes acontecimientos de inter\u00e9s universitario y de la vida p\u00fablica, se han narrado emblem\u00e1ticos encuentros deportivos\u201d, describi\u00f3.<\/p>\n<p>Los trabajos de mantenimiento y rehabilitaci\u00f3n de infraestructura entregados consistieron en la colocaci\u00f3n de 500 paneles ac\u00fasticos y 108 metros cuadrados de alfombra en cabina al aire y estudio, que permitir\u00e1 optimizar los niveles de audio y mejorar la calidad de las producciones, tambi\u00e9n se rehabilit\u00f3 la totalidad de los espacios de trabajo con pintado de paredes, renovaci\u00f3n de iluminaci\u00f3n y reforzamiento de vidrios.<\/p>\n<p>El 21 de febrero de 2007 UniRadio 99.7 de FM inici\u00f3 operaciones bajo las siglas XHUAX y con 3 mil watts de potencia.<\/p>\n<p>UniRadio llega a cerca de dos millones de personas de 20 municipios mexiquenses y v\u00eda internet tiene alcance mundial. Ha obtenido 13 premios y reconocimientos por su calidad en el periodismo de ciencia, as\u00ed como por la difusi\u00f3n de la cultura.<\/p>\n<p>A la ceremonia acudieron integrantes del gabinete universitario, ex directores de la estaci\u00f3n, as\u00ed como el defensor de las audiencias de UniRadio, Porfirio Hern\u00e1ndez Ram\u00edrez, y la presidenta del Consejo Ciudadano de UniRadio, Mar\u00eda In\u00e9s T\u00e9llez.<\/p>\n","protected":false},"excerpt":{"rendered":"<p>Con imagen renovada y la entrega de la remodelaci\u00f3n de instalaciones, la estaci\u00f3n radiof\u00f3nica UniRadio 99.7 de FM celebr\u00f3 su 15 aniversario, encabezado por el rector de la Universidad Aut\u00f3noma del Estado de M\u00e9xico (UAEM\u00e9x), Carlos Eduardo Barrera D\u00edaz, quien la reconoci\u00f3 como un espacio de vanguardia, inclusi\u00f3n y compromiso con las audiencias.<\/p>\n","protected":false},"author":3,"featured_media":536988,"comment_status":"open","ping_status":"open","sticky":false,"template":"","format":"standard","meta":{"_monsterinsights_skip_tracking":false,"_monsterinsights_sitenote_active":false,"_monsterinsights_sitenote_note":"","_monsterinsights_sitenote_category":0,"footnotes":""},"categories":[5],"tags":[94121,43675,94662,876,94661,94660],"class_list":["post-536889","post","type-post","status-publish","format-standard","has-post-thumbnail","hentry","category-estado-de-mexico","tag-cebd","tag-estado-de-mexico","tag-humanistica","tag-metepec","tag-referente","tag-uniradio"],"_links":{"self":[{"href":"https:\/\/www.diarioimagen.net\/index.php?rest_route=\/wp\/v2\/posts\/536889","targetHints":{"allow":["GET"]}}],"collection":[{"href":"https:\/\/www.diarioimagen.net\/index.php?rest_route=\/wp\/v2\/posts"}],"about":[{"href":"https:\/\/www.diarioimagen.net\/index.php?rest_route=\/wp\/v2\/types\/post"}],"author":[{"embeddable":true,"href":"https:\/\/www.diarioimagen.net\/index.php?rest_route=\/wp\/v2\/users\/3"}],"replies":[{"embeddable":true,"href":"https:\/\/www.diarioimagen.net\/index.php?rest_route=%2Fwp%2Fv2%2Fcomments&post=536889"}],"version-history":[{"count":0,"href":"https:\/\/www.diarioimagen.net\/index.php?rest_route=\/wp\/v2\/posts\/536889\/revisions"}],"wp:featuredmedia":[{"embeddable":true,"href":"https:\/\/www.diarioimagen.net\/index.php?rest_route=\/wp\/v2\/media\/536988"}],"wp:attachment":[{"href":"https:\/\/www.diarioimagen.net\/index.php?rest_route=%2Fwp%2Fv2%2Fmedia&parent=536889"}],"wp:term":[{"taxonomy":"category","embeddable":true,"href":"https:\/\/www.diarioimagen.net\/index.php?rest_route=%2Fwp%2Fv2%2Fcategories&post=536889"},{"taxonomy":"post_tag","embeddable":true,"href":"https:\/\/www.diarioimagen.net\/index.php?rest_route=%2Fwp%2Fv2%2Ftags&post=536889"}],"curies":[{"name":"wp","href":"https:\/\/api.w.org\/{rel}","templated":true}]}}