{"id":536891,"date":"2022-02-23T00:05:27","date_gmt":"2022-02-23T06:05:27","guid":{"rendered":"https:\/\/www.diarioimagen.net\/?p=536891"},"modified":"2022-02-23T21:52:51","modified_gmt":"2022-02-24T03:52:51","slug":"primera-generacion-de-la-licenciatura-en-danza-de-la-uaemex-presenta-gala-dancistica-en-el-teatro-morelos","status":"publish","type":"post","link":"https:\/\/www.diarioimagen.net\/?p=536891","title":{"rendered":"Primera generaci\u00f3n de la Licenciatura en Danza de la UAEM\u00e9x presenta Gala Danc\u00edstica en el Teatro Morelos"},"content":{"rendered":"<p>&nbsp;<\/p>\n<div id=\"attachment_536985\" style=\"width: 470px\" class=\"wp-caption aligncenter\"><a href=\"https:\/\/www.diarioimagen.net\/?attachment_id=536985\" rel=\"attachment wp-att-536985\"><img loading=\"lazy\" decoding=\"async\" aria-describedby=\"caption-attachment-536985\" class=\"size-full wp-image-536985\" src=\"https:\/\/www.diarioimagen.net\/wp-content\/uploads\/2022\/02\/uaem-danza.jpg\" alt=\"\" width=\"460\" height=\"270\" \/><\/a><p id=\"caption-attachment-536985\" class=\"wp-caption-text\">Desde agosto de 2016 la Licenciatura en Danza forma parte de la oferta acad\u00e9mica de la UAEM\u00e9x, la cual tiene el objetivo de formar profesionales de la danza con un alto sentido human\u00edstico e identitario<\/p><\/div>\n<p>&nbsp;<\/p>\n<p><strong>Toluca, Estado de M\u00e9xico.\u2014 <\/strong>La Universidad Aut\u00f3noma del Estado de M\u00e9xico (UAEM\u00e9x), a trav\u00e9s de la Escuela de Artes Esc\u00e9nicas, present\u00f3 en el Teatro Morelos de la capital mexiquense la Gala Danc\u00edstica, una muestra en escena interpretada por las y los estudiantes de la primera generaci\u00f3n de la Licenciatura en Danza.<\/p>\n<p>La Secretaria de Difusi\u00f3n Cultural de la UAEM\u00e9x, Mar\u00eda de las Mercedes Portilla Luja, felicit\u00f3 a las y los egresados de la Aut\u00f3noma mexiquense, quienes en el escenario ejecutaron los conocimientos adquiridos durante su formaci\u00f3n como bailarines.<\/p>\n<p>Durante su intervenci\u00f3n el encargado del despacho de la direcci\u00f3n de la Escuela de Artes Esc\u00e9nicas, Leoncio Ra\u00fal Le\u00f3n Mondrag\u00f3n, destac\u00f3 que como primera generaci\u00f3n de la licenciatura se han enfrentado a distintos retos que han logrado vencer, siempre teniendo sus objetivos claros, marcando un parteaguas para las generaciones venideras de la Escuela de Artes Esc\u00e9nicas. Abund\u00f3 que esta presentaci\u00f3n es el resultado del trabajo que han realizado las y los estudiantes en los salones y que hoy se ve reflejado en la t\u00e9cnica y la destreza como bailarines.La Gala Danc\u00edstica es un proyecto compuesto por varias coreograf\u00edas que destacan elementos t\u00e9cnicos de la danza contempor\u00e1nea, cl\u00e1sica y folkl\u00f3rica mexicana. Surgi\u00f3 a partir de la inquietud del alumnado y los acad\u00e9micos, con el prop\u00f3sito de mostrar los conocimientos, habilidades y competencias adquiridas durante su formaci\u00f3n art\u00edstica. En este sentido, algunas de las piezas interpretadas son creaciones de las y los estudiantes y de los docentes como muestra de los aprendizajes ejecutados en la licenciatura que reflejan la destreza y su pasi\u00f3n por la danza.<\/p>\n<p>Desde agosto de 2016 esta licenciatura es parte de la comunidad verde y oro de la M\u00e1xima Casa de Estudios mexiquense y tiene como objetivo formar profesionales de la danza con un alto sentido humanista y de identidad, a trav\u00e9s de la integraci\u00f3n multidisciplinaria de conocimientos filos\u00f3ficos, hist\u00f3ricos, est\u00e9ticos y t\u00e9cnicos para\u00a0 crear, ejecutar e interpretar proyectos coreogr\u00e1ficos por medio de las t\u00e9cnicas de danza cl\u00e1sica, contempor\u00e1nea y folkl\u00f3rica mexicana.<\/p>\n","protected":false},"excerpt":{"rendered":"<p>La Universidad Aut\u00f3noma del Estado de M\u00e9xico (UAEM\u00e9x), a trav\u00e9s de la Escuela de Artes Esc\u00e9nicas, present\u00f3 en el Teatro Morelos de la capital mexiquense la Gala Danc\u00edstica, una muestra en escena interpretada por las y los estudiantes de la primera generaci\u00f3n de la Licenciatura en Danza.<\/p>\n","protected":false},"author":3,"featured_media":536985,"comment_status":"open","ping_status":"open","sticky":false,"template":"","format":"standard","meta":{"_monsterinsights_skip_tracking":false,"_monsterinsights_sitenote_active":false,"_monsterinsights_sitenote_note":"","_monsterinsights_sitenote_category":0,"footnotes":""},"categories":[5],"tags":[91204,43675,94663,452,1491],"class_list":["post-536891","post","type-post","status-publish","format-standard","has-post-thumbnail","hentry","category-estado-de-mexico","tag-escuela-de-artes-escenicas","tag-estado-de-mexico","tag-licenciatura-en-danza","tag-toluca","tag-uaem"],"_links":{"self":[{"href":"https:\/\/www.diarioimagen.net\/index.php?rest_route=\/wp\/v2\/posts\/536891","targetHints":{"allow":["GET"]}}],"collection":[{"href":"https:\/\/www.diarioimagen.net\/index.php?rest_route=\/wp\/v2\/posts"}],"about":[{"href":"https:\/\/www.diarioimagen.net\/index.php?rest_route=\/wp\/v2\/types\/post"}],"author":[{"embeddable":true,"href":"https:\/\/www.diarioimagen.net\/index.php?rest_route=\/wp\/v2\/users\/3"}],"replies":[{"embeddable":true,"href":"https:\/\/www.diarioimagen.net\/index.php?rest_route=%2Fwp%2Fv2%2Fcomments&post=536891"}],"version-history":[{"count":0,"href":"https:\/\/www.diarioimagen.net\/index.php?rest_route=\/wp\/v2\/posts\/536891\/revisions"}],"wp:featuredmedia":[{"embeddable":true,"href":"https:\/\/www.diarioimagen.net\/index.php?rest_route=\/wp\/v2\/media\/536985"}],"wp:attachment":[{"href":"https:\/\/www.diarioimagen.net\/index.php?rest_route=%2Fwp%2Fv2%2Fmedia&parent=536891"}],"wp:term":[{"taxonomy":"category","embeddable":true,"href":"https:\/\/www.diarioimagen.net\/index.php?rest_route=%2Fwp%2Fv2%2Fcategories&post=536891"},{"taxonomy":"post_tag","embeddable":true,"href":"https:\/\/www.diarioimagen.net\/index.php?rest_route=%2Fwp%2Fv2%2Ftags&post=536891"}],"curies":[{"name":"wp","href":"https:\/\/api.w.org\/{rel}","templated":true}]}}