{"id":536900,"date":"2022-02-23T00:02:38","date_gmt":"2022-02-23T06:02:38","guid":{"rendered":"https:\/\/www.diarioimagen.net\/?p=536900"},"modified":"2022-02-23T04:12:11","modified_gmt":"2022-02-23T10:12:11","slug":"en-tlalnepantla-le-apuestan-a-la-educacion-reactivan-programas-con-inversion-historica","status":"publish","type":"post","link":"https:\/\/www.diarioimagen.net\/?p=536900","title":{"rendered":"En Tlalnepantla le apuestan a la educaci\u00f3n; reactivan programas con inversi\u00f3n hist\u00f3rica"},"content":{"rendered":"<p>&nbsp;<\/p>\n<ul>\n<li><strong><em>Reconocen acciones del alcalde Antonio Rodr\u00edguez<\/em><\/strong><\/li>\n<\/ul>\n<p>&nbsp;<\/p>\n<h6>Arturo Baena<\/h6>\n<p>&nbsp;<\/p>\n<div id=\"attachment_536993\" style=\"width: 470px\" class=\"wp-caption aligncenter\"><a href=\"https:\/\/www.diarioimagen.net\/?attachment_id=536993\" rel=\"attachment wp-att-536993\"><img loading=\"lazy\" decoding=\"async\" aria-describedby=\"caption-attachment-536993\" class=\"size-full wp-image-536993\" src=\"https:\/\/www.diarioimagen.net\/wp-content\/uploads\/2022\/02\/tlalnepantla-6.jpg\" alt=\"\" width=\"460\" height=\"270\" \/><\/a><p id=\"caption-attachment-536993\" class=\"wp-caption-text\">Con una inversi\u00f3n hist\u00f3rica, en Tlalnepantla se reactivan programas que garanticen que las ni\u00f1as, ni\u00f1os y adolescentes reciban una educaci\u00f3n digna, integral y de calidad.<\/p><\/div>\n<p>&nbsp;<\/p>\n<p><strong>Tlalnepantla, Estado de M\u00e9xico.\u2014<\/strong> Diversas asociaciones de padres de familia reconocieron las acciones del gobierno municipal de esta localidad, que encabeza el alcalde Antonio Rodr\u00edguez, quien le apuesta a la educaci\u00f3n.<\/p>\n<p>Y es que,\u00a0con una inversi\u00f3n hist\u00f3rica, se reactivan acciones y programas que garanticen que las ni\u00f1as, ni\u00f1os y adolescentes reciban una educaci\u00f3n digna, integral y de calidad en todos los niveles.<\/p>\n<p>Se reactivar\u00e1n las clases gratuitas de ingl\u00e9s y computaci\u00f3n en escuelas p\u00fablicas de la localidad, para mantener a los alumnos en los mejores est\u00e1ndares educativos, asimismo, se dotar\u00e1 de internet a todos los planteles educativos, a fin de contribuir en sus necesidades m\u00e1s apremiantes.<\/p>\n<p>En apoyo a la econom\u00eda de las familias se aumentar\u00e1n las becas educativas de siete mil 183 a 10 mil beneficiarios, en diferentes modalidades, para lo cual se destinar\u00e1n 32 millones de pesos, a diferencia de los 24 millones 102 mil pesos que se ejercieron anteriormente.<\/p>\n<p>Derivado del abandono y deterioro en la infraestructura que tienen las escuelas de Tlalnepantla, se implementar\u00e1 un programa permanente de mantenimiento para garantizar a los alumnos condiciones de estudio dignas, mientras que el organismo de agua OPDM (Organismo P\u00fablico Descentralizado para la Prestaci\u00f3n de los Servicios de Agua Potable y Alcantarillado) intervendr\u00e1 con jornadas de limpieza profunda en cada uno de los planteles de esta localidad.<\/p>\n<p>La seguridad de los estudiantes tlalnepantlenses tambi\u00e9n es una prioridad por lo que se efectuar\u00e1n los operativos Escuela Segura y Mochila Segura para dar certeza a los padres de familia, que la integridad de sus hijos es resguardada mientras est\u00e1n en la escuela.<\/p>\n","protected":false},"excerpt":{"rendered":"<p>Diversas asociaciones de padres de familia reconocieron las acciones del gobierno municipal de esta localidad, que encabeza el alcalde Antonio Rodr\u00edguez, quien le apuesta a la educaci\u00f3n.<\/p>\n","protected":false},"author":3,"featured_media":536993,"comment_status":"open","ping_status":"open","sticky":false,"template":"","format":"standard","meta":{"_monsterinsights_skip_tracking":false,"_monsterinsights_sitenote_active":false,"_monsterinsights_sitenote_note":"","_monsterinsights_sitenote_category":0,"footnotes":""},"categories":[5],"tags":[43675,64863,5247,77183,94666,169],"class_list":["post-536900","post","type-post","status-publish","format-standard","has-post-thumbnail","hentry","category-estado-de-mexico","tag-estado-de-mexico","tag-historica","tag-inversion","tag-programas","tag-reactivan","tag-tlalnepantla"],"_links":{"self":[{"href":"https:\/\/www.diarioimagen.net\/index.php?rest_route=\/wp\/v2\/posts\/536900","targetHints":{"allow":["GET"]}}],"collection":[{"href":"https:\/\/www.diarioimagen.net\/index.php?rest_route=\/wp\/v2\/posts"}],"about":[{"href":"https:\/\/www.diarioimagen.net\/index.php?rest_route=\/wp\/v2\/types\/post"}],"author":[{"embeddable":true,"href":"https:\/\/www.diarioimagen.net\/index.php?rest_route=\/wp\/v2\/users\/3"}],"replies":[{"embeddable":true,"href":"https:\/\/www.diarioimagen.net\/index.php?rest_route=%2Fwp%2Fv2%2Fcomments&post=536900"}],"version-history":[{"count":0,"href":"https:\/\/www.diarioimagen.net\/index.php?rest_route=\/wp\/v2\/posts\/536900\/revisions"}],"wp:featuredmedia":[{"embeddable":true,"href":"https:\/\/www.diarioimagen.net\/index.php?rest_route=\/wp\/v2\/media\/536993"}],"wp:attachment":[{"href":"https:\/\/www.diarioimagen.net\/index.php?rest_route=%2Fwp%2Fv2%2Fmedia&parent=536900"}],"wp:term":[{"taxonomy":"category","embeddable":true,"href":"https:\/\/www.diarioimagen.net\/index.php?rest_route=%2Fwp%2Fv2%2Fcategories&post=536900"},{"taxonomy":"post_tag","embeddable":true,"href":"https:\/\/www.diarioimagen.net\/index.php?rest_route=%2Fwp%2Fv2%2Ftags&post=536900"}],"curies":[{"name":"wp","href":"https:\/\/api.w.org\/{rel}","templated":true}]}}