{"id":536902,"date":"2022-02-23T00:03:31","date_gmt":"2022-02-23T06:03:31","guid":{"rendered":"https:\/\/www.diarioimagen.net\/?p=536902"},"modified":"2022-02-23T04:13:35","modified_gmt":"2022-02-23T10:13:35","slug":"rechaza-el-pan-violencia-entre-diputados-se-privilegia-dialogo-de-altura-anuar-azar","status":"publish","type":"post","link":"https:\/\/www.diarioimagen.net\/?p=536902","title":{"rendered":"Rechaza el PAN violencia entre diputados; se privilegia di\u00e1logo de altura: Anuar Azar"},"content":{"rendered":"<p>&nbsp;<\/p>\n<ul>\n<li><strong><em>Tras esc\u00e1ndalo en el Congreso mexiquense<\/em><\/strong><\/li>\n<\/ul>\n<p>&nbsp;<\/p>\n<h6>Arturo Baena<\/h6>\n<p>&nbsp;<\/p>\n<div id=\"attachment_536996\" style=\"width: 470px\" class=\"wp-caption aligncenter\"><a href=\"https:\/\/www.diarioimagen.net\/?attachment_id=536996\" rel=\"attachment wp-att-536996\"><img loading=\"lazy\" decoding=\"async\" aria-describedby=\"caption-attachment-536996\" class=\"size-full wp-image-536996\" src=\"https:\/\/www.diarioimagen.net\/wp-content\/uploads\/2022\/02\/BAENA3.jpg\" alt=\"\" width=\"460\" height=\"270\" \/><\/a><p id=\"caption-attachment-536996\" class=\"wp-caption-text\">El dirigente estatal del PAN, Anuar Azar Figueroa, le apost\u00f3 al debate y di\u00e1logo de altura en el Congreso local.<\/p><\/div>\n<p>&nbsp;<\/p>\n<p><strong>Naucalpan, Estado de M\u00e9xico.\u2014<\/strong> Luego del esc\u00e1ndalo que protagonizaron dos legisladores en el Congreso mexiquense, el dirigente estatal del PAN, Anuar Azar Figueroa, le apost\u00f3 al debate y di\u00e1logo de altura.<\/p>\n<p>\u201cEl di\u00e1logo con miras de altura, el debate de ideas entre los legisladores debe ser leal en defensa de sus ideales pol\u00edticos y personales entre las diferentes fracciones parlamentarias, sobre todo con gran respeto por el mensaje que se debe enviar a la ciudadan\u00eda, por lo que Acci\u00f3n Nacional en el Estado de M\u00e9xico rechaza la violencia entre diputados y los actos sucedidos en la C\u00e1mara de Diputadas y Diputados mexiquense\u201d.<\/p>\n<p>Azar Figueroa sostuvo una reuni\u00f3n \u00a0con el diputado Francisco Santos Arreola sobre los hechos sucedidos recientemente en el recinto legislativo.<\/p>\n<p>El diputado Francisco Santos Arreola expres\u00f3 que ofrec\u00eda a la ciudadan\u00eda, a las y los mexiquenses, as\u00ed como sus pares, una disculpa p\u00fablica por los lamentables actos ocurridos y se comprometi\u00f3 a nunca m\u00e1s tener este tipo violencia verbal.<\/p>\n<p>Anuar Azar se\u00f1al\u00f3 que Acci\u00f3n Nacional siempre ser\u00e1 respetuoso del debate en la tribuna, pues el PAN siempre se ha caracterizado por ser as\u00ed, no llamar a la violencia y enviar mensajes claros de una oposici\u00f3n responsable y de contrapeso, pero jam\u00e1s violenta.<\/p>\n","protected":false},"excerpt":{"rendered":"<p>Luego del esc\u00e1ndalo que protagonizaron dos legisladores en el Congreso mexiquense, el dirigente estatal del PAN, Anuar Azar Figueroa, le apost\u00f3 al debate y di\u00e1logo de altura.<\/p>\n","protected":false},"author":3,"featured_media":536996,"comment_status":"open","ping_status":"open","sticky":false,"template":"","format":"standard","meta":{"_monsterinsights_skip_tracking":false,"_monsterinsights_sitenote_active":false,"_monsterinsights_sitenote_note":"","_monsterinsights_sitenote_category":0,"footnotes":""},"categories":[5],"tags":[93647,43675,970,91,5066],"class_list":["post-536902","post","type-post","status-publish","format-standard","has-post-thumbnail","hentry","category-estado-de-mexico","tag-anuar-azar","tag-estado-de-mexico","tag-naucalpan","tag-pan","tag-violencia"],"_links":{"self":[{"href":"https:\/\/www.diarioimagen.net\/index.php?rest_route=\/wp\/v2\/posts\/536902","targetHints":{"allow":["GET"]}}],"collection":[{"href":"https:\/\/www.diarioimagen.net\/index.php?rest_route=\/wp\/v2\/posts"}],"about":[{"href":"https:\/\/www.diarioimagen.net\/index.php?rest_route=\/wp\/v2\/types\/post"}],"author":[{"embeddable":true,"href":"https:\/\/www.diarioimagen.net\/index.php?rest_route=\/wp\/v2\/users\/3"}],"replies":[{"embeddable":true,"href":"https:\/\/www.diarioimagen.net\/index.php?rest_route=%2Fwp%2Fv2%2Fcomments&post=536902"}],"version-history":[{"count":0,"href":"https:\/\/www.diarioimagen.net\/index.php?rest_route=\/wp\/v2\/posts\/536902\/revisions"}],"wp:featuredmedia":[{"embeddable":true,"href":"https:\/\/www.diarioimagen.net\/index.php?rest_route=\/wp\/v2\/media\/536996"}],"wp:attachment":[{"href":"https:\/\/www.diarioimagen.net\/index.php?rest_route=%2Fwp%2Fv2%2Fmedia&parent=536902"}],"wp:term":[{"taxonomy":"category","embeddable":true,"href":"https:\/\/www.diarioimagen.net\/index.php?rest_route=%2Fwp%2Fv2%2Fcategories&post=536902"},{"taxonomy":"post_tag","embeddable":true,"href":"https:\/\/www.diarioimagen.net\/index.php?rest_route=%2Fwp%2Fv2%2Ftags&post=536902"}],"curies":[{"name":"wp","href":"https:\/\/api.w.org\/{rel}","templated":true}]}}