{"id":536906,"date":"2022-02-23T00:01:46","date_gmt":"2022-02-23T06:01:46","guid":{"rendered":"https:\/\/www.diarioimagen.net\/?p=536906"},"modified":"2022-02-23T04:10:03","modified_gmt":"2022-02-23T10:10:03","slug":"gobierno-de-huixquilucan-instala-su-comite-de-plan-de-desarrollo-municipal-para-evaluar-politicas-publicas","status":"publish","type":"post","link":"https:\/\/www.diarioimagen.net\/?p=536906","title":{"rendered":"Gobierno de Huixquilucan instala su comit\u00e9 de plan de desarrollo municipal para evaluar pol\u00edticas p\u00fablicas"},"content":{"rendered":"<p>&nbsp;<\/p>\n<p><a href=\"https:\/\/www.diarioimagen.net\/?attachment_id=536990\" rel=\"attachment wp-att-536990\"><img loading=\"lazy\" decoding=\"async\" class=\"aligncenter size-full wp-image-536990\" src=\"https:\/\/www.diarioimagen.net\/wp-content\/uploads\/2022\/02\/huixquilucan-16.jpg\" alt=\"\" width=\"460\" height=\"270\" \/><\/a><\/p>\n<p>&nbsp;<\/p>\n<p><strong>Huixquilucan, Estado de M\u00e9xico<\/strong><strong>.\u2014 <\/strong>Al encabezar la instalaci\u00f3n del Comit\u00e9 de Planeaci\u00f3n para el Desarrollo Municipal (Coplademun), la presidenta municipal de Huixquilucan destac\u00f3 que este instrumento permitir\u00e1 fortalecer la evaluaci\u00f3n como un elemento clave para conocer los avances que se tienen de las pol\u00edticas p\u00fablicas incluidas en el Plan de Desarrollo Municipal, especialmente, las relacionadas en materia de protecci\u00f3n civil, salud, educaci\u00f3n y deporte, entre otras, a fin de proteger la vida, la salud y el sano desarrollo de las personas.<\/p>\n<p>\u201cEstoy convencida que lo que no se mide, no se puede evaluar, y lo que no se eval\u00faa, no se puede mejorar. Con el Coplademun fortaleceremos la evaluaci\u00f3n como elemento clave en el monitoreo, seguimiento y evaluaci\u00f3n de nuestro Plan de Desarrollo Municipal\u201d, resalt\u00f3.<\/p>\n","protected":false},"excerpt":{"rendered":"<p>Al encabezar la instalaci\u00f3n del Comit\u00e9 de Planeaci\u00f3n para el Desarrollo Municipal (Coplademun), la presidenta municipal de Huixquilucan destac\u00f3 que este instrumento permitir\u00e1 fortalecer la evaluaci\u00f3n como un elemento clave para conocer los avances que se tienen de las pol\u00edticas p\u00fablicas incluidas en el Plan de Desarrollo Municipal, especialmente, las relacionadas en materia de protecci\u00f3n civil, salud, educaci\u00f3n y deporte, entre otras, a fin de proteger la vida, la salud y el sano desarrollo de las personas.<\/p>\n","protected":false},"author":3,"featured_media":536990,"comment_status":"open","ping_status":"open","sticky":false,"template":"","format":"standard","meta":{"_monsterinsights_skip_tracking":false,"_monsterinsights_sitenote_active":false,"_monsterinsights_sitenote_note":"","_monsterinsights_sitenote_category":0,"footnotes":""},"categories":[5],"tags":[31416,43675,94667,1097],"class_list":["post-536906","post","type-post","status-publish","format-standard","has-post-thumbnail","hentry","category-estado-de-mexico","tag-desarrollo","tag-estado-de-mexico","tag-evaluar","tag-huixquilucan"],"_links":{"self":[{"href":"https:\/\/www.diarioimagen.net\/index.php?rest_route=\/wp\/v2\/posts\/536906","targetHints":{"allow":["GET"]}}],"collection":[{"href":"https:\/\/www.diarioimagen.net\/index.php?rest_route=\/wp\/v2\/posts"}],"about":[{"href":"https:\/\/www.diarioimagen.net\/index.php?rest_route=\/wp\/v2\/types\/post"}],"author":[{"embeddable":true,"href":"https:\/\/www.diarioimagen.net\/index.php?rest_route=\/wp\/v2\/users\/3"}],"replies":[{"embeddable":true,"href":"https:\/\/www.diarioimagen.net\/index.php?rest_route=%2Fwp%2Fv2%2Fcomments&post=536906"}],"version-history":[{"count":0,"href":"https:\/\/www.diarioimagen.net\/index.php?rest_route=\/wp\/v2\/posts\/536906\/revisions"}],"wp:featuredmedia":[{"embeddable":true,"href":"https:\/\/www.diarioimagen.net\/index.php?rest_route=\/wp\/v2\/media\/536990"}],"wp:attachment":[{"href":"https:\/\/www.diarioimagen.net\/index.php?rest_route=%2Fwp%2Fv2%2Fmedia&parent=536906"}],"wp:term":[{"taxonomy":"category","embeddable":true,"href":"https:\/\/www.diarioimagen.net\/index.php?rest_route=%2Fwp%2Fv2%2Fcategories&post=536906"},{"taxonomy":"post_tag","embeddable":true,"href":"https:\/\/www.diarioimagen.net\/index.php?rest_route=%2Fwp%2Fv2%2Ftags&post=536906"}],"curies":[{"name":"wp","href":"https:\/\/api.w.org\/{rel}","templated":true}]}}