{"id":536929,"date":"2022-02-23T00:13:40","date_gmt":"2022-02-23T06:13:40","guid":{"rendered":"https:\/\/www.diarioimagen.net\/?p=536929"},"modified":"2022-02-23T04:18:21","modified_gmt":"2022-02-23T10:18:21","slug":"organizaciones-piden-a-la-ssa-que-se-inmunice-a-ninos-en-mexico","status":"publish","type":"post","link":"https:\/\/www.diarioimagen.net\/?p=536929","title":{"rendered":"Organizaciones piden a la Ssa que se inmunice a ni\u00f1os en M\u00e9xico"},"content":{"rendered":"<p>&nbsp;<\/p>\n<ul>\n<li><strong><em>Varios pa\u00edses ya est\u00e1n aplicando dosis pedi\u00e1trica anti-Covid<\/em><\/strong><\/li>\n<\/ul>\n<p>&nbsp;<\/p>\n<div id=\"attachment_537011\" style=\"width: 470px\" class=\"wp-caption aligncenter\"><a href=\"https:\/\/www.diarioimagen.net\/?attachment_id=537011\" rel=\"attachment wp-att-537011\"><img loading=\"lazy\" decoding=\"async\" aria-describedby=\"caption-attachment-537011\" class=\"size-full wp-image-537011\" src=\"https:\/\/www.diarioimagen.net\/wp-content\/uploads\/2022\/02\/vacuna-infantes.jpg\" alt=\"\" width=\"460\" height=\"270\" \/><\/a><p id=\"caption-attachment-537011\" class=\"wp-caption-text\">Varios pa\u00edses ya est\u00e1n aplicando la vacuna contra Covid-19 a ni\u00f1os menores de 12 a\u00f1os.<\/p><\/div>\n<p>&nbsp;<\/p>\n<p>Organizaciones civiles exigieron a las autoridades de Salud de M\u00e9xico la vacunaci\u00f3n contra Covid-19 de la poblaci\u00f3n de entre 5 y 14 a\u00f1os, pues hay un registro oficial de m\u00e1s de mil menores muertos debido al coronavirus.<\/p>\n<p>M\u00e1s de una decena de organizaciones, encabezadas por la Red por los Derechos de la Infancia en M\u00e9xico (Redim), las asociaciones precisaron que hasta el pasado 30 de enero, la propia Secretar\u00eda de Salud federal ha reportado 295,233 contagios, 12,977 hospitalizaciones, 971 intubaciones y 1,088 defunciones en el rango de edad de 0 a 17 a\u00f1os debido a la Covid-19.<\/p>\n<p>Denunciaron que pese a que est\u00e1n por cumplirse dos a\u00f1os de la pandemia y se siguen desarrollando variantes cada vez m\u00e1s contagiosas, adem\u00e1s de que el gobierno mexicano aplica dosis de refuerzo a adultos, todav\u00eda no se planea adquirir vacunas para la poblaci\u00f3n de entre 5 y 14 a\u00f1os de edad, \u201cni est\u00e1n incluidos en la estrategia nacional de vacunaci\u00f3n\u201d.<\/p>\n<p>Esto, pese a tener una pol\u00edtica de regreso a clases presenciales, en la que, precisaron, el Gobierno \u201cno considera todas las previsiones necesarias para salvaguardar la salud de ni\u00f1as, ni\u00f1os y adolescentes\u201d, por lo que muchas familias han optado por no enviar a sus hijos a la escuela. Aseguraron que se ha ignorado el posible desarrollo del Covid-19 persistente o largo y se comunica un mensaje de falsa seguridad que expone a los menores \u201ca un riesgo de contagio a\u00fan mayor\u201d.<\/p>\n<p>Recordaron que la vacuna Pfizer-BioNTech fue aprobada por la Agencia Europea de Medicamentos (EMA) y los organismos reguladores de Estados Unidos (FDA\/CDC) para aplicaci\u00f3n de dos dosis (de 5 a 11 a\u00f1os de edad) y tres dosis (de 12 a 17 a\u00f1os de edad), exaltando importantes beneficios para esta poblaci\u00f3n.<\/p>\n<p>\u201cSin embargo, la negativa para la vacunaci\u00f3n generalizada de ni\u00f1as y ni\u00f1os de 5 a 12 a\u00f1os contin\u00faa en nuestro territorio nacional\u201d, dijeron, contrario a lo que sucede en consulados mexicanos de Estados Unidos y en otros pa\u00edses, donde ya se ha decidido vacunar a ese grupo etario.<\/p>\n<p>\u201cNo podemos permitir que se sigan poniendo los derechos humanos de la ni\u00f1ez y adolescencia mexicana, en perspectiva adultoc\u00e9ntrica, en segundo plano. La omisi\u00f3n y el desd\u00e9n resultan inaceptables\u201d, aseveraron las entidades civiles.<\/p>\n<p>Finalmente, dijeron que no se pueden seguir \u201cesperando milagros\u201d ni que la pandemia llegue a su l\u00edmite para tomar acciones.<\/p>\n<p>\u201cExigimos que se dise\u00f1en las medidas de pol\u00edtica p\u00fablica para tales efectos, que se validen socialmente, y que se destinen los recursos necesarios para realizar una jornada de vacunaci\u00f3n generalizada para las ni\u00f1as, ni\u00f1os y adolescentes en M\u00e9xico\u201d, concluyeron.<\/p>\n<p>M\u00e9xico suma m\u00e1s de 5.36 millones de casos de Covid-19 y 314,598 decesos, lo que le convierte en el quinto pa\u00eds del mundo con m\u00e1s fallecimientos por esta causa, por detr\u00e1s de Estados Unidos, Brasil, India y Rusia, seg\u00fan el recuento de la Universidad Johns Hopkins.<\/p>\n","protected":false},"excerpt":{"rendered":"<p>Organizaciones civiles exigieron a las autoridades de Salud de M\u00e9xico la vacunaci\u00f3n contra Covid-19 de la poblaci\u00f3n de entre 5 y 14 a\u00f1os, pues hay un registro oficial de m\u00e1s de mil menores muertos debido al coronavirus.<\/p>\n","protected":false},"author":3,"featured_media":537011,"comment_status":"open","ping_status":"open","sticky":false,"template":"","format":"standard","meta":{"_monsterinsights_skip_tracking":false,"_monsterinsights_sitenote_active":false,"_monsterinsights_sitenote_note":"","_monsterinsights_sitenote_category":0,"footnotes":""},"categories":[877],"tags":[94671,92983,94672,43692],"class_list":["post-536929","post","type-post","status-publish","format-standard","has-post-thumbnail","hentry","category-salud","tag-agencia-europea-de-medicamentos","tag-ema","tag-redim","tag-salud"],"_links":{"self":[{"href":"https:\/\/www.diarioimagen.net\/index.php?rest_route=\/wp\/v2\/posts\/536929","targetHints":{"allow":["GET"]}}],"collection":[{"href":"https:\/\/www.diarioimagen.net\/index.php?rest_route=\/wp\/v2\/posts"}],"about":[{"href":"https:\/\/www.diarioimagen.net\/index.php?rest_route=\/wp\/v2\/types\/post"}],"author":[{"embeddable":true,"href":"https:\/\/www.diarioimagen.net\/index.php?rest_route=\/wp\/v2\/users\/3"}],"replies":[{"embeddable":true,"href":"https:\/\/www.diarioimagen.net\/index.php?rest_route=%2Fwp%2Fv2%2Fcomments&post=536929"}],"version-history":[{"count":0,"href":"https:\/\/www.diarioimagen.net\/index.php?rest_route=\/wp\/v2\/posts\/536929\/revisions"}],"wp:featuredmedia":[{"embeddable":true,"href":"https:\/\/www.diarioimagen.net\/index.php?rest_route=\/wp\/v2\/media\/537011"}],"wp:attachment":[{"href":"https:\/\/www.diarioimagen.net\/index.php?rest_route=%2Fwp%2Fv2%2Fmedia&parent=536929"}],"wp:term":[{"taxonomy":"category","embeddable":true,"href":"https:\/\/www.diarioimagen.net\/index.php?rest_route=%2Fwp%2Fv2%2Fcategories&post=536929"},{"taxonomy":"post_tag","embeddable":true,"href":"https:\/\/www.diarioimagen.net\/index.php?rest_route=%2Fwp%2Fv2%2Ftags&post=536929"}],"curies":[{"name":"wp","href":"https:\/\/api.w.org\/{rel}","templated":true}]}}