{"id":536942,"date":"2022-02-23T00:15:58","date_gmt":"2022-02-23T06:15:58","guid":{"rendered":"https:\/\/www.diarioimagen.net\/?p=536942"},"modified":"2022-02-23T00:09:07","modified_gmt":"2022-02-23T06:09:07","slug":"las-cifras-alegres","status":"publish","type":"post","link":"https:\/\/www.diarioimagen.net\/?p=536942","title":{"rendered":"Las cifras alegres"},"content":{"rendered":"<h2>Por la Derecha..!<\/h2>\n<h5>Luis \u00c1ngel Garc\u00eda<\/h5>\n<p>&nbsp;<\/p>\n<p>El gobierno federal present\u00f3 las cifras de incidencia delictiva y para no perder la costumbre, manej\u00f3 la numeralia a su antojo. Acomodaron los datos a su conveniencia, de tal suerte que, en la versi\u00f3n 4T, ya se control\u00f3 el problema de la inseguridad. Somos un pueblo feliz, feliz, feliz, porque descendieron casi por arte de magia los homicidios dolosos, el secuestro, la violencia intrafamiliar, los feminicidios y otros delitos.<\/p>\n<p>Pero los otros datos de la terca realidad demuestran que la seguridad es la gran asignatura pendiente de esta administraci\u00f3n. A los datos duros, comparados como debe ser, mes contra mes, a\u00f1o contra a\u00f1o, dif\u00edcilmente podr\u00e1 demostrarse una mejor\u00eda. La percepci\u00f3n de inseguridad se incrementa cuando se ven noticias de cuerpos apilados afuera del Palacio de Gobierno de Zacatecas o en las carreteras de Veracruz o cad\u00e1veres tirados en las calles de Fresnillo y P\u00e1nfilo Nateras, cuando se asesinan turistas y mafiosos extranjeros en Canc\u00fan. O los j\u00f3venes levantados en Sonora, el encuentro casi cotidiano de fosas clandestinas, los cinco universitarios arteramente ejecutados en la capital de Zacatecas al salir de un bar. La muerte de polic\u00edas estatales y municipales, las agresiones y muerte de ind\u00edgenas en Chiapas.<\/p>\n<p>El asesinato de periodistas y defensores de derechos humanos, el desplazamiento de comunidades enteras en Michoac\u00e1n y otros estados, familias que huyen de la violencia generada por el crimen organizado, quienes despojan de sus tierras a los pobladores. Es triste el papel que realizan las fuerzas armadas en el acompa\u00f1amiento, por seis horas, de los desplazados, no para garantizar la seguridad de su retorno a sus comunidades, sino para que rescaten las pocas pertenencias que les dejaron los criminales en sus destruidas o quemadas casas.<\/p>\n<p>Pueblos fantasma hay en Michoac\u00e1n, Zacatecas, Oaxaca y Chiapas. Esa tambi\u00e9n es inseguridad.<\/p>\n<p>As\u00ed que el gobierno no debe cantar victoria ni presentar cifras alegres, porque s\u00f3lo maquillan la realidad. La verdad es que, en el acumulado, en este sexenio se han asesinado a casi 110 mil mexicanos, m\u00e1s que en ning\u00fan otro sexenio. Hay 95 mil desapariciones forzadas -en marzo presentar\u00e1 su informe y recomendaci\u00f3n el Comit\u00e9 de Desapariciones Forzadas de la ONU, el cual adelant\u00f3 que las desapariciones no son cosa del pasado, sino una pr\u00e1ctica vigente en la que intervienen agentes del Estado en complicidad con la delincuencia organizada-, y es la sociedad civil, como los grupos Madres Buscadoras, quienes han encontrado a sus familiares en recorridos extenuantes por desiertos, sierras y monta\u00f1as, sin m\u00e1s herramienta que sus manos, sin el apoyo oficial ni la tecnolog\u00eda que poseen algunos servicios forenses en los estados.<\/p>\n<p>El crimen organizado ha desbordado a las autoridades, no s\u00f3lo es el narcotr\u00e1fico, sino la venta de armas, la trata de personas, el secuestro, la extorsi\u00f3n y el cobro de piso y la consecuente ola de violencia que generan sus masacres y ajuste de cuentas. Y ahora tambi\u00e9n la violencia pol\u00edtica, la cual provoca homicidios, desapariciones y secuestros.<\/p>\n<p>Pero brillantes bur\u00f3cratas ya encontraron una explicaci\u00f3n a las masacres y regadero de cad\u00e1veres: \u201cSon actos desesperados de grupos criminales ante el combate que realizan los gobiernos para aniquilarlos\u201d. Nada m\u00e1s alejado de la realidad. Ante la falta de gobernabilidad y una fallida pol\u00edtica p\u00fablica de seguridad, las bandas se disputan cruentamente territorios y mercados.<\/p>\n<p>Mientras en Colombia tienen narcotraficantes de cuarta generaci\u00f3n, que no pelean, sino comercian entre ellos y buscan nuevas oportunidades en el lavado de dinero mediante consorcios globales, nosotros todav\u00eda padecemos a delincuentes de primera generaci\u00f3n, silvestres, violentos, incultos que se enfrentan por territorios y mercado que defienden a sangre y fuego.<\/p>\n<p>As\u00ed que las cifras alegres son un espejismo y por el bien de todos los mexicanos, esperemos no se las crea el propio gobierno. Las estad\u00edsticas deben servir para dise\u00f1ar estrategias de inteligencia que permitan atacar la criminalidad con la fuerza del Estado y no pensar que con las becas a los ninis se acabar\u00e1n los sicarios.<\/p>\n","protected":false},"excerpt":{"rendered":"<p><span style=\"color: #005497;\"><strong>Luis \u00c1ngel Garc\u00eda<\/strong><\/span><br \/>\n<br \/>\nEl gobierno federal present\u00f3 las cifras de incidencia delictiva y para no perder la costumbre, manej\u00f3 la numeralia a su antojo. Acomodaron los datos a su conveniencia, de tal suerte que, en la versi\u00f3n 4T, ya se control\u00f3 el problema de la inseguridad.<\/p>\n","protected":false},"author":3,"featured_media":0,"comment_status":"open","ping_status":"open","sticky":false,"template":"","format":"standard","meta":{"_monsterinsights_skip_tracking":false,"_monsterinsights_sitenote_active":false,"_monsterinsights_sitenote_note":"","_monsterinsights_sitenote_category":0,"footnotes":""},"categories":[92115],"tags":[92117,92116],"class_list":["post-536942","post","type-post","status-publish","format-standard","hentry","category-luis-angel-garcia","tag-luis-angel-garcia","tag-por-la-derecha"],"_links":{"self":[{"href":"https:\/\/www.diarioimagen.net\/index.php?rest_route=\/wp\/v2\/posts\/536942","targetHints":{"allow":["GET"]}}],"collection":[{"href":"https:\/\/www.diarioimagen.net\/index.php?rest_route=\/wp\/v2\/posts"}],"about":[{"href":"https:\/\/www.diarioimagen.net\/index.php?rest_route=\/wp\/v2\/types\/post"}],"author":[{"embeddable":true,"href":"https:\/\/www.diarioimagen.net\/index.php?rest_route=\/wp\/v2\/users\/3"}],"replies":[{"embeddable":true,"href":"https:\/\/www.diarioimagen.net\/index.php?rest_route=%2Fwp%2Fv2%2Fcomments&post=536942"}],"version-history":[{"count":0,"href":"https:\/\/www.diarioimagen.net\/index.php?rest_route=\/wp\/v2\/posts\/536942\/revisions"}],"wp:attachment":[{"href":"https:\/\/www.diarioimagen.net\/index.php?rest_route=%2Fwp%2Fv2%2Fmedia&parent=536942"}],"wp:term":[{"taxonomy":"category","embeddable":true,"href":"https:\/\/www.diarioimagen.net\/index.php?rest_route=%2Fwp%2Fv2%2Fcategories&post=536942"},{"taxonomy":"post_tag","embeddable":true,"href":"https:\/\/www.diarioimagen.net\/index.php?rest_route=%2Fwp%2Fv2%2Ftags&post=536942"}],"curies":[{"name":"wp","href":"https:\/\/api.w.org\/{rel}","templated":true}]}}