{"id":536944,"date":"2022-02-23T00:00:10","date_gmt":"2022-02-23T06:00:10","guid":{"rendered":"https:\/\/www.diarioimagen.net\/?p=536944"},"modified":"2022-02-23T00:11:56","modified_gmt":"2022-02-23T06:11:56","slug":"prevengamos-el-cancer","status":"publish","type":"post","link":"https:\/\/www.diarioimagen.net\/?p=536944","title":{"rendered":"Prevengamos el c\u00e1ncer"},"content":{"rendered":"<h2>Hora 14<\/h2>\n<h5>Mauricio Conde Olivares<\/h5>\n<p>&nbsp;<\/p>\n<p>Dise\u00f1adores y arquitectos anunciaron las nuevas tendencias que dictar\u00e1n los c\u00e1nones que se ver\u00e1n reflejados al interior de inmuebles, mismos que ser\u00e1n el reflejo del pensamiento arquitect\u00f3nico para 2022.<\/p>\n<p>Por su parte, la firma mexicana Diagrama de la mano de su empresa hermana, Huella Desarrollos, marcan un camino diferente. Su inter\u00e9s va m\u00e1s all\u00e1 de una tendencia, su foco est\u00e1 en que sus proyectos no se vean \u201cgen\u00e9ricos\u201d o est\u00e9riles, para evitar ser un edificio m\u00e1s dentro de la ciudad, especialmente en el caso urban\u00edstico de Playa del Carmen y de Tulum.<\/p>\n<p>\u201cNo ponemos mucha atenci\u00f3n en las tendencias de color o estilo que cambian a\u00f1o con a\u00f1o en el mundo del dise\u00f1o. Creemos que los proyectos que realizamos deben perdurar a trav\u00e9s del tiempo sin obviar el a\u00f1o en el que fueron construidos. Hemos identificado que en aquellos que nos llaman la atenci\u00f3n de \u00e9pocas pasadas, resaltan elementos que tienen que ver m\u00e1s con una ideolog\u00eda que con una moda\u201d, explic\u00f3 el equipo creativo de Diagrama Firma Arquitect\u00f3nica, que tiene presencia en ambos destinos tur\u00edsticos de Quintana Roo.<\/p>\n<p>Las l\u00edneas o tendencias que ellos manejan, en conjunto con Huella Desarrollos, se basan en perdurar y en pensar en las personas que habitar\u00e1n los espacios arquitect\u00f3nicos.<\/p>\n<p>Por eso, le comento la visi\u00f3n de ambas empresas que consiste en:<\/p>\n<p>M\u00e1s espacios verdes y al aire libre como jardines en la azotea y en las plantas bajas, terrazas o balcones en la mayor\u00eda de las unidades para que los inquilinos puedan estar en contacto con el ambiente. Realizar an\u00e1lisis y estudio detr\u00e1s del dise\u00f1o de cada proyecto para imaginar la vida de las personas que los van a habitar.<\/p>\n<p>En temas de interiorismo y decoraci\u00f3n, tanto en M\u00e9xico como Latinoam\u00e9rica, se ve m\u00e1s claro el valor a la labor artesanal y regresar al uso de los materiales locales sobre los materiales importados.<\/p>\n<p>Existe una conciencia mucho m\u00e1s profunda de la huella ecol\u00f3gica de la construcci\u00f3n.<\/p>\n<p>El \u201cresignificado del lujo\u201d tiene un enfoque mucho m\u00e1s natural.<\/p>\n<p>En hoteles y otros proyectos residenciales se usan m\u00e1s materiales naturales, m\u00e1s espacios en contacto con la naturaleza y el uso de energ\u00edas pasivas.<\/p>\n<p>Los espacios, como edificios o fincas que parec\u00edan abandonadas, ser\u00e1n reutilizados.<\/p>\n<p>En proyectos de arquitectura contempor\u00e1nea se utilizar\u00e1n maderas y piedras regionales, ladrillo, pastas entintadas con colores, entre otros.<\/p>\n<p>Huella Desarrollos y Diagrama, forman parte Levy Holding, grupo empresarial mexicano enfocado en innovar y ofrecer una mejor calidad de vida, desarrollando sus proyectos m\u00e1s all\u00e1 de una tendencia. Cada espacio arquitect\u00f3nico que dise\u00f1an en conjunto est\u00e1 basado en un gran an\u00e1lisis y estudio detr\u00e1s del dise\u00f1o. La apuesta de las firmas va m\u00e1s all\u00e1 de resolver un edificio de vivienda, comercios u oficinas, sino que entienden el lugar en el que van a estar situados e imaginan la vida de las personas que los van a habitar.<\/p>\n<p>Es necesario destacar que sus propuestas arquitect\u00f3nicas superan lo que se oferta com\u00fanmente dentro del desarrollo inmobiliario proponiendo amenidades pensadas espec\u00edficamente para el sector al que van dirigidos, aprovechando las vistas y el clima de cada regi\u00f3n del pa\u00eds en donde construimos.<\/p>\n<p>Para Diagrama y Huella Desarrollos es importante atender el inter\u00e9s del mercado por darle vida a los lugares olvidados, por lo que dentro de sus obras se encuentran espacios restaurados y adaptados como Casa Pedro y Casa Bleu, en Jalisco.<\/p>\n<p>A trav\u00e9s de la plataforma Fondo Dejando Huella, propia de Huella Desarrollos, los arquitectos del grupo han logrado fusionar el dise\u00f1o y la arquitectura. Un ejemplo de esto es Alcaza, un inmueble que recibe al p\u00fablico en general a trav\u00e9s de sus distintos espacios, pero se va dotando de privacidad al interior para quienes lo habitan.<\/p>\n<p>\u201cPropusimos dejar un espacio al frente del edificio, junto a la zona comercial, con una propuesta de paisajismo y bancas p\u00fablicas que puede utilizar cualquier peat\u00f3n. Tambi\u00e9n logramos designar un \u00e1rea considerable en la parte posterior del proyecto como un parque abierto al p\u00fablico que lo pueden usar las personas que viven en el edificio, pero tambi\u00e9n tiene acceso libre los vecinos de alrededor o cualquier persona que vaya caminando por esta zona\u201d, mencion\u00f3 Rosalba Levy, Vicepresidencia de Gobierno Corporativo, Medio Ambiente y Social de Levy Holding.<\/p>\n<p>Y, por \u00faltimo, otra tendencia de parte del grupo es la inclusi\u00f3n de espacios verdes y al aire libre, jardines en la azotea y en las plantas bajas, terrazas o balcones en la mayor\u00eda de las unidades para que los inquilinos puedan estar en contacto con el ambiente y que los espacios al interior tengan buena iluminaci\u00f3n y ventilaci\u00f3n natural.<\/p>\n<p>Diagrama Arquitectos cuenta con proyectos en Jalisco, Playa del Carmen, Tulum, La Paz, Ensenada y CDMX. Forma parte de Levy Holding empresa de origen jalisciense, que se preocupa por desarrollar proyectos que sean conscientes en su entorno con propuestas de calidad para los usuarios que los habitan y para la ciudad en la que se encuentra. Daremos seguimiento a estos proyectos desde el Caribe Mexicano.<\/p>\n<p>Por otra parte, le comento en el marco del D\u00eda Internacional Contra el C\u00e1ncer y el D\u00eda de la Lucha Contra el C\u00e1ncer Infantil algunos datos sobre este padecimiento: En M\u00e9xico tres de cada 10 muertes por c\u00e1ncer en la poblaci\u00f3n de 30 a 59 a\u00f1os, son consecuencia del c\u00e1ncer en \u00f3rganos digestivos.<\/p>\n<p>Los tipos de c\u00e1ncer con mayor \u00edndice de mortalidad son: el de pulm\u00f3n, de mama, colorrectal, de pr\u00f3stata y de est\u00f3mago.<\/p>\n<p>En la distribuci\u00f3n por sexo, se informa que hay m\u00e1s recuperaciones en hombres (51%) que en mujeres (49%) por c\u00e1ncer.<\/p>\n<p>Entre el 30% y el 50% de los c\u00e1nceres se pueden evitar, por lo que es necesario aplicar medidas preventivas como lo son las vacunas contra el VPH, el virus de hepatitis B, estudios cl\u00ednicos, diagn\u00f3stico y estadificaci\u00f3n que ayuden a la detecci\u00f3n temprana, adem\u00e1s de tener una buena alimentaci\u00f3n y actividad f\u00edsica.<\/p>\n<p>Como han se\u00f1alado especialistas, detectados a tiempo y tratados adecuadamente, las posibilidades de recuperaci\u00f3n para varios tipos de c\u00e1ncer son muy buenas. De los tipos de c\u00e1ncer m\u00e1s comunes, el 9.85% de los enfermos por c\u00e1ncer de pulm\u00f3n se recupera, el 73.4% de c\u00e1ncer de mama logra vencerlo y el 54.5% en c\u00e1ncer de pr\u00f3stata llega a remisi\u00f3n.<\/p>\n<p>Para cada tipo de c\u00e1ncer es necesario un tratamiento y protocolo espec\u00edfico, que va desde cirug\u00eda, radioterapia, quimioterapia, etc., por lo que es esencial un diagn\u00f3stico correcto para que se reciba el tratamiento adecuado. Se estima que en M\u00e9xico existen 735 cirujanos onc\u00f3logos, 50 ginec\u00f3logos onc\u00f3logos, 269 onc\u00f3logos m\u00e9dicos, 151 onc\u00f3logos pediatras y 180 radio onc\u00f3logos. Lo ideal es que cada m\u00e9dico atienda los padecimientos propios de su especialidad.<\/p>\n<p>Es importante contar con aseguramiento que brinde la libertad de tratamiento en cualquier hospital de su red, que cuente con una amplia red de proveedores, as\u00ed como incluir hospitalizaci\u00f3n, segundas opiniones en caso de inconformidad con la primera, y medicamentos, laboratorios y gabinetes que permitan mayor control y faciliten un diagn\u00f3stico temprano.<\/p>\n<p>\u201cEn Bupa nos interesamos por prevenir y tratar el c\u00e1ncer en M\u00e9xico, ya que es la tercera causa de muerte en el pa\u00eds. Como se sabe, una detecci\u00f3n a tiempo puede salvar vidas, por lo que procuramos compartir y divulgar informaci\u00f3n para que los mexicanos tengan esto en cuenta y puedan tratarse a tiempo\u201d, declar\u00f3 al respecto Fernando Lled\u00f3, director general de Bupa M\u00e9xico.<\/p>\n<p>Es necesario que sepa amable lector que planes como Bupa Nacional Plus y Bupa Nacional Vital proporcionan distintos beneficios a los asegurados para una adecuada prevenci\u00f3n y atenci\u00f3n, siendo aliados en su tratamiento y detecci\u00f3n, as\u00ed como proporcionarles cobertura en el extranjero en caso de un incidente mientras viajan.<\/p>\n<p>En este mes, acude a un chequeo regular con un especialista para continuar previniendo este y otros padecimientos que por la pandemia han quedado en pausa o que por falta de cultura de prevenci\u00f3n no se les detecta a tiempo; empero, lo anterior ser\u00e1 motivo de otro an\u00e1lisis en posterior entrega de <strong><em>Hora 14<\/em><\/strong>.<\/p>\n<p><em><a href=\"mailto:%20mauricio_conde@msn.com\" target=\"_blank\" rel=\"noopener noreferrer\">mauricioconde59@outlook.com<\/a><\/em><br \/>\n<em><a href=\"https:\/\/twitter.com\/mauconde\" target=\"_blank\" rel=\"noopener noreferrer\">@mauconde<\/a> <\/em><br \/>\n<em><a href=\"https:\/\/mauriciocondeblog.wordpress.com\" target=\"_blank\" rel=\"noopener noreferrer\">https:\/\/mauriciocondeblog.wordpress.com<\/a><\/em><\/p>\n","protected":false},"excerpt":{"rendered":"<p><span style=\"color: #005497;\"><strong>Mauricio Conde Olivares<\/strong><\/span><\/p>\n","protected":false},"author":3,"featured_media":0,"comment_status":"open","ping_status":"open","sticky":false,"template":"","format":"standard","meta":{"_monsterinsights_skip_tracking":false,"_monsterinsights_sitenote_active":false,"_monsterinsights_sitenote_note":"","_monsterinsights_sitenote_category":0,"footnotes":""},"categories":[35889],"tags":[43712,43674,44860],"class_list":["post-536944","post","type-post","status-publish","format-standard","hentry","category-mauricio-conde-olivares","tag-mauricio-conde-olivares","tag-opinion","tag-hora-14"],"_links":{"self":[{"href":"https:\/\/www.diarioimagen.net\/index.php?rest_route=\/wp\/v2\/posts\/536944","targetHints":{"allow":["GET"]}}],"collection":[{"href":"https:\/\/www.diarioimagen.net\/index.php?rest_route=\/wp\/v2\/posts"}],"about":[{"href":"https:\/\/www.diarioimagen.net\/index.php?rest_route=\/wp\/v2\/types\/post"}],"author":[{"embeddable":true,"href":"https:\/\/www.diarioimagen.net\/index.php?rest_route=\/wp\/v2\/users\/3"}],"replies":[{"embeddable":true,"href":"https:\/\/www.diarioimagen.net\/index.php?rest_route=%2Fwp%2Fv2%2Fcomments&post=536944"}],"version-history":[{"count":0,"href":"https:\/\/www.diarioimagen.net\/index.php?rest_route=\/wp\/v2\/posts\/536944\/revisions"}],"wp:attachment":[{"href":"https:\/\/www.diarioimagen.net\/index.php?rest_route=%2Fwp%2Fv2%2Fmedia&parent=536944"}],"wp:term":[{"taxonomy":"category","embeddable":true,"href":"https:\/\/www.diarioimagen.net\/index.php?rest_route=%2Fwp%2Fv2%2Fcategories&post=536944"},{"taxonomy":"post_tag","embeddable":true,"href":"https:\/\/www.diarioimagen.net\/index.php?rest_route=%2Fwp%2Fv2%2Ftags&post=536944"}],"curies":[{"name":"wp","href":"https:\/\/api.w.org\/{rel}","templated":true}]}}