{"id":536947,"date":"2022-02-23T00:01:11","date_gmt":"2022-02-23T06:01:11","guid":{"rendered":"https:\/\/www.diarioimagen.net\/?p=536947"},"modified":"2022-02-23T00:16:18","modified_gmt":"2022-02-23T06:16:18","slug":"el-tio-lolo","status":"publish","type":"post","link":"https:\/\/www.diarioimagen.net\/?p=536947","title":{"rendered":"<em>El t\u00edo lolo<\/em>"},"content":{"rendered":"<h2>De pe a pa<\/h2>\n<h5>Alberto Vieyra G.<\/h5>\n<p>&nbsp;<\/p>\n<p>La frase de<em> le est\u00e1s haciendo al t\u00edo lolo<\/em>, es lo mismo que \u201chacerse g\u00fcey\u201d, \u201chacerle al tontito\u201d, \u201chacerse tarugo\u201d, ser distra\u00eddo, etc\u00e9tera.<\/p>\n<p>Y es que AMLO hace a la perfecci\u00f3n su papel del <em>t\u00edo lolo<\/em>, manteniendo al pueblo de M\u00e9xico en distractores como si se tratara de un circo, el circo del <em>t\u00edo lolo<\/em>.\u00a0 No le conviene que la prensa y los periodistas cr\u00edticos hablen del desastre econ\u00f3mico, del esc\u00e1ndalo que hunde a la familia presidencial y a la \u201cCuarta Transformaci\u00f3n\u201d, a cargo de Jos\u00e9 Ram\u00f3n L\u00f3pez Beltr\u00e1n y la \u201ccasita gris\u201d en Houston, que por cierto ese asuntito ya est\u00e1 siendo investigado por la Fiscal\u00eda General de la Rep\u00fablica; tampoco le entra al desastre en la salud p\u00fablica que encierra el desabasto de medicamentos y que est\u00e1 propiciando una mortandad, no s\u00f3lo porque de entrada, sepult\u00f3 al Seguro Popular creando un engendro llamado Insabi que <em>nadie sabi<\/em> para qu\u00e9 sirvi\u00f3 y que ahora experimenta queriendo federalizar la salud en M\u00e9xico. Qu\u00e9 esperanza que AMLO le entre al asunto de las masacres que vive el pa\u00eds, el apoderamiento de propiedades a cargo de criminales de los c\u00e1rteles o del M\u00e9xico macabro que se vive en su r\u00e9gimen fallido. AMLO distrae todo con esc\u00e1ndalos b\u00e9licos y ahora tambi\u00e9n de corrupci\u00f3n, contra sus adversarios o contra la prensa, el caso es no dejar de hacer el papel del <em>t\u00edo lolo<\/em>.<\/p>\n<p>\u00bfEst\u00e1 mal AMLO, la oposici\u00f3n, sus cr\u00edticos, sus <em>chairos<\/em> que lo hacen sentir como un Dios o los empresarios mexicanos y extranjeros a los que odia con toda su alma por el solo hecho de ganar m\u00e1s que \u00e9l?<\/p>\n<p>Y como el <em>t\u00edo lolo, <\/em>es un experto en esc\u00e1ndalos distractores y ret\u00f3ricas de enga\u00f1abobos, pues entonces se agarra el asunto de la revocaci\u00f3n de mandato con el que sus huestes morenistas hacen clandestinamente campa\u00f1a electoral en favor de la revocaci\u00f3n de mandato, aunque sepan o no que est\u00e1n violando la ley, una ley por cierto muy mamila que solamente entienden los consejeros del INE y que amerita una urgente reforma electoral que no viole a nadie el derecho a la libertad de expresi\u00f3n. La Revocaci\u00f3n de Mandato es una patra\u00f1a del <em>t\u00edo lolo<\/em> para distraernos de lo que realmente nos debe importar de los asuntos urgentes de resolver a nivel nacional. Eso de la \u201cdemocracia participativa\u201d es puro choro mareador del <em>t\u00edo Lolo. <\/em>Y le voy a demostrar por qu\u00e9.<\/p>\n<p>Para que la revocaci\u00f3n de mandato tenga validez oficial -legal- necesita que el 10 de abril vayan a las urnas m\u00ednimo 37 millones 250 mil electores de carne y hueso.\u00a0 La reforma constitucional sobre la Revocaci\u00f3n de Mandato fue aprobada en diciembre de 2019 con los votos de Morena y sus r\u00e9moras aliadas. Pero, hoy se quiere aplicar como al Presidente le gusta, sin quitarle puntos ni comas. Y, claro los que tambi\u00e9n le hacen al <em>t\u00edo lolo <\/em>hoy vociferan que hay violaciones a la ley que exige la instalaci\u00f3n de m\u00e1s de 161 mil casillas en el pa\u00eds, pero al jefe le doli\u00f3 el codo, solamente habr\u00e1 57 mil 300 casillas, un pu\u00f1ito y hasta la Corte autoriz\u00f3 que hab\u00eda que \u201cviolar la Constituci\u00f3n de a poquito\u201d.<\/p>\n<p>Para que el resultado del 10 de abril sea vinculatorio, es decir, v\u00e1lido conforme a la ley, tienen que participar un 40 por ciento de los anotados en la Lista Nominal de Electores. Y como dato recordar\u00e9 que, en las elecciones presidenciales de 2018, AMLO logr\u00f3 una votaci\u00f3n nunca vista: 30 millones 113 mil 483 votos, 53 por ciento del total. Tres a\u00f1os despu\u00e9s, en las intermedias de 2021, Morena apenas super\u00f3 la mitad con 16 millones 136 mil votos y le faltar\u00edan 21 millones 114 mil votos para llegar al constitucional 40 por ciento, para que se vaya a la rechintola. Pero como ello no ocurrir\u00e1, el <em>t\u00edo lolo <\/em>nos est\u00e1 mintiendo a todos.<\/p>\n<p><a href=\"mailto:info@agenciamn.com\" target=\"_blank\" rel=\"noopener noreferrer\"><em>info@agenciamn.com<\/em><\/a><\/p>\n","protected":false},"excerpt":{"rendered":"<p><span style=\"color: #005497;\"><strong>Alberto Vieyra G.<\/strong><\/span><\/p>\n","protected":false},"author":3,"featured_media":0,"comment_status":"open","ping_status":"open","sticky":false,"template":"","format":"standard","meta":{"_monsterinsights_skip_tracking":false,"_monsterinsights_sitenote_active":false,"_monsterinsights_sitenote_note":"","_monsterinsights_sitenote_category":0,"footnotes":""},"categories":[4596],"tags":[43697,4597,43674],"class_list":["post-536947","post","type-post","status-publish","format-standard","hentry","category-alberto-vieyra-g","tag-alberto-vieyra-g","tag-de-pe-a-pa","tag-opinion"],"_links":{"self":[{"href":"https:\/\/www.diarioimagen.net\/index.php?rest_route=\/wp\/v2\/posts\/536947","targetHints":{"allow":["GET"]}}],"collection":[{"href":"https:\/\/www.diarioimagen.net\/index.php?rest_route=\/wp\/v2\/posts"}],"about":[{"href":"https:\/\/www.diarioimagen.net\/index.php?rest_route=\/wp\/v2\/types\/post"}],"author":[{"embeddable":true,"href":"https:\/\/www.diarioimagen.net\/index.php?rest_route=\/wp\/v2\/users\/3"}],"replies":[{"embeddable":true,"href":"https:\/\/www.diarioimagen.net\/index.php?rest_route=%2Fwp%2Fv2%2Fcomments&post=536947"}],"version-history":[{"count":0,"href":"https:\/\/www.diarioimagen.net\/index.php?rest_route=\/wp\/v2\/posts\/536947\/revisions"}],"wp:attachment":[{"href":"https:\/\/www.diarioimagen.net\/index.php?rest_route=%2Fwp%2Fv2%2Fmedia&parent=536947"}],"wp:term":[{"taxonomy":"category","embeddable":true,"href":"https:\/\/www.diarioimagen.net\/index.php?rest_route=%2Fwp%2Fv2%2Fcategories&post=536947"},{"taxonomy":"post_tag","embeddable":true,"href":"https:\/\/www.diarioimagen.net\/index.php?rest_route=%2Fwp%2Fv2%2Ftags&post=536947"}],"curies":[{"name":"wp","href":"https:\/\/api.w.org\/{rel}","templated":true}]}}