{"id":536949,"date":"2022-02-23T00:05:13","date_gmt":"2022-02-23T06:05:13","guid":{"rendered":"https:\/\/www.diarioimagen.net\/?p=536949"},"modified":"2022-02-25T03:00:53","modified_gmt":"2022-02-25T09:00:53","slug":"ningun-aliciente-para-la-prensa","status":"publish","type":"post","link":"https:\/\/www.diarioimagen.net\/?p=536949","title":{"rendered":"Ning\u00fan aliciente para la prensa"},"content":{"rendered":"<h2>Perfil de M\u00e9xico<\/h2>\n<h5>Armando R\u00edos Ruiz<\/h5>\n<p>&nbsp;<\/p>\n<p>La prensa mexicana ya puede apostar a que jam\u00e1s tendr\u00e1 el respaldo de las autoridades que deber\u00edan idear defensas en a su favor, para evitar que los periodistas mueran por mandato de pol\u00edticos acusados en los medios, de los il\u00edcitos que cometen en su desempe\u00f1o y de la delincuencia que act\u00faa en su contra cuando es aludida, o cuando otros le pagan para acallar las voces que publican diversas fechor\u00edas.<\/p>\n<p>Desde antes de iniciar el presente sexenio, a\u00fan en campa\u00f1a, el Presidente inici\u00f3 un pleito rabioso contra cualquiera que le hiciera preguntas inc\u00f3modas. Las entrevistas terminaban en un disgusto gigantesco y las exhibiciones de intransigencia por su parte, comenzaron a menudear. Quedaba claro que dichos conflictos perdurar\u00edan, no a lo largo de la administraci\u00f3n presente, sino de la vida misma de un mandatario intolerante cien por ciento.<\/p>\n<p>Invent\u00f3 su propia prensa con j\u00f3venes que jam\u00e1s han escrito una l\u00ednea y que no pertenecen a empresa period\u00edstica alguna, a quienes les asignaron sueldos por hacer preguntas pre-elaboradas por el mismo vocero, que hasta hoy han mostrado un sentimiento amoroso para el que contesta, por su nulo contenido period\u00edstico y m\u00e1s que nada, para exhibir respuestas lucidoras.<\/p>\n<p>Las preguntas c\u00f3modas se notan inmediatamente. Los gestos del mismo mandatario delatan que le agradan. Ha destinado a veces, una hora para contestar el tema sugerido por quien formula un cuestionamiento.<\/p>\n<p>Esa es para \u00e9l, la prensa que vale la pena. La que no vale nada, m\u00e1s que para agradar a su amo y se\u00f1or. La que se pone a su servicio y le aplaude hasta porque sonr\u00ede. La que publica lindezas de su actuar, a\u00fan se trate de las peores noticias que todos los d\u00edas reparte, como las medidas adoptadas para acabar con el crimen, que lejos de servir, alientan a los criminales a adoptar quehaceres, tambi\u00e9n para asistir mejor al que manda en este pa\u00eds.<\/p>\n<p>Los asesinatos en M\u00e9xico de periodistas, que nos colocan en el primer lugar mundial de muertes, en ese rubro, han motivado que diversas asociaciones period\u00edsticas reclamen a M\u00e9xico, a sus autoridades encabezadas por el primer mandatario, su falta de congruencia con la profesi\u00f3n y que de hecho, permite que esos cr\u00edmenes se extiendan a todo el territorio nacional.<\/p>\n<p>En enero, cuando se hab\u00edan sumado otros tres asesinatos de periodistas a la lista (en total sumaron cinco), hubo reclamos, tanto en el pa\u00eds, como en otros. Surgieron voces de Estados Unidos, de Inglaterra, de Am\u00e9rica Latina, etc. Para pedir un alto a esos cr\u00edmenes. El Presidente se comprometi\u00f3, pero de los dientes hacia afuera, a poner un remedio. A unos cuantos d\u00edas, hoy ya no se acuerda o debe estar arrepentido de comprometerse a semejante tarea.<\/p>\n<p>A ra\u00edz de las investigaciones publicadas por Loret de Mola, su odio a la prensa seria se recrudeci\u00f3 y aument\u00f3. Continuar\u00e1 lanzando denuestos en contra, por todos lados. No parar\u00e1 un instante.\u00a0 Aun cuando esa actitud le ha reportado reveses sonoros y aun cuando esta tendencia se ve a la alza.<\/p>\n<p>La se\u00f1al de que todo seguir\u00e1 igual, est\u00e1 en su declaraci\u00f3n de que sus amigos le han pedido que no hable m\u00e1s de los medios de comunicaci\u00f3n. \u201cpero no lo har\u00e1 porque es un asunto pol\u00edtico peligroso\u201d. \u00bfPara qui\u00e9n?<\/p>\n<p>Se\u00f1al, insisto, de que no habr\u00e1 cambio de actitud. Como no lo ha habido en su proclama de que la 4T es el cambio que nadie, en m\u00e1s de tres a\u00f1os, ha visto. Durante los cuales hemos involucionado en todos los quehaceres de la gobernanza. Durante los cuales se ha acentuado una regresi\u00f3n que ya super\u00e1bamos y que par\u00f3 de tajo, para volvernos al pasado.<\/p>\n<p>En la misma ocasi\u00f3n manifest\u00f3 que los enemigos quisieran que \u201cla gente pensara que somos iguales\u2026 Si los hijos de Andr\u00e9s Manuel son iguales que los hijos de otros Presidentes, (quieren) igualarnos y no, no somos iguales, nosotros venimos de una lucha y tenemos ideales y principios\u201d. \u00bfC\u00f3mo, un periodista serio ser\u00eda capaz de aplaudir semejantes locuras?<u><\/u><\/p>\n<p><a href=\"mailto:ariosruiz@gmail.com\" target=\"_blank\" rel=\"noopener noreferrer\"><em>ariosruiz@gmail.com<\/em><\/a><\/p>\n","protected":false},"excerpt":{"rendered":"<p><span style=\"color: #005497;\"><strong>Armando R\u00edos Ruiz<\/strong><\/span><\/p>\n","protected":false},"author":3,"featured_media":0,"comment_status":"open","ping_status":"open","sticky":false,"template":"","format":"standard","meta":{"_monsterinsights_skip_tracking":false,"_monsterinsights_sitenote_active":false,"_monsterinsights_sitenote_note":"","_monsterinsights_sitenote_category":0,"footnotes":""},"categories":[88405],"tags":[88407,75367,43674,91193],"class_list":["post-536949","post","type-post","status-publish","format-standard","hentry","category-armando-rios-ruiz","tag-armando-rios-ruiz","tag-k","tag-opinion","tag-perfil-de-mexico"],"_links":{"self":[{"href":"https:\/\/www.diarioimagen.net\/index.php?rest_route=\/wp\/v2\/posts\/536949","targetHints":{"allow":["GET"]}}],"collection":[{"href":"https:\/\/www.diarioimagen.net\/index.php?rest_route=\/wp\/v2\/posts"}],"about":[{"href":"https:\/\/www.diarioimagen.net\/index.php?rest_route=\/wp\/v2\/types\/post"}],"author":[{"embeddable":true,"href":"https:\/\/www.diarioimagen.net\/index.php?rest_route=\/wp\/v2\/users\/3"}],"replies":[{"embeddable":true,"href":"https:\/\/www.diarioimagen.net\/index.php?rest_route=%2Fwp%2Fv2%2Fcomments&post=536949"}],"version-history":[{"count":0,"href":"https:\/\/www.diarioimagen.net\/index.php?rest_route=\/wp\/v2\/posts\/536949\/revisions"}],"wp:attachment":[{"href":"https:\/\/www.diarioimagen.net\/index.php?rest_route=%2Fwp%2Fv2%2Fmedia&parent=536949"}],"wp:term":[{"taxonomy":"category","embeddable":true,"href":"https:\/\/www.diarioimagen.net\/index.php?rest_route=%2Fwp%2Fv2%2Fcategories&post=536949"},{"taxonomy":"post_tag","embeddable":true,"href":"https:\/\/www.diarioimagen.net\/index.php?rest_route=%2Fwp%2Fv2%2Ftags&post=536949"}],"curies":[{"name":"wp","href":"https:\/\/api.w.org\/{rel}","templated":true}]}}