{"id":536956,"date":"2022-02-23T00:08:31","date_gmt":"2022-02-23T06:08:31","guid":{"rendered":"https:\/\/www.diarioimagen.net\/?p=536956"},"modified":"2022-02-23T00:24:23","modified_gmt":"2022-02-23T06:24:23","slug":"inseguridad-tiene-solucion","status":"publish","type":"post","link":"https:\/\/www.diarioimagen.net\/?p=536956","title":{"rendered":"Inseguridad, \u00bftiene soluci\u00f3n?"},"content":{"rendered":"<h2>Punto por punto<\/h2>\n<h5>Augusto Corro<\/h5>\n<p>&nbsp;<\/p>\n<p>Es m\u00faltiple el origen de la inseguridad que golpea a M\u00e9xico.<\/p>\n<p>Claro que son importantes las acciones de la delincuencia organizada, pero tambi\u00e9n influyen la pobreza y la impunidad.<\/p>\n<p>A grandes rasgos, en los \u00faltimos sexenios no se ha podido reducir, con eficacia, la espiral de violencia que ahoga al pa\u00eds.<\/p>\n<p>Por supuesto que juega un papel muy importante la impunidad. Las autoridades por temor o por corrupci\u00f3n no castigan a los delincuentes.<\/p>\n<p>Pero en el caso del combate a la delincuencia organizada ya se vio que los gobiernos panistas, priistas y morenistas no han podido regresar la seguridad a la poblaci\u00f3n.<\/p>\n<p>Por ejemplo, la estrategia contra los c\u00e1rteles de la droga no funcion\u00f3.<\/p>\n<p>En el sexenio del panista Felipe Calder\u00f3n la estrategia contra los delincuentes, si es que la hubo, en vez de derrotarlos los fortaleci\u00f3 y multiplic\u00f3.<\/p>\n<p>Con Enrique Pe\u00f1a Nieto continu\u00f3 m\u00e1s de lo mismo.<\/p>\n<p>En el presente gobierno de L\u00f3pez Obrador, la historia vuelve a repetirse. Lo medular del mensaje a la delincuencia es m\u00e1s que estimulante para delinquir.<\/p>\n<p>Nos referimos a la frase: \u201cAbrazos no balazos\u201d como discurso de buena voluntad al crimen organizado.<\/p>\n<p>La situaci\u00f3n de violencia crece y la poblaci\u00f3n est\u00e1 harta de presenciar hechos cruentos, de padecer secuestros y angustia permanente, debido a las pugnas entre los c\u00e1rteles de la droga.<\/p>\n<p>En Zacatecas, se dej\u00f3 crecer a las bandas criminales. Los c\u00e1rteles de la droga aprovecharon la oportunidad y ahora no hay manera de echarlos del estado.<\/p>\n<p>Ni siquiera la presencia de la Guardia Nacional intimid\u00f3 a los delincuentes que dif\u00edcilmente dejar\u00e1n de pelear por la plaza.<\/p>\n<p>Y esa misma situaci\u00f3n de violencia se vive en Caborca, Sonora. Los carteles de la droga son los que mandan.<\/p>\n<p>Los grupos criminales llegan a los pueblos a la hora que sea para intimidar a los ciudadanos y a sacarlos de sus hogares. Secuestran a los adversarios que despu\u00e9s aparecen sin vida.<\/p>\n<p>En Colima, la espiral de violencia, la actividad criminal es similar a la de otras entidades: Balaceras, muerte y secuestros.<\/p>\n<p>En Michoac\u00e1n, en la lucha entre los c\u00e1rteles de la droga se utilizan desde minas terrestres hasta drones en sus acciones belicosas. En ese estado tampoco se ve la manera de ofrecer seguridad a la poblaci\u00f3n.<\/p>\n<p>En las mismas condiciones de inseguridad se vive en Tamaulipas, Guerrero, Guanajuato, etc.<\/p>\n<p>Conforme avanza el tiempo, nuevos hechos violentos se registran en otras entidades.<\/p>\n<p>No parece tener fin el problema de la inseguridad. \u00bfO s\u00ed? Por lo pronto, el gobierno debe revisar su estrategia, que por ahora no brinda los frutos esperados.<\/p>\n<p style=\"text-align: center;\"><strong>El \u201cMijis\u201d sigue desaparecido<\/strong><\/p>\n<p>El activista y ex diputado potosino, Pedro Carrizales Becerra, conocido como el \u201cMijis\u201d, desapareci\u00f3 desde el 1 de febrero y su familia no sabe nada de \u00e9l.<\/p>\n<p>No es la primera vez que el pol\u00edtico es privado de la libertad. S\u00f3lo que en aquella ocasi\u00f3n no estuvo tanto tiempo secuestrado.<\/p>\n<p>En esta ocasi\u00f3n lleva semanas sin que las autoridades puedan dar con \u00e9l.<\/p>\n<p>En esta ocasi\u00f3n, el \u201cMijis\u201d envi\u00f3 el \u00faltimo audio a su pareja el 2 de febrero en el que le dijo que ya lo hab\u00edan soltado los polic\u00edas e iba a verla.<\/p>\n<p>El 9 de febrero, la Comisi\u00f3n Estatal de B\u00fasqueda de Personas en San Luis Potos\u00ed emiti\u00f3 una ficha de localizaci\u00f3n para ubicar a Pedro Carrizales Becerra, el \u201cMijis\u201d.<\/p>\n<p>A ra\u00edz de esa informaci\u00f3n, surgieron varios datos sobre sitios donde vieron al activista, principalmente en ciudades norte\u00f1as.\u00a0 Nada m\u00e1s.<\/p>\n<p>En M\u00e9xico es muy elevado el registro de desaparecidos a partir del sexenio del presidente Felipe Calder\u00f3n.<\/p>\n<p>\u00bfUsted qu\u00e9 opina amable lector?<\/p>\n<p><a href=\"mailto:aco2742@hotmail.com\" target=\"_blank\" rel=\"noopener noreferrer\"><em>aco2742@hotmail.com<\/em><\/a><\/p>\n","protected":false},"excerpt":{"rendered":"<p><span style=\"color: #005497;\"><strong>Augusto Corro<\/strong><\/span><\/p>\n","protected":false},"author":3,"featured_media":0,"comment_status":"open","ping_status":"open","sticky":false,"template":"","format":"standard","meta":{"_monsterinsights_skip_tracking":false,"_monsterinsights_sitenote_active":false,"_monsterinsights_sitenote_note":"","_monsterinsights_sitenote_category":0,"footnotes":""},"categories":[157],"tags":[43686,43674,11515],"class_list":["post-536956","post","type-post","status-publish","format-standard","hentry","category-augusto-corro","tag-augusto-corro","tag-opinion","tag-punto-por-punto"],"_links":{"self":[{"href":"https:\/\/www.diarioimagen.net\/index.php?rest_route=\/wp\/v2\/posts\/536956","targetHints":{"allow":["GET"]}}],"collection":[{"href":"https:\/\/www.diarioimagen.net\/index.php?rest_route=\/wp\/v2\/posts"}],"about":[{"href":"https:\/\/www.diarioimagen.net\/index.php?rest_route=\/wp\/v2\/types\/post"}],"author":[{"embeddable":true,"href":"https:\/\/www.diarioimagen.net\/index.php?rest_route=\/wp\/v2\/users\/3"}],"replies":[{"embeddable":true,"href":"https:\/\/www.diarioimagen.net\/index.php?rest_route=%2Fwp%2Fv2%2Fcomments&post=536956"}],"version-history":[{"count":0,"href":"https:\/\/www.diarioimagen.net\/index.php?rest_route=\/wp\/v2\/posts\/536956\/revisions"}],"wp:attachment":[{"href":"https:\/\/www.diarioimagen.net\/index.php?rest_route=%2Fwp%2Fv2%2Fmedia&parent=536956"}],"wp:term":[{"taxonomy":"category","embeddable":true,"href":"https:\/\/www.diarioimagen.net\/index.php?rest_route=%2Fwp%2Fv2%2Fcategories&post=536956"},{"taxonomy":"post_tag","embeddable":true,"href":"https:\/\/www.diarioimagen.net\/index.php?rest_route=%2Fwp%2Fv2%2Ftags&post=536956"}],"curies":[{"name":"wp","href":"https:\/\/api.w.org\/{rel}","templated":true}]}}