{"id":536968,"date":"2022-02-23T00:02:33","date_gmt":"2022-02-23T06:02:33","guid":{"rendered":"https:\/\/www.diarioimagen.net\/?p=536968"},"modified":"2022-02-23T00:54:08","modified_gmt":"2022-02-23T06:54:08","slug":"libertad-de-expresion-no-puede-ser-sujeta-a-previa-censura-cirt","status":"publish","type":"post","link":"https:\/\/www.diarioimagen.net\/?p=536968","title":{"rendered":"Libertad de expresi\u00f3n no puede ser sujeta a previa censura: CIRT"},"content":{"rendered":"<h2>La Retaguardia<\/h2>\n<h5>Adriana Moreno Cordero<\/h5>\n<p><strong>\u00a0<\/strong><\/p>\n<ul>\n<li><em><strong>\u00a0Ministro Guti\u00e9rrez Alc\u00e1ntara pretende<\/strong> <strong>censura oficial sobre radio y televisi\u00f3n<\/strong><\/em><\/li>\n<\/ul>\n<p>&nbsp;<\/p>\n<p>En nuestro pa\u00eds el contexto se endurece cada vez m\u00e1s y ello preocupa. Esto se puede palpar con los asesinatos de periodistas; los ataques -cada vez m\u00e1s radicales- dirigidos en su contra que salen de Palacio Nacional as\u00ed como un punto m\u00e1s que no debe de ser soslayado por la sociedad en su conjunto. Se trata del ejercicio de la libertad de expresi\u00f3n, misma que, definitivamente, no puede estar sujeta a previa censura, como se pretende hacer ahora desde la Suprema Corte de Justicia de la Naci\u00f3n (SCJN).<\/p>\n<p>Dicho tema se trat\u00f3 en la conferencia de prensa: \u201cLos medios de comunicaci\u00f3n en defensa de la libertad de expresi\u00f3n\u201d, ofrecida por el Consejo Directivo de la CIRT, entre ellos, su presidente <strong>Jos\u00e9 Antonio Garc\u00eda Herrera<\/strong> y <strong>Joaqu\u00edn Arrangoiz<\/strong>, de TV Azteca. Hicieron acto de presencia tambi\u00e9n, el senador morenista <strong>Jos\u00e9 Antonio \u00c1lvarez Lima<\/strong>, presidente de la Comisi\u00f3n de Radio, Televisi\u00f3n y Cinematograf\u00eda en la C\u00e1mara alta, as\u00ed como el diputado del PAN, <strong>Luis Alberto Mendoza Acevedo<\/strong>, presidente de la Comisi\u00f3n de Radio y Televisi\u00f3n en la C\u00e1mara baja.<\/p>\n<p>Garc\u00eda Herrera manifest\u00f3 la preocupaci\u00f3n del sector debido al marco censor que se impone sobre la radio y televisi\u00f3n mexicanas, as\u00ed como sobre sus comunicadores, lo que se ampl\u00eda en contra el periodismo nacional que ha visto n\u00fameros record de compa\u00f1eros muertos y amenazados sin que nadie, desde el gobierno federal, haga algo por terminar con este lascerante fen\u00f3meno.<\/p>\n<p>La coincidencia radic\u00f3 en que no se puede restringir el derecho de expresi\u00f3n por v\u00edas o medios indirectos, tales como el abuso de controles oficiales o particulares de papel para peri\u00f3dicos; de frecuencias radioel\u00e9ctricas, o de enseres y aparatos usados en la difusi\u00f3n de informaci\u00f3n o por cualesquiera otros medios encaminados a impedir la comunicaci\u00f3n y la circulaci\u00f3n de ideas y opiniones.<\/p>\n<p>Desafortunadamente en M\u00e9xico, la tendencia va hacia all\u00e1, a censurar y los ataques van en contra de la radio y televisi\u00f3n mexicanas, mismas que se han caracterizado por ser los medios de comunicaci\u00f3n masiva por excelencia, ya que cada d\u00eda llegan a millones de mexicanos y prestan un servicio p\u00fablico a nuestra poblaci\u00f3n gratuito, confiable, din\u00e1mico y eficaz.<\/p>\n<p>Por eso, desde dicho foro se hizo un llamado, tanto al Congreso de la Uni\u00f3n como al propio \u00a0Ejecutivo para que ampl\u00ede las libertades y no las acote, esto \u00faltimo es lo que est\u00e1 ocurriendo en M\u00e9xico. El exhorto vale tambi\u00e9n para que la\u00a0 gente defienda la libertad de expresi\u00f3n y la democracia del pa\u00eds que en \u00faltimos tiempos se ha visto tan amenazada por un r\u00e9gimen que al parecer, gusta del autoritarismo.<\/p>\n<p>Este desafortunado panorama, tiene que ver con que el ministro de la SCJN, <strong>Juan Luis Guti\u00e9rrez Alc\u00e1ntara<\/strong>, haya presentado un proyecto que asegura defender a las audiencias cuando en realidad, lo que pretende a todas luces, es negarles el derecho a estar debidamente informadas, as\u00ed como la imposici\u00f3n de un censor disfrazado de \u201cdefensor de las audiencias\u201d, de ah\u00ed la censura oficial sobre toda la radio y la Televisi\u00f3n.<\/p>\n<p>Aqu\u00ed habr\u00eda que recordar que el ministro Guti\u00e9rrez Alc\u00e1ntara ha ventilado que trabaj\u00f3 en la administraci\u00f3n del entonces presidente <strong>Jos\u00e9 L\u00f3pez Portillo<\/strong>, al frente de la Direcci\u00f3n de Radio, Televisi\u00f3n y Cinematograf\u00eda (RTC) y en la Productora Nacional de Radio y Televisi\u00f3n y la funci\u00f3n del hoy ministro en aquella \u00e9poca era precisamente la de\u00a0censurar a medios<u>.<\/u> Entonces la pregunta es: \u00bfA 45 a\u00f1os querr\u00edamos en M\u00e9xico regresar a ese clima de represi\u00f3n y censura, no solo en la administraci\u00f3n de L\u00f3pez Portillo, sino a\u00fan antes, en los tiempos del ex presidente m\u00e1s longevo de M\u00e9xico, <strong>Luis Echeverr\u00eda<\/strong>, donde desde la Presidencia de la Rep\u00fablica se manejaba toda la radio y la televisi\u00f3n?<\/p>\n<p>En esta parte, es obligado se\u00f1alar que mucho se ha reflexionado sobre las similitudes, cada vez mayores, que tiene la administraci\u00f3n de Echeverr\u00eda \u00c1lvarez, junto con su lema en tiempos de campa\u00f1a de \u201carriba y adelante\u201d y lo que ha resultado ser esta errada y llamada Cuarta Transformaci\u00f3n, que encabeza el presidente <strong>Andr\u00e9s Manuel L\u00f3pez Obrador<\/strong>.<\/p>\n<p>El compromiso que se hizo durante la conferencia de prensa fue proteger el derecho de los mexicanos para que la informaci\u00f3n que decidan ver y o\u00edr sea libre de censura y sin avales gubernamentales.<\/p>\n<p>Adem\u00e1s y precisamente porque el sentir general en nuestro pa\u00eds es no regresar a los tiempos de Echeverr\u00eda y L\u00f3pez Portillo, en donde desde la Presidencia se manejaba toda la radio y televisi\u00f3n; se concluy\u00f3 que de continuar este curso de acci\u00f3n en cuanto a la libertad de expresi\u00f3n, la\u00a0 CIRT acudir\u00e1 a instancias internacionales para evidenciar el manto sensor con que algunos quieren cubrir el pa\u00eds.<\/p>\n<p style=\"text-align: center;\"><strong>Municiones<\/strong><\/p>\n<p>*** Sobre este mismo tema y a pregunta expresa, el presidente de la Junta de Coordinaci\u00f3n Pol\u00edtica del Senado de la Rep\u00fablica, <strong>Ricardo Monreal<\/strong>, se refiri\u00f3 a que como coordinador del Grupo Parlamentario de Morena, lo que hay que hacer es respetar la libertad de expresi\u00f3n; \u201cno s\u00f3lo respetarla, sino protegerla\u201d y agreg\u00f3 que es obligaci\u00f3n del Estado mexicano no s\u00f3lo proteger la libertad de expresi\u00f3n, tambi\u00e9n\u00a0a todos los comunicadores y comunicadoras, porque son garant\u00edas individuales que contempla nuestra Carta Magna. Sin embargo, el senador zacatecano dijo que\u00a0la expresi\u00f3n unipersonal del presidente L\u00f3pez Obrador, \u201cla respeto, no me interesa confrontarme con la expresi\u00f3n del Presidente\u201d, pero propuso recomponer una relaci\u00f3n armoniosa con todos los medios de comunicaci\u00f3n, sin excepci\u00f3n.<\/p>\n<p>*** No es dif\u00edcil prever que hoy, en su gustad\u00edsimo \u201cstand-up\u201d ma\u00f1anero -para variar-, el Presidente estar\u00e1 de muy mal humor y por m\u00e1s intentos que haga no lo podr\u00e1 disimular. Qui\u00e9n sabe qu\u00e9 tanto se podr\u00eda mermar la salud del de Tepetit\u00e1n, pero la bilis tabasque\u00f1a saldr\u00e1 a flote luego de que por 5 votos a favor y dos en contra, el Tribunal Electoral del Poder Judicial de la Federaci\u00f3n, (TEPJF), orden\u00f3 a la Fiscal\u00eda Especial de Delitos Electorales, (FEDE), entregar al INE carpetas de investigaci\u00f3n sobre diversos expedientes, entre ellos, dos que causan escozor en Palacio Nacional como el de <strong>P\u00edo L\u00f3pez Obrador<\/strong> y Odebrecht, ya que esta informaci\u00f3n es indispensable para que el INE realice el an\u00e1lisis de los gastos de partido, en este caso, el oficial. Por si lo anterior no resultara suficiente, es un hecho que L\u00f3pez Obrador viol\u00f3 la veda impuesta, de cara al in\u00fatil ejercicio de la Revocaci\u00f3n de Mandato. En esto \u00faltimo llama la atenci\u00f3n que la sanci\u00f3n al inquilino de Palacio Nacional, no pasa de un exhorto para que no lo vuelva a hacer, cuesti\u00f3n que por lo dem\u00e1s le interesa un comino al tabasque\u00f1o, mientras que algunos concesionarios fueron multados por difundir los mensajes de un Presidente de visita en Sonora, que no est\u00e1 dispuesto a cumplir las reglas que los propios morenistas aprobaron.<\/p>\n<p><u><a href=\"mailto:morcora@gmail.com\" target=\"_blank\" rel=\"noopener noreferrer\"><em>morcora@gmail.com<\/em><\/a><\/u><\/p>\n","protected":false},"excerpt":{"rendered":"<p><span style=\"color: #005497;\"><strong>Adriana Moreno Cordero<\/strong><\/span><\/p>\n","protected":false},"author":3,"featured_media":0,"comment_status":"open","ping_status":"open","sticky":false,"template":"","format":"standard","meta":{"_monsterinsights_skip_tracking":false,"_monsterinsights_sitenote_active":false,"_monsterinsights_sitenote_note":"","_monsterinsights_sitenote_category":0,"footnotes":""},"categories":[69370],"tags":[69369,69368,43674],"class_list":["post-536968","post","type-post","status-publish","format-standard","hentry","category-adriana-moreno-cordero","tag-adriana-moreno-cordero","tag-la-retaguardia","tag-opinion"],"_links":{"self":[{"href":"https:\/\/www.diarioimagen.net\/index.php?rest_route=\/wp\/v2\/posts\/536968","targetHints":{"allow":["GET"]}}],"collection":[{"href":"https:\/\/www.diarioimagen.net\/index.php?rest_route=\/wp\/v2\/posts"}],"about":[{"href":"https:\/\/www.diarioimagen.net\/index.php?rest_route=\/wp\/v2\/types\/post"}],"author":[{"embeddable":true,"href":"https:\/\/www.diarioimagen.net\/index.php?rest_route=\/wp\/v2\/users\/3"}],"replies":[{"embeddable":true,"href":"https:\/\/www.diarioimagen.net\/index.php?rest_route=%2Fwp%2Fv2%2Fcomments&post=536968"}],"version-history":[{"count":0,"href":"https:\/\/www.diarioimagen.net\/index.php?rest_route=\/wp\/v2\/posts\/536968\/revisions"}],"wp:attachment":[{"href":"https:\/\/www.diarioimagen.net\/index.php?rest_route=%2Fwp%2Fv2%2Fmedia&parent=536968"}],"wp:term":[{"taxonomy":"category","embeddable":true,"href":"https:\/\/www.diarioimagen.net\/index.php?rest_route=%2Fwp%2Fv2%2Fcategories&post=536968"},{"taxonomy":"post_tag","embeddable":true,"href":"https:\/\/www.diarioimagen.net\/index.php?rest_route=%2Fwp%2Fv2%2Ftags&post=536968"}],"curies":[{"name":"wp","href":"https:\/\/api.w.org\/{rel}","templated":true}]}}