{"id":537052,"date":"2022-02-24T00:04:28","date_gmt":"2022-02-24T06:04:28","guid":{"rendered":"https:\/\/www.diarioimagen.net\/?p=537052"},"modified":"2022-02-24T23:07:28","modified_gmt":"2022-02-25T05:07:28","slug":"uaemex-sin-observaciones-de-la-asf-a-las-auditorias-practicadas-al-gobierno-del-estado-de-mexico","status":"publish","type":"post","link":"https:\/\/www.diarioimagen.net\/?p=537052","title":{"rendered":"UAEM\u00e9x, sin observaciones de la ASF a las auditor\u00edas practicadas al gobierno del Estado de M\u00e9xico"},"content":{"rendered":"<p><em>\u00a0<\/em><\/p>\n<ul>\n<li><strong><em>De acuerdo con la reciente publicaci\u00f3n de los Informes Individuales de la Fiscalizaci\u00f3n Superior de la Cuenta P\u00fablica 2020, en la cual esta casa de estudios fue auditada como ejecutora de gasto<\/em><\/strong><\/li>\n<\/ul>\n<p>&nbsp;<\/p>\n<div id=\"attachment_537122\" style=\"width: 470px\" class=\"wp-caption aligncenter\"><a href=\"https:\/\/www.diarioimagen.net\/?attachment_id=537122\" rel=\"attachment wp-att-537122\"><img loading=\"lazy\" decoding=\"async\" aria-describedby=\"caption-attachment-537122\" class=\"size-full wp-image-537122\" src=\"https:\/\/www.diarioimagen.net\/wp-content\/uploads\/2022\/02\/Uaem2.jpg\" alt=\"\" width=\"460\" height=\"270\" \/><\/a><p id=\"caption-attachment-537122\" class=\"wp-caption-text\">Hoteleros afirman que no han notado cambios desde la implementaci\u00f3n del Batall\u00f3n de Seguridad Tur\u00edstica, pues los robos y extorsiones, as\u00ed como las balaceras contin\u00faan.<\/p><\/div>\n<p>&nbsp;<\/p>\n<p><strong>Toluca, Estado de M\u00e9xico.\u2014<\/strong> La Universidad Aut\u00f3noma del Estado de M\u00e9xico (UAEM\u00e9x) no tiene observaciones por parte de la Auditor\u00eda Superior de la Federaci\u00f3n (ASF), con respecto a las auditor\u00edas realizadas de la Cuenta P\u00fablica del gobierno del Estado de M\u00e9xico del 2020.<\/p>\n<p>Lo anterior, de acuerdo con la reciente publicaci\u00f3n de los informes individuales de la \u201cTercera Entrega de la Fiscalizaci\u00f3n Superior de la Cuenta P\u00fablica 2020\u201d, en la cual esta casa de estudios particip\u00f3 de manera indirecta.<\/p>\n<p>Cabe hacer menci\u00f3n que en las auditor\u00edas practicadas a la administraci\u00f3n del gobierno del Estado de M\u00e9xico, tanto la relacionada con las participaciones estatales y federales, as\u00ed como al fondo de aportaciones para el fortalecimiento de las autoridades federativas, la M\u00e1xima Casa de estudios mexiquense no fue sujeta de ninguna observaci\u00f3n.<\/p>\n<p>No obstante, las autoridades universitarias reiteran que estar\u00e1n dispuestas para atender cualquier solicitud de informaci\u00f3n requerida por parte de cualquier entidad.<\/p>\n","protected":false},"excerpt":{"rendered":"<p>La Universidad Aut\u00f3noma del Estado de M\u00e9xico (UAEM\u00e9x) no tiene observaciones por parte de la Auditor\u00eda Superior de la Federaci\u00f3n (ASF), con respecto a las auditor\u00edas realizadas de la Cuenta P\u00fablica del gobierno del Estado de M\u00e9xico del 2020.<\/p>\n","protected":false},"author":3,"featured_media":537122,"comment_status":"open","ping_status":"open","sticky":false,"template":"","format":"standard","meta":{"_monsterinsights_skip_tracking":false,"_monsterinsights_sitenote_active":false,"_monsterinsights_sitenote_note":"","_monsterinsights_sitenote_category":0,"footnotes":""},"categories":[5],"tags":[8986,43675,452,1491,1490],"class_list":["post-537052","post","type-post","status-publish","format-standard","has-post-thumbnail","hentry","category-estado-de-mexico","tag-asf","tag-estado-de-mexico","tag-toluca","tag-uaem","tag-universidad-autonoma-del-estado-de-mexico"],"_links":{"self":[{"href":"https:\/\/www.diarioimagen.net\/index.php?rest_route=\/wp\/v2\/posts\/537052","targetHints":{"allow":["GET"]}}],"collection":[{"href":"https:\/\/www.diarioimagen.net\/index.php?rest_route=\/wp\/v2\/posts"}],"about":[{"href":"https:\/\/www.diarioimagen.net\/index.php?rest_route=\/wp\/v2\/types\/post"}],"author":[{"embeddable":true,"href":"https:\/\/www.diarioimagen.net\/index.php?rest_route=\/wp\/v2\/users\/3"}],"replies":[{"embeddable":true,"href":"https:\/\/www.diarioimagen.net\/index.php?rest_route=%2Fwp%2Fv2%2Fcomments&post=537052"}],"version-history":[{"count":0,"href":"https:\/\/www.diarioimagen.net\/index.php?rest_route=\/wp\/v2\/posts\/537052\/revisions"}],"wp:featuredmedia":[{"embeddable":true,"href":"https:\/\/www.diarioimagen.net\/index.php?rest_route=\/wp\/v2\/media\/537122"}],"wp:attachment":[{"href":"https:\/\/www.diarioimagen.net\/index.php?rest_route=%2Fwp%2Fv2%2Fmedia&parent=537052"}],"wp:term":[{"taxonomy":"category","embeddable":true,"href":"https:\/\/www.diarioimagen.net\/index.php?rest_route=%2Fwp%2Fv2%2Fcategories&post=537052"},{"taxonomy":"post_tag","embeddable":true,"href":"https:\/\/www.diarioimagen.net\/index.php?rest_route=%2Fwp%2Fv2%2Ftags&post=537052"}],"curies":[{"name":"wp","href":"https:\/\/api.w.org\/{rel}","templated":true}]}}