{"id":537060,"date":"2022-02-24T00:02:19","date_gmt":"2022-02-24T06:02:19","guid":{"rendered":"https:\/\/www.diarioimagen.net\/?p=537060"},"modified":"2022-02-24T03:38:01","modified_gmt":"2022-02-24T09:38:01","slug":"seguiremos-trabajando-por-la-seguridad-en-atizapan-afirma-el-comisario-fabian-gomez","status":"publish","type":"post","link":"https:\/\/www.diarioimagen.net\/?p=537060","title":{"rendered":"Seguiremos trabajando por la seguridad en Atizap\u00e1n, afirma el comisario Fabi\u00e1n G\u00f3mez"},"content":{"rendered":"<p>&nbsp;<\/p>\n<ul>\n<li><strong><em>Principal demanda ciudadana<\/em><\/strong><\/li>\n<\/ul>\n<p>&nbsp;<\/p>\n<h6>Arturo Baena<\/h6>\n<p>&nbsp;<\/p>\n<div id=\"attachment_537139\" style=\"width: 470px\" class=\"wp-caption aligncenter\"><a href=\"https:\/\/www.diarioimagen.net\/?attachment_id=537139\" rel=\"attachment wp-att-537139\"><img loading=\"lazy\" decoding=\"async\" aria-describedby=\"caption-attachment-537139\" class=\"size-full wp-image-537139\" src=\"https:\/\/www.diarioimagen.net\/wp-content\/uploads\/2022\/02\/atizapan-13.jpg\" alt=\"\" width=\"460\" height=\"270\" \/><\/a><p id=\"caption-attachment-537139\" class=\"wp-caption-text\">Elementos de la polic\u00eda de Atizap\u00e1n detuvieron a Ren\u00e9 \u201cN\u201d, quien contaba con una orden de aprehensi\u00f3n por el delito de feminicidio, en grado de tentativa.<\/p><\/div>\n<p>&nbsp;<\/p>\n<p><strong>Atizap\u00e1n de Zaragoza, Estado de M\u00e9xico.\u2014<\/strong> Seguiremos trabajando para y por la seguridad de la ciudadan\u00eda de esta localidad. Vamos a regresar la tranquilidad que tanto demandan los habitantes, afirm\u00f3 el Comisario Fabi\u00e1n G\u00f3mez Calcaneo, luego de que elementos de la Direcci\u00f3n de Seguridad P\u00fablica y Tr\u00e1nsito Municipal, detuvieran a Ren\u00e9 \u201cN\u201d, quien contaba con una orden de aprehensi\u00f3n por el delito de feminicidio en grado de tentativa.<\/p>\n<p>G\u00f3mez Calcaneo detall\u00f3 que el detenido fue presentado, en primera instancia, al juez calificador por una falta administrativa, sin embargo, y con el apoyo de la Unidad de Inteligencia Municipal, se verific\u00f3 la informaci\u00f3n de que el detenido, ten\u00eda un mandamiento judicial pendiente por parte del Poder Judicial del Estado de M\u00e9xico por feminicidio en grado de tentativa desde el a\u00f1o 2020.<\/p>\n<p>El comisario explic\u00f3 que derivado del proceso que inici\u00f3 la Fiscal\u00eda General de Justicia del Estado de M\u00e9xico, se atendi\u00f3 el llamado para su detenci\u00f3n; sin embargo, un acompa\u00f1ante del sujeto pag\u00f3 de inmediato su fianza y se puso en libertad.<\/p>\n<p>Ante estos hechos, los elementos de la Direcci\u00f3n de Seguridad P\u00fablica y Tr\u00e1nsito Municipal del Municipio de Atizap\u00e1n de Zaragoza realizaron un operativo para volver a detenerlo y cumplimentar la orden de aprehensi\u00f3n.<\/p>\n<p>Ren\u00e9 \u201cN\u201d, quien radicaba en Lerma y se escond\u00eda en Naucalpan, fue detenido en la colonia Lomas de Atizap\u00e1n. Tras ser aprehendido, se traslad\u00f3 a las instalaciones de la Polic\u00eda Municipal para ser entregado a la Polic\u00eda de Investigaci\u00f3n Mexiquense.<\/p>\n<p>\u201cNosotros agotamos el proceso, cumplimos con detenerlo, con entreg\u00e1rselo a la Polic\u00eda de Investigaci\u00f3n y ellos lo llevar\u00e1n directamente al reclusorio, ya no pasa al Ministerio P\u00fablico porque tiene una orden de aprehensi\u00f3n directa, es un delito grave\u201d, dijo G\u00f3mez Calcaneao.<\/p>\n<p>Adem\u00e1s, destac\u00f3 que las instrucciones del Presidente Municipal, son establecer estrategias de inteligencia y de prevenci\u00f3n, as\u00ed como explorar cualquier l\u00ednea de investigaci\u00f3n para detener a potenciales agresores.<\/p>\n<p>Agreg\u00f3 que de manera constante se realizan cateos coordinados con la Fiscal\u00eda General de Justicia para realizar detenciones en flagrancia y detenciones derivadas de investigaci\u00f3n con el objetivo de colocar a Atizap\u00e1n de Zaragoza como el municipio m\u00e1s seguro del Estado de M\u00e9xico.<\/p>\n","protected":false},"excerpt":{"rendered":"<p>Seguiremos trabajando para y por la seguridad de la ciudadan\u00eda de esta localidad. Vamos a regresar la tranquilidad que tanto demandan los habitantes, afirm\u00f3 el Comisario Fabi\u00e1n G\u00f3mez Calcaneo, luego de que elementos de la Direcci\u00f3n de Seguridad P\u00fablica y Tr\u00e1nsito Municipal, detuvieran a Ren\u00e9 \u201cN\u201d, quien contaba con una orden de aprehensi\u00f3n por el delito de feminicidio en grado de tentativa.<\/p>\n","protected":false},"author":3,"featured_media":537139,"comment_status":"open","ping_status":"open","sticky":false,"template":"","format":"standard","meta":{"_monsterinsights_skip_tracking":false,"_monsterinsights_sitenote_active":false,"_monsterinsights_sitenote_note":"","_monsterinsights_sitenote_category":0,"footnotes":""},"categories":[5],"tags":[93154,3561,43675,94676,43677],"class_list":["post-537060","post","type-post","status-publish","format-standard","has-post-thumbnail","hentry","category-estado-de-mexico","tag-afrima","tag-atizapan-de-zaragoza","tag-estado-de-mexico","tag-fabian-gomez-calcaneo","tag-seguridad"],"_links":{"self":[{"href":"https:\/\/www.diarioimagen.net\/index.php?rest_route=\/wp\/v2\/posts\/537060","targetHints":{"allow":["GET"]}}],"collection":[{"href":"https:\/\/www.diarioimagen.net\/index.php?rest_route=\/wp\/v2\/posts"}],"about":[{"href":"https:\/\/www.diarioimagen.net\/index.php?rest_route=\/wp\/v2\/types\/post"}],"author":[{"embeddable":true,"href":"https:\/\/www.diarioimagen.net\/index.php?rest_route=\/wp\/v2\/users\/3"}],"replies":[{"embeddable":true,"href":"https:\/\/www.diarioimagen.net\/index.php?rest_route=%2Fwp%2Fv2%2Fcomments&post=537060"}],"version-history":[{"count":0,"href":"https:\/\/www.diarioimagen.net\/index.php?rest_route=\/wp\/v2\/posts\/537060\/revisions"}],"wp:featuredmedia":[{"embeddable":true,"href":"https:\/\/www.diarioimagen.net\/index.php?rest_route=\/wp\/v2\/media\/537139"}],"wp:attachment":[{"href":"https:\/\/www.diarioimagen.net\/index.php?rest_route=%2Fwp%2Fv2%2Fmedia&parent=537060"}],"wp:term":[{"taxonomy":"category","embeddable":true,"href":"https:\/\/www.diarioimagen.net\/index.php?rest_route=%2Fwp%2Fv2%2Fcategories&post=537060"},{"taxonomy":"post_tag","embeddable":true,"href":"https:\/\/www.diarioimagen.net\/index.php?rest_route=%2Fwp%2Fv2%2Ftags&post=537060"}],"curies":[{"name":"wp","href":"https:\/\/api.w.org\/{rel}","templated":true}]}}