{"id":537061,"date":"2022-02-24T00:03:12","date_gmt":"2022-02-24T06:03:12","guid":{"rendered":"https:\/\/www.diarioimagen.net\/?p=537061"},"modified":"2022-02-24T03:39:03","modified_gmt":"2022-02-24T09:39:03","slug":"avance-en-el-rescate-de-la-presa-madin","status":"publish","type":"post","link":"https:\/\/www.diarioimagen.net\/?p=537061","title":{"rendered":"Avance en el rescate de\u00a0la Presa Mad\u00edn"},"content":{"rendered":"<p>&nbsp;<\/p>\n<ul>\n<li><strong><em>Buscan que sea declarada como \u00e1rea natural protegida<\/em><\/strong><\/li>\n<\/ul>\n<p>&nbsp;<\/p>\n<h6>Arturo Baena<\/h6>\n<p>&nbsp;<\/p>\n<div id=\"attachment_537142\" style=\"width: 470px\" class=\"wp-caption aligncenter\"><a href=\"https:\/\/www.diarioimagen.net\/?attachment_id=537142\" rel=\"attachment wp-att-537142\"><img loading=\"lazy\" decoding=\"async\" aria-describedby=\"caption-attachment-537142\" class=\"size-full wp-image-537142\" src=\"https:\/\/www.diarioimagen.net\/wp-content\/uploads\/2022\/02\/naucalpan-4.jpg\" alt=\"\" width=\"460\" height=\"270\" \/><\/a><p id=\"caption-attachment-537142\" class=\"wp-caption-text\">El l\u00edder ambientalista Rom\u00e1n Ibarra Navarro, acompa\u00f1ado por el diputado David Parra S\u00e1nchez, agradeci\u00f3 el avance para retirar lirios acu\u00e1ticos de casi 35 kil\u00f3metros en la Presa Mad\u00edn.<\/p><\/div>\n<p>&nbsp;<\/p>\n<p><strong>Naucalpan, Estado de M\u00e9xico.\u2014<\/strong> Luego de \u00a0la intervenci\u00f3n del \u00a0Congreso Local, \u00a0para que el gobierno federal pueda valorar la posibilidad de declarar a la Presa Mad\u00edn como \u00e1rea natural protegida, el l\u00edder ambientalista, Rom\u00e1n Ibarra Navarro, agradeci\u00f3 el avance para retirar lirios acu\u00e1ticos de casi 35 kil\u00f3metros.<\/p>\n<p>Durante un recorrido por esa \u00e1rea natural, acompa\u00f1ado por el diputado David Parra S\u00e1nchez, el tambi\u00e9n creador del \u201cPlan de Restauraci\u00f3n Ecol\u00f3gica de la Presa Mad\u00edn\u201d, explic\u00f3 y mostr\u00f3 al representante popular las afectaciones que durante a\u00f1os hab\u00eda sufrido la presa.<\/p>\n<p>\u201cQueremos agradecer la intervenci\u00f3n de la Conagua, CAEM, as\u00ed como de los ayuntamientos de Naucalpan y Atizap\u00e1n de Zaragoza para ir saneando esta importante reserva natural\u201d, dijo.<\/p>\n<p>En ese sentido, el diputado David \u00a0Parra S\u00e1nchez,\u00a0 indic\u00f3 que la degradaci\u00f3n ambiental y su desatenci\u00f3n hab\u00edan ocasionado que en los \u00faltimos a\u00f1os se hayan \u00a0presentaron al menos dos emergencias ambientales, en el 2019 la proliferaci\u00f3n de lirio acu\u00e1tico que cubri\u00f3 el 100% del espejo de agua de la presa, y en agosto pasado la muerte masiva de peces producida por la contaminaci\u00f3n del embalse y cuyos cad\u00e1veres fueron dispuestos a cielo abierto en fosas a la orilla de la presa; adem\u00e1s de que desde marzo la presa generaba olores f\u00e9tidos las 24 horas del d\u00eda, afectando a 30 mil \u00a0habitantes, pero gracias a las autoridades competentes y a los ayuntamientos, se va \u00a0resolviendo ese problema, coment\u00f3.<\/p>\n<p>Adem\u00e1s, por su participaci\u00f3n en el rescate continuo de la presa, el diputado David Parra, tambi\u00e9n reconoci\u00f3 a residentes de la zona, a la Comisi\u00f3n de Cuenca de la Presa Mad\u00edn, al Instituto Polit\u00e9cnico Nacional y a las m\u00e1s de 30 asociaciones civiles, entre ellas, Asociaci\u00f3n de Colonos del Residencial Lomas Verdes, Asociaci\u00f3n de Colonos de La Estad\u00eda, Amigos por el Bosque y Equilibrio Hidrol\u00f3gico y la asociaci\u00f3n Nacel Arcoiris.<\/p>\n<p>Por otra parte, el l\u00edder ecologista Rom\u00e1n Ibarra Navarro mostr\u00f3 al legislador mexiquense David Parra, el avance en el rescate \u00a0ambiental de \u00a0la Presa Mad\u00edn y le agradeci\u00f3 su preocupaci\u00f3n e inter\u00e9s por atender las demandas de la ciudadan\u00eda. Finalmente, durante el recorrido, tanto Rom\u00e1n Ibarra y David Parra, hicieron un exhorto a la ciudadan\u00eda para\u00a0cuidar y proteger est\u00e1 \u00e1rea natural.<\/p>\n","protected":false},"excerpt":{"rendered":"<p>Luego de \u00a0la intervenci\u00f3n del \u00a0Congreso Local, \u00a0para que el gobierno federal pueda valorar la posibilidad de declarar a la Presa Mad\u00edn como \u00e1rea natural protegida, el l\u00edder ambientalista, Rom\u00e1n Ibarra Navarro, agradeci\u00f3 el avance para retirar lirios acu\u00e1ticos de casi 35 kil\u00f3metros.<\/p>\n","protected":false},"author":3,"featured_media":537142,"comment_status":"open","ping_status":"open","sticky":false,"template":"","format":"standard","meta":{"_monsterinsights_skip_tracking":false,"_monsterinsights_sitenote_active":false,"_monsterinsights_sitenote_note":"","_monsterinsights_sitenote_category":0,"footnotes":""},"categories":[5],"tags":[43675,970,94412,728],"class_list":["post-537061","post","type-post","status-publish","format-standard","has-post-thumbnail","hentry","category-estado-de-mexico","tag-estado-de-mexico","tag-naucalpan","tag-presa-madin","tag-rescate"],"_links":{"self":[{"href":"https:\/\/www.diarioimagen.net\/index.php?rest_route=\/wp\/v2\/posts\/537061","targetHints":{"allow":["GET"]}}],"collection":[{"href":"https:\/\/www.diarioimagen.net\/index.php?rest_route=\/wp\/v2\/posts"}],"about":[{"href":"https:\/\/www.diarioimagen.net\/index.php?rest_route=\/wp\/v2\/types\/post"}],"author":[{"embeddable":true,"href":"https:\/\/www.diarioimagen.net\/index.php?rest_route=\/wp\/v2\/users\/3"}],"replies":[{"embeddable":true,"href":"https:\/\/www.diarioimagen.net\/index.php?rest_route=%2Fwp%2Fv2%2Fcomments&post=537061"}],"version-history":[{"count":0,"href":"https:\/\/www.diarioimagen.net\/index.php?rest_route=\/wp\/v2\/posts\/537061\/revisions"}],"wp:featuredmedia":[{"embeddable":true,"href":"https:\/\/www.diarioimagen.net\/index.php?rest_route=\/wp\/v2\/media\/537142"}],"wp:attachment":[{"href":"https:\/\/www.diarioimagen.net\/index.php?rest_route=%2Fwp%2Fv2%2Fmedia&parent=537061"}],"wp:term":[{"taxonomy":"category","embeddable":true,"href":"https:\/\/www.diarioimagen.net\/index.php?rest_route=%2Fwp%2Fv2%2Fcategories&post=537061"},{"taxonomy":"post_tag","embeddable":true,"href":"https:\/\/www.diarioimagen.net\/index.php?rest_route=%2Fwp%2Fv2%2Ftags&post=537061"}],"curies":[{"name":"wp","href":"https:\/\/api.w.org\/{rel}","templated":true}]}}