{"id":537064,"date":"2022-02-24T00:01:18","date_gmt":"2022-02-24T06:01:18","guid":{"rendered":"https:\/\/www.diarioimagen.net\/?p=537064"},"modified":"2022-02-24T03:41:29","modified_gmt":"2022-02-24T09:41:29","slug":"inauguracion-del-centro-estatal-de-capacitacion-y-el-area-de-hospitalizacion-de-la-cruz-roja-en-naucalpan","status":"publish","type":"post","link":"https:\/\/www.diarioimagen.net\/?p=537064","title":{"rendered":"Inauguracion del Centro Estatal de Capacitaci\u00f3n y el \u00c1rea de Hospitalizaci\u00f3n de la Cruz Roja, en Naucalpan"},"content":{"rendered":"<p><strong>\u00a0<\/strong><\/p>\n<p><a href=\"https:\/\/www.diarioimagen.net\/?attachment_id=537144\" rel=\"attachment wp-att-537144\"><img loading=\"lazy\" decoding=\"async\" class=\"aligncenter size-full wp-image-537144\" src=\"https:\/\/www.diarioimagen.net\/wp-content\/uploads\/2022\/02\/naucalpan-1-1.jpg\" alt=\"\" width=\"460\" height=\"270\" \/><\/a><\/p>\n<p>&nbsp;<\/p>\n<p><strong>Naucalpan, Estado de M\u00e9xico.\u2014 <\/strong>La presidenta municipal particip\u00f3 en la inauguraci\u00f3n del nuevo Centro Estatal de Capacitaci\u00f3n y el \u00c1rea de Hospitalizaci\u00f3n de la Cruz Roja Mexicana delegaci\u00f3n Naucalpan, ubicadas en el fraccionamiento industrial Tlatilco, en el marco del 112 aniversario de la instituci\u00f3n.<\/p>\n<p>En el marco del 112 aniversario de la Benem\u00e9rita Instituci\u00f3n, se destac\u00f3 que se invirtieron 3.5 millones de pesos en el Centro Estatal de Capacitaci\u00f3n para contar con laboratorios de destreza para la reanimaci\u00f3n cardio cerebro pulmonar, manejo de v\u00edas a\u00e9reas, un simulador de ambulancia y todo el equipo necesario para la impartici\u00f3n de cursos de primeros auxilios.<\/p>\n","protected":false},"excerpt":{"rendered":"<p>La presidenta municipal particip\u00f3 en la inauguraci\u00f3n del nuevo Centro Estatal de Capacitaci\u00f3n y el \u00c1rea de Hospitalizaci\u00f3n de la Cruz Roja Mexicana delegaci\u00f3n Naucalpan, ubicadas en el fraccionamiento industrial Tlatilco, en el marco del 112 aniversario de la instituci\u00f3n.<\/p>\n","protected":false},"author":3,"featured_media":537144,"comment_status":"open","ping_status":"open","sticky":false,"template":"","format":"standard","meta":{"_monsterinsights_skip_tracking":false,"_monsterinsights_sitenote_active":false,"_monsterinsights_sitenote_note":"","_monsterinsights_sitenote_category":0,"footnotes":""},"categories":[5],"tags":[94677,919,43675,970],"class_list":["post-537064","post","type-post","status-publish","format-standard","has-post-thumbnail","hentry","category-estado-de-mexico","tag-centro-estatal-de-capacitacion","tag-cruz-roja","tag-estado-de-mexico","tag-naucalpan"],"_links":{"self":[{"href":"https:\/\/www.diarioimagen.net\/index.php?rest_route=\/wp\/v2\/posts\/537064","targetHints":{"allow":["GET"]}}],"collection":[{"href":"https:\/\/www.diarioimagen.net\/index.php?rest_route=\/wp\/v2\/posts"}],"about":[{"href":"https:\/\/www.diarioimagen.net\/index.php?rest_route=\/wp\/v2\/types\/post"}],"author":[{"embeddable":true,"href":"https:\/\/www.diarioimagen.net\/index.php?rest_route=\/wp\/v2\/users\/3"}],"replies":[{"embeddable":true,"href":"https:\/\/www.diarioimagen.net\/index.php?rest_route=%2Fwp%2Fv2%2Fcomments&post=537064"}],"version-history":[{"count":0,"href":"https:\/\/www.diarioimagen.net\/index.php?rest_route=\/wp\/v2\/posts\/537064\/revisions"}],"wp:featuredmedia":[{"embeddable":true,"href":"https:\/\/www.diarioimagen.net\/index.php?rest_route=\/wp\/v2\/media\/537144"}],"wp:attachment":[{"href":"https:\/\/www.diarioimagen.net\/index.php?rest_route=%2Fwp%2Fv2%2Fmedia&parent=537064"}],"wp:term":[{"taxonomy":"category","embeddable":true,"href":"https:\/\/www.diarioimagen.net\/index.php?rest_route=%2Fwp%2Fv2%2Fcategories&post=537064"},{"taxonomy":"post_tag","embeddable":true,"href":"https:\/\/www.diarioimagen.net\/index.php?rest_route=%2Fwp%2Fv2%2Ftags&post=537064"}],"curies":[{"name":"wp","href":"https:\/\/api.w.org\/{rel}","templated":true}]}}