{"id":537088,"date":"2022-02-24T00:02:07","date_gmt":"2022-02-24T06:02:07","guid":{"rendered":"https:\/\/www.diarioimagen.net\/?p=537088"},"modified":"2022-02-24T01:14:51","modified_gmt":"2022-02-24T07:14:51","slug":"lopez-obrador-sigue-echando-a-perder-las-relaciones-internacionales-de-mexico","status":"publish","type":"post","link":"https:\/\/www.diarioimagen.net\/?p=537088","title":{"rendered":"L\u00f3pez Obrador sigue echando a perder las relaciones internacionales de M\u00e9xico"},"content":{"rendered":"<h2>La Retaguardia<\/h2>\n<h5>Adriana Moreno Cordero<\/h5>\n<p>&nbsp;<\/p>\n<ul>\n<li><strong><em>El minsitro Arturo Zald\u00edvar le hace el \u201ccaldo gordo\u201d al presidente AMLO<\/em><\/strong><\/li>\n<\/ul>\n<p>&nbsp;<\/p>\n<p>Lo que el presidente <strong>Andr\u00e9s Manuel L\u00f3pez Obrador<\/strong>, hubiera querido, es que el secretario de Estado de Estados Unidos, <strong>Antony Blinken<\/strong>, dijera aquella frase que hizo famosa ni m\u00e1s ni menos que el propio inquilino de Palacio Nacional, esto es, \u201cyo tengo otros datos\u201d, pero no, muy lejos de hacerse realidad el anhelo del Ejecutivo, lo \u00fanico que propici\u00f3 fue seguir complicando y descomponiendo las relaciones internacionales de M\u00e9xico, as\u00ed que vaya trabajo que tiene por delante el secretario de Relaciones Exteriores, <strong>Marcelo Ebrard<\/strong>, que no sale de una cuando ya est\u00e1 en otra y en todas lo ha metido el Presidente.<\/p>\n<p>La respuesta que obtuvo el tabasque\u00f1o fue que la preocupaci\u00f3n de Blinken la reiter\u00f3 la vocera de la Casa Blanca, <strong>Jen Psaki,<\/strong> al tiempo que neg\u00f3 que el secretario de Estado estuviera mal informado, como lo advirti\u00f3 el presidente mexicano<\/p>\n<p>La vocera de la Casa Blanca, pr\u00e1cticamente dijo lo mismo que el secretario de Estado del vecino pa\u00eds del norte: \u201cHemos visto en los hechos las amenazas que se le hacen a los periodistas en M\u00e9xico. Hemos visto las amenazas\u201d.<\/p>\n<p>Para variar, el que est\u00e1 en el error es L\u00f3pez Obrador, que en vez de calificar a Estados Unidos de injerencista, porque con eso no descubre el hilo negro, deber\u00eda reconocer que el poderoso pa\u00eds del norte se preocupa por lo que ocurre en su frontera sur; muchos dir\u00edan, en su traspatio, porque ese concepto es algo que el tabasque\u00f1o no ha podido quitar de la mente de los mexicanos, ni de la relaci\u00f3n bilateral, por m\u00e1s que diga en algunos de sus gustad\u00edsimos \u201cstand-up\u201d ma\u00f1aneros que M\u00e9xico no es colonia y la c\u00e9lebre frase juarista de que el respeto al derecho ajeno es la paz. Los reclamos del inquilino de Palacio Nacional se quedan s\u00f3lo en eso, en el discurso, al que ni caso le hacen en Estados Unidos.<\/p>\n<p>En este beligerante contexto, bien vale la pena que alguien le pregunte al tabasque\u00f1o, por qu\u00e9 no dijo nada sobre los dichos del ex presidente norteamericano <strong>Donald Trump<\/strong>, en una entrevista de radio, en la que declar\u00f3 que Estados Unidos podr\u00eda imitar a Rusia en eso de enviar una fuerza de pacificaci\u00f3n a la frontera sur.<\/p>\n<p>Cuando era candidato a la Presidencia de la Rep\u00fablica, L\u00f3pez Obrador, en una actitud abiertamente retadora, se cans\u00f3 de enviar -seg\u00fan \u00e9l- mensajes a Trump en los que dec\u00eda, palabras m\u00e1s, palabras menos, que en cuanto llegara a la Presidencia de la Rep\u00fablica (y lleg\u00f3) pondr\u00eda en su lugar al ex presidente norteamericano.<\/p>\n<p>Todo pas\u00f3, ya instalado en Palacio Nacional, el Presidente se dedic\u00f3 a cumplir los deseos de su muy querido amigo al que, por cierto, apoy\u00f3 para que llegara a la Casa Blanca y un ejemplo vivo de esta situaci\u00f3n es que envi\u00f3 soldados a la frontera mexicana con Guatemala, convirti\u00e9ndolo en un \u201cmuro de carne y hueso\u201d, del otro muro \u201cgrande y maravilloso\u201d, el que quer\u00eda construir Donald Trump, se hac\u00eda cargo \u00e9l personalmente.<\/p>\n<p>Lo que puede verse en esta situaci\u00f3n es que el tabasque\u00f1o le sigue teniendo terror a Trump aunque ya no despacha desde la Casa Blanca.<\/p>\n<p>Y en ese camino en el que esta errada y llamada Cuarta Transformaci\u00f3n echa a perder la pol\u00edtica internacional mexicana, la ex embajadora de M\u00e9xico en Estados Unidos, Martha B\u00e1rcena, opin\u00f3 que en el mensaje de Blinken no hay mala fe, en todo caso, una leg\u00edtima preocupaci\u00f3n porque cada d\u00eda se acumulan m\u00e1s y m\u00e1s evidencias de que el Estado mexicano est\u00e1 siendo incapaz de proteger a los periodistas y propuso que lo que se requiere es abrir un di\u00e1logo e informar no s\u00f3lo a Estados Unidos, sino a los mexicanos e identificar d\u00f3nde est\u00e1n los puntos fr\u00e1giles en cada uno de los casos, es decir, de los expedientes de los periodistas asesinados.<\/p>\n<p style=\"text-align: center;\"><strong>Municiones<\/strong><\/p>\n<p>*** Qu\u00e9 pena que el ministro presidente de la Suprema Corte de Justicia de la Naci\u00f3n, <strong>Arturo Zald\u00edvar<\/strong>, se haya prestado para hacerle \u201cel caldo gordo\u201d a L\u00f3pez Obrador que ya no sabe de d\u00f3nde echar mano para tapar el esc\u00e1ndalo de su hijo Jos\u00e9 Ram\u00f3n L\u00f3pez Beltr\u00e1n. Al presentar su libro, <em>10 A\u00f1os de Derechos, Biograf\u00eda Jurisprudencial<\/em>, quien encabeza la SCJN, acus\u00f3 de haberse instrumentado una \u201coperaci\u00f3n de Estado\u201d, cuando ocurri\u00f3 la tragedia en la Guarder\u00eda ABC, en el a\u00f1o 2009 que lleg\u00f3 hasta la Suprema Corte. Entonces fue v\u00edctima de duras presiones por parte del entonces presidente <strong>Felipe Calder\u00f3n<\/strong>, para proteger a la familia de la entonces primera dama, <strong>Margarita Zavala<\/strong>. Efectivamente, el incendio en la Guarder\u00eda ABC de Hermosillo, Sonora, fue uno de los cap\u00edtulos m\u00e1s vergonzosos en el pa\u00eds, producto de que el sistema de guarder\u00edas subrogadas era, en resumidas cuentas, ineficiente e igualmente Calder\u00f3n Hinojosa trat\u00f3 de tapar el esc\u00e1ndalo; de ah\u00ed que pr\u00e1cticamente no hubo culpables y el polvo del paso del tiempo, lo fue dejando en el olvido.<\/p>\n<p>*** Continuando con el tema, en ese entonces, el secretario de Gobernaci\u00f3n era Fernando G\u00f3mez Mont y el presidente de la SCJN era <strong>Guillermo Ortiz Mayagoitia<\/strong>. El secretario G\u00f3mez Mont, tuvo una acre discusi\u00f3n con el ministro Zald\u00edvar en la que el ex titular de la Segob le reclam\u00f3: \u201cno te apoyamos para esto\u201d, porque gracias a Calder\u00f3n, Arturo Zald\u00edvar hab\u00eda llegado a la Suprema Corte, a lo que el hoy presidente del m\u00e1ximo tribunal respondi\u00f3: \u201cDile al presidente que no voy a llevar en mi conciencia la muerte de 49 ni\u00f1os\u201d. Poco m\u00e1s de una d\u00e9cada despu\u00e9s, el asunto volvi\u00f3 a la escena y la hoy diputada <strong>Margarita Zavala<\/strong> hubo de soportar las rechiflas de parte de la bancada de Morena, que aprovecharon muy bien que el ministro-presidente de la SCJN, hubiera recordado que en Los Pinos se maltrat\u00f3 a los familiares de los ni\u00f1os fallecidos en el incendio de la Guarder\u00eda ABC y nada hicieron por resolverlo.<\/p>\n<p>*** As\u00ed las cosas, mientras la senadora <strong>Olga S\u00e1nchez Cordero<\/strong> evit\u00f3 opinar sobre este tema y nerviosa, dijo estar de parte del ministro Arturo Zald\u00edvar, por su parte, el presidente de la Junta de Coordinaci\u00f3n Pol\u00edtica del Senado de la Rep\u00fablica, <strong>Ricardo Monreal<\/strong> pidi\u00f3 que se presenten las pruebas de los los dichos del ministro Zald\u00edvar y a nombre del Grupo Plural, <strong>Germ\u00e1n Mart\u00ednez C\u00e1zares<\/strong>, se hizo como que no se enter\u00f3 bien a bien del asunto, a lo que el presidente de la SCJN, respondi\u00f3 que en ese entonces, Mart\u00ednez C\u00e1zares era panista, \u201c\u00e9l era parte de ese gobierno, a \u00e9l le toc\u00f3\u2026 qu\u00e9 l\u00e1stima que tenga amnesia\u201d. Lo que llama poderosamente la atenci\u00f3n, es que el ministro Arturo Zald\u00edvar neg\u00f3 que hubiera recibido la m\u00e1s m\u00ednima presi\u00f3n por parte del presidente L\u00f3pez Obrador, quien se supone que ha sido \u201csumamente respetuoso\u201d del m\u00e1ximo Tribunal. \u00bfSer\u00e1?, porque sigue corriendo el rumor del futuro pol\u00edtico que podr\u00eda tener el ministro Zald\u00edvar, \u00bfacaso la FGR que todav\u00eda ocupa un desgastado <strong>Alejandro Gertz<\/strong>?<\/p>\n<p><u><a href=\"mailto:morcora@gmail.com\" target=\"_blank\" rel=\"noopener noreferrer\"><em>morcora@gmail.com<\/em><\/a><\/u><\/p>\n","protected":false},"excerpt":{"rendered":"<p><span style=\"color: #005497;\"><strong>Adriana Moreno Cordero<\/strong><\/span><\/p>\n","protected":false},"author":3,"featured_media":0,"comment_status":"open","ping_status":"open","sticky":false,"template":"","format":"standard","meta":{"_monsterinsights_skip_tracking":false,"_monsterinsights_sitenote_active":false,"_monsterinsights_sitenote_note":"","_monsterinsights_sitenote_category":0,"footnotes":""},"categories":[69370],"tags":[69369,69368,43674],"class_list":["post-537088","post","type-post","status-publish","format-standard","hentry","category-adriana-moreno-cordero","tag-adriana-moreno-cordero","tag-la-retaguardia","tag-opinion"],"_links":{"self":[{"href":"https:\/\/www.diarioimagen.net\/index.php?rest_route=\/wp\/v2\/posts\/537088","targetHints":{"allow":["GET"]}}],"collection":[{"href":"https:\/\/www.diarioimagen.net\/index.php?rest_route=\/wp\/v2\/posts"}],"about":[{"href":"https:\/\/www.diarioimagen.net\/index.php?rest_route=\/wp\/v2\/types\/post"}],"author":[{"embeddable":true,"href":"https:\/\/www.diarioimagen.net\/index.php?rest_route=\/wp\/v2\/users\/3"}],"replies":[{"embeddable":true,"href":"https:\/\/www.diarioimagen.net\/index.php?rest_route=%2Fwp%2Fv2%2Fcomments&post=537088"}],"version-history":[{"count":0,"href":"https:\/\/www.diarioimagen.net\/index.php?rest_route=\/wp\/v2\/posts\/537088\/revisions"}],"wp:attachment":[{"href":"https:\/\/www.diarioimagen.net\/index.php?rest_route=%2Fwp%2Fv2%2Fmedia&parent=537088"}],"wp:term":[{"taxonomy":"category","embeddable":true,"href":"https:\/\/www.diarioimagen.net\/index.php?rest_route=%2Fwp%2Fv2%2Fcategories&post=537088"},{"taxonomy":"post_tag","embeddable":true,"href":"https:\/\/www.diarioimagen.net\/index.php?rest_route=%2Fwp%2Fv2%2Ftags&post=537088"}],"curies":[{"name":"wp","href":"https:\/\/api.w.org\/{rel}","templated":true}]}}