{"id":537091,"date":"2022-02-24T00:01:03","date_gmt":"2022-02-24T06:01:03","guid":{"rendered":"https:\/\/www.diarioimagen.net\/?p=537091"},"modified":"2022-02-24T01:16:04","modified_gmt":"2022-02-24T07:16:04","slug":"vladimir-putin-otro-loco","status":"publish","type":"post","link":"https:\/\/www.diarioimagen.net\/?p=537091","title":{"rendered":"Vladimir Putin, otro loco"},"content":{"rendered":"<h2>De pe a pa<\/h2>\n<h5>Alberto Vieyra G.<\/h5>\n<p>&nbsp;<\/p>\n<p>Alemania perdi\u00f3 m\u00e1s del 13% de su territorio en la Primera Guerra Mundial.\u00a0 Las naciones que se repartir\u00edan los territorios perdidos por Alemania ser\u00edan Rumania, Checoslovaquia, Polonia, Croacia y Eslovenia, entre otros, de acuerdo con el Tratado de Versalles que no gust\u00f3 en lo m\u00e1s m\u00ednimo a muchos alemanes fundamentalistas y locos como Adolfo Hitler.<\/p>\n<p>Desde 1933, cuando Adolfo Hitler arrib\u00f3 al poder en Alemania prometi\u00f3 recuperar los territorios perdidos durante la Primera Guerra Mundial, aunque su plan con ma\u00f1a era el exterminio de los jud\u00edos afincados en Alemania y otras naciones europeas.<\/p>\n<p>El censo de poblaci\u00f3n que se llev\u00f3 a cabo en Europa en 1938, arrojar\u00eda que en el \u201cViejo Mundo\u201d hab\u00eda poco m\u00e1s de 13 millones y medio de jud\u00edos, a los que Adolfo Hitler convirti\u00f3 en el enemigo com\u00fan de los alemanes y en los campos de concentraci\u00f3n exterminar\u00eda a 7 millones y medio de jud\u00edos.<\/p>\n<p>\u00bfPor qu\u00e9 hago historia?<\/p>\n<p>Mire usted. Casi un siglo despu\u00e9s, otro loco, \u00e9ste ruso, llamado Vladimir Putin, est\u00e1 a punto de llevar al planeta a una Tercera Guerra Mundial. Todo mundo se pregunta: \u00bfQu\u00e9 buscan Rusia y Putin en Ucrania?<\/p>\n<p>En primer lugar, Rusia quiere extender su hegemon\u00eda en gran parte de Europa, pero la OTAN (La Organizaci\u00f3n del Tratado del Atl\u00e1ntico Norte, tambi\u00e9n conocida como la Alianza Atl\u00e1ntica) que conforman 30 naciones, principalmente europeas y Estados Unidos, le impide a Putin apoderarse de territorios de sus aliados y aunque Ucrania no forma parte de la OTAN, est\u00e1 en v\u00edas de formar parte de esa organizaci\u00f3n y Putin siente que se le est\u00e1 saliendo del huacal esa naci\u00f3n, a la que se dio a la tarea de introducir desde 2014 a rusos separatistas y las dos regiones del este de ucrania que se han declarado independientes est\u00e1n totalmente pobladas por rusos, lo cual, seg\u00fan Putin le da el derecho de intervenir militarmente en esa regi\u00f3n, so pretexto de mantener la paz.<\/p>\n<p>El conflicto ruso con Ucrania no parece tener una r\u00e1pida soluci\u00f3n a la vista. Putin no est\u00e1 dispuesto a que la OTAN avance un s\u00f3lo cent\u00edmetro en Ucrania y en caso de que la diplomacia fracase, una Tercera Guerra Mundial podr\u00eda devastar al mundo.<\/p>\n<p>De acuerdo con las profec\u00edas b\u00edblicas, en el final de los \u00faltimos tiempos se suscitar\u00e1 una guerra devastadora entre el \u201cRey del norte\u201d y el \u201cRey del sur\u201d. \u00bfY cu\u00e1l es el \u201cRey del norte\u201d y el \u201cRey del sur\u201d? Bueno, el \u201cRey del norte\u201d es en este momento Rusia con sus aliados como China y otras naciones b\u00e9licas asi\u00e1ticas, en tanto que el Rey del sur\u201d es Estados Unidos con sus aliados hist\u00f3ricos como Francia, Inglaterra, Espa\u00f1a y, desde luego, las 30 naciones que conforman la OTAN.<\/p>\n<p>Para muchos estudiosos de las cuestiones b\u00edblicas, el final de los \u00faltimos tiempos comenz\u00f3 en 1914, con el estallido de la Primera Guerra Mundial y proseguir\u00eda en 1939, con el estallido de la segunda conflagraci\u00f3n mundial y se cree que el final de los tiempos estar\u00eda pr\u00f3ximo a suceder.<\/p>\n<p>La Segunda Guerra Mundial que destruy\u00f3 a casi toda Europa, provocando la contaminaci\u00f3n de los mares y mat\u00f3 a m\u00e1s de 48 millones de personas, dej\u00f3 a la humanidad una ense\u00f1anza macabra que jam\u00e1s debe repetirse, pues los d\u00edas 6 y 9 de agosto de 1945, cuando la Segunda Guerra Mundial ya hab\u00eda terminado, Estados Unidos desapareci\u00f3 con la bomba at\u00f3mica a dos ciudades japonesas: Nagasaki e Hiroshima. El horror de 1945 jam\u00e1s debe repetirse en un mundo civilizado, pero en el que abundan los locos como Putin, todo puede esperarse.<\/p>\n<p><a href=\"mailto:info@agenciamn.com\" target=\"_blank\" rel=\"noopener noreferrer\"><em>info@agenciamn.com<\/em><\/a><\/p>\n","protected":false},"excerpt":{"rendered":"<p><span style=\"color: #005497;\"><strong>Alberto Vieyra G.<\/strong><\/span><\/p>\n","protected":false},"author":3,"featured_media":0,"comment_status":"open","ping_status":"open","sticky":false,"template":"","format":"standard","meta":{"_monsterinsights_skip_tracking":false,"_monsterinsights_sitenote_active":false,"_monsterinsights_sitenote_note":"","_monsterinsights_sitenote_category":0,"footnotes":""},"categories":[4596],"tags":[43697,4597,43674],"class_list":["post-537091","post","type-post","status-publish","format-standard","hentry","category-alberto-vieyra-g","tag-alberto-vieyra-g","tag-de-pe-a-pa","tag-opinion"],"_links":{"self":[{"href":"https:\/\/www.diarioimagen.net\/index.php?rest_route=\/wp\/v2\/posts\/537091","targetHints":{"allow":["GET"]}}],"collection":[{"href":"https:\/\/www.diarioimagen.net\/index.php?rest_route=\/wp\/v2\/posts"}],"about":[{"href":"https:\/\/www.diarioimagen.net\/index.php?rest_route=\/wp\/v2\/types\/post"}],"author":[{"embeddable":true,"href":"https:\/\/www.diarioimagen.net\/index.php?rest_route=\/wp\/v2\/users\/3"}],"replies":[{"embeddable":true,"href":"https:\/\/www.diarioimagen.net\/index.php?rest_route=%2Fwp%2Fv2%2Fcomments&post=537091"}],"version-history":[{"count":0,"href":"https:\/\/www.diarioimagen.net\/index.php?rest_route=\/wp\/v2\/posts\/537091\/revisions"}],"wp:attachment":[{"href":"https:\/\/www.diarioimagen.net\/index.php?rest_route=%2Fwp%2Fv2%2Fmedia&parent=537091"}],"wp:term":[{"taxonomy":"category","embeddable":true,"href":"https:\/\/www.diarioimagen.net\/index.php?rest_route=%2Fwp%2Fv2%2Fcategories&post=537091"},{"taxonomy":"post_tag","embeddable":true,"href":"https:\/\/www.diarioimagen.net\/index.php?rest_route=%2Fwp%2Fv2%2Ftags&post=537091"}],"curies":[{"name":"wp","href":"https:\/\/api.w.org\/{rel}","templated":true}]}}