{"id":537104,"date":"2022-02-24T00:12:44","date_gmt":"2022-02-24T06:12:44","guid":{"rendered":"https:\/\/www.diarioimagen.net\/?p=537104"},"modified":"2022-02-24T01:33:08","modified_gmt":"2022-02-24T07:33:08","slug":"en-que-fase-estamos-pausa-enfriamiento-o-ruptura-mexico-eu","status":"publish","type":"post","link":"https:\/\/www.diarioimagen.net\/?p=537104","title":{"rendered":"\u00bfEn qu\u00e9 fase estamos&#8230; pausa, enfriamiento o ruptura\u00a0M\u00e9xico-EU?"},"content":{"rendered":"<h2>Tras la puerta del poder<\/h2>\n<h5>Roberto Vizca\u00edno<\/h5>\n<p>&nbsp;<\/p>\n<p>\u00abEl alto n\u00famero de periodistas asesinados en M\u00e9xico este a\u00f1o y las continuas amenazas que enfrentan son preocupantes. Me uno a quienes piden mayor responsabilidad y protecci\u00f3n para los periodistas mexicanos. Mi coraz\u00f3n est\u00e1 con los seres queridos de aquellos que dieron su vida por la verdad\u00bb.<\/p>\n<p>Este fue el mensaje enviado en un <em>twitt<\/em> por\u00a0<strong>Antony Blinken<\/strong>, secretario de Estado de EU que motiv\u00f3 la furia del presidente <strong>Andr\u00e9s Manuel L\u00f3pez Obrador <\/strong>quien de entrada lo calific\u00f3 de desinformado&#8230; o quiz\u00e1 de actuar de mala fe, al lado de los conservadores que lo atacan todos los d\u00edas en M\u00e9xico .<\/p>\n<p>Por ello, dijo: \u00abPedirle de favor que se informe y que no act\u00fae de manera injerencista, porque\u00a0M\u00e9xico no es colonia de Estados Unidos, ni es un protectorado. M\u00e9xico es un pa\u00eds libre, independiente y soberano\u00bb.<\/p>\n<p>A nada de eso se refiri\u00f3\u00a0<strong>Blinken<\/strong>\u00a0en su\u00a0<em>twitt<\/em>, pero\u00a0<strong>AMLO<\/strong>, ya caliente, continu\u00f3:<\/p>\n<p>\u00abYo creo que est\u00e1 mal informado, porque de lo contrario estar\u00eda actuando de mala fe. Lo que \u00e9l est\u00e1 sosteniendo no es cierto&#8230; es muy lamentable que haya asesinatos de periodistas&#8230; en todos los casos se est\u00e1 actuando, no hay impunidad,\u00a0<strong>no son cr\u00edmenes de Estado<\/strong>.<\/p>\n<p>\u00abY si el jefe del Departamento de Estado del gobierno de Estados Unidos interviene, yo pienso que no sabe, no est\u00e1 bien informado de esta situaci\u00f3n\u00a0<strong><em>porque no hay cr\u00edmenes de Estado<\/em><\/strong>\u201d:<\/p>\n<p>Luego dijo haberle dado instrucciones al secretario de Relaciones Exteriores, Marcelo Ebrard, para enviarle a\u00a0<strong>Blinken<\/strong>\u00a0un reporte de todos los periodistas asesinados y el estado de sus investigaciones porque en M\u00e9xico, \u00abya no somos iguales\u00bb y no hay impunidad.<\/p>\n<p>Metido en el tema,\u00a0<strong>AMLO<\/strong>\u00a0continu\u00f3:<\/p>\n<p>\u00ab&#8230; en Estados Unidos los gobiernos tienen esa mala costumbre, de que\u00a0<strong><em>son candil de la calle y oscuridad de la casa<\/em><\/strong>, no de ahora, pues estamos recordando hoy lo del intervencionismo del embajador de Estados Unidos en un asunto que nos duele profundamente.<\/p>\n<p>\u00abY tambi\u00e9n\u00a0esto demuestra de que existe mucha vinculaci\u00f3n entre los grupos conservadores de M\u00e9xico con el gobierno de Estados Unidos. A m\u00ed me gustar\u00eda que, ya que est\u00e1 actuando y est\u00e1 opinando el\u00a0<strong>se\u00f1or Blinken<\/strong>,\u00a0que nos informe por qu\u00e9 est\u00e1n financiando a un grupo opositor a un gobierno legal, leg\u00edtimo; por qu\u00e9 le est\u00e1n dando dinero al grupo de Claudio X. Gonz\u00e1lez, que me responda eso.\u00a0Y pedirle de favor que se informe y que no act\u00faen de manera injerencista,\u00a0porque M\u00e9xico no es colonia de Estados Unidos ni es un protectorado, M\u00e9xico es un pa\u00eds libre, independiente, soberano\u00bb.<\/p>\n<p>As\u00ed las cosas desde la perspectiva de\u00a0<strong>Andr\u00e9s Manuel L\u00f3pez Obrador<\/strong>, Presidente de M\u00e9xico.<\/p>\n<p>Durante la tarde, en su conferencia diaria, la vocera de la Casa Blanca,\u00a0<strong>Jen Psaki,<\/strong>\u00a0dio una respuesta a\u00a0<strong>AMLO<\/strong>.<\/p>\n<p>\u00abHemos visto, en los hechos, las amenazas que enfrenta el periodismo en M\u00e9xico y\u00a0esa es la preocupaci\u00f3n que expres\u00f3 el secretario estadounidense de Estado,\u00a0<strong>Antony Blinken<\/strong>,\u00a0en nombre de Estados Unidos, sobre esos abusos. Creo que habl\u00f3 con base en los hechos sobre el terreno\u00bb.<\/p>\n<p>Es decir, lo dicho por\u00a0<strong>Blinken<\/strong>\u00a0no fue una ocurrencia suya, sino que es lo que piensa\u00a0<strong>Joe Biden<\/strong>\u00a0y el gobierno de EU.<\/p>\n<p>Por el lado mexicano,\u00a0<strong>Marcelo Ebrard<\/strong>\u00a0indic\u00f3 que dir\u00eda\u00a0<strong>Blinken<\/strong>\u00a0que a los periodistas asesinados quiz\u00e1 los mataron con armas ingresadas ilegalmente a M\u00e9xico.<\/p>\n<p>\u00bfQuerr\u00e1 con eso decir<strong>\u00a0Ebrard<\/strong>\u00a0que EU es corresponsable de los asesinatos de periodistas en M\u00e9xico?<\/p>\n<p>Hasta ah\u00ed las cosas hasta la tarde de ayer.<\/p>\n<p style=\"text-align: center;\"><strong>Hablaremos con Ebrard: Monreal<\/strong><\/p>\n<p>Preocupado no s\u00f3lo por esta circunstancia, sino por el avance de la grave situaci\u00f3n en Ucrania y los mexicanos que viven all\u00e1,\u00a0<strong>Ricardo Monreal<\/strong>\u00a0adelant\u00f3 que los integrantes de la Junta de Coordinaci\u00f3n Pol\u00edtica del Senado buscar\u00e1n conversar con <strong>Marcelo Ebrard.<\/strong><\/p>\n<p>Este encuentro, dijo el zacatecano, es una de las prioridades porque cada vez se deteriora m\u00e1s la situaci\u00f3n en Ucrania como lo de la introducci\u00f3n ilegal de armas a M\u00e9xico, junto con los temas relacionados con la migraci\u00f3n y de c\u00f3mo afecta todo esto a los acuerdos comerciales.<\/p>\n<p>Est\u00e1n en juego, se\u00f1al\u00f3, los principios sobre la proscripci\u00f3n de la amenaza y el uso de la fuerza en las relaciones internacionales, el respeto a la integridad territorial, la independencia pol\u00edtica de los Estados y la no intervenci\u00f3n en los asuntos internos de los pa\u00edses; \u00abestos son tres principios inalterables de la ONU\u00bb.<\/p>\n<p><em><a href=\"mailto:rvizcainoa@gmail.com\" target=\"_blank\" rel=\"noopener noreferrer\">vizcainoa@gmail.com<\/a><br \/>\n<a href=\"http:\/\/endirecto.mx\" target=\"_blank\" rel=\"noopener noreferrer\">www.endirecto.mx<\/a><br \/>\n<a href=\"https:\/\/twitter.com\/_rvizcaino\" target=\"_blank\" rel=\"noopener noreferrer\">@_RVizcaino<\/a><br \/>\n<a href=\"https:\/\/www.facebook.com\/rvizcainoa\" target=\"_blank\" rel=\"noopener noreferrer\">facebook.com\/rvizcainoa<\/a><\/em><\/p>\n","protected":false},"excerpt":{"rendered":"<p><span style=\"color: #005497;\"><strong>Roberto Vizca\u00edno<\/strong><\/span><br \/>\n<br \/>\n\u00abEl alto n\u00famero de periodistas asesinados en M\u00e9xico este a\u00f1o y las continuas amenazas que enfrentan son preocupantes. Me uno a quienes piden mayor responsabilidad y protecci\u00f3n para los periodistas mexicanos. Mi coraz\u00f3n est\u00e1 con los seres queridos de aquellos que dieron su vida por la verdad\u00bb.<\/p>\n","protected":false},"author":3,"featured_media":0,"comment_status":"open","ping_status":"open","sticky":false,"template":"","format":"standard","meta":{"_monsterinsights_skip_tracking":false,"_monsterinsights_sitenote_active":false,"_monsterinsights_sitenote_note":"","_monsterinsights_sitenote_category":0,"footnotes":""},"categories":[136],"tags":[43674,93,94],"class_list":["post-537104","post","type-post","status-publish","format-standard","hentry","category-roberto-vizcaino-opinion","tag-opinion","tag-roberto-vizcaino","tag-tras-la-puerta-del-poder"],"_links":{"self":[{"href":"https:\/\/www.diarioimagen.net\/index.php?rest_route=\/wp\/v2\/posts\/537104","targetHints":{"allow":["GET"]}}],"collection":[{"href":"https:\/\/www.diarioimagen.net\/index.php?rest_route=\/wp\/v2\/posts"}],"about":[{"href":"https:\/\/www.diarioimagen.net\/index.php?rest_route=\/wp\/v2\/types\/post"}],"author":[{"embeddable":true,"href":"https:\/\/www.diarioimagen.net\/index.php?rest_route=\/wp\/v2\/users\/3"}],"replies":[{"embeddable":true,"href":"https:\/\/www.diarioimagen.net\/index.php?rest_route=%2Fwp%2Fv2%2Fcomments&post=537104"}],"version-history":[{"count":0,"href":"https:\/\/www.diarioimagen.net\/index.php?rest_route=\/wp\/v2\/posts\/537104\/revisions"}],"wp:attachment":[{"href":"https:\/\/www.diarioimagen.net\/index.php?rest_route=%2Fwp%2Fv2%2Fmedia&parent=537104"}],"wp:term":[{"taxonomy":"category","embeddable":true,"href":"https:\/\/www.diarioimagen.net\/index.php?rest_route=%2Fwp%2Fv2%2Fcategories&post=537104"},{"taxonomy":"post_tag","embeddable":true,"href":"https:\/\/www.diarioimagen.net\/index.php?rest_route=%2Fwp%2Fv2%2Ftags&post=537104"}],"curies":[{"name":"wp","href":"https:\/\/api.w.org\/{rel}","templated":true}]}}