{"id":537237,"date":"2022-02-25T00:15:40","date_gmt":"2022-02-25T06:15:40","guid":{"rendered":"https:\/\/www.diarioimagen.net\/?p=537237"},"modified":"2022-02-28T01:26:59","modified_gmt":"2022-02-28T07:26:59","slug":"violencia-contra-ninas-y-ninos-en-ascenso","status":"publish","type":"post","link":"https:\/\/www.diarioimagen.net\/?p=537237","title":{"rendered":"Violencia contra ni\u00f1as y ni\u00f1os, en ascenso"},"content":{"rendered":"<h2>Por la Derecha..!<\/h2>\n<h5>Luis \u00c1ngel Garc\u00eda<\/h5>\n<p>&nbsp;<\/p>\n<p>\u201cUna golondrina no hace verano\u201d, reza el dicho popular y es muy cierto. Reci\u00e9n anunciaba el gobierno federal la disminuci\u00f3n de varios delitos como la violencia familiar, cuando la organizaci\u00f3n World Vision M\u00e9xico daba a conocer su informe sobre la situaci\u00f3n de violencia contra ni\u00f1as, ni\u00f1os y adolescentes en nuestro pa\u00eds, donde se revela que el 90 por ciento de los menores temen ser v\u00edctimas de violencia en su \u00e1mbito cercano como el hogar, la escuela y la calle. Hay un clima de inseguridad en distintos espacios para los menores de 18 a\u00f1os. El lugar donde m\u00e1s violencia experimentan es en el hogar, pero dicen las autoridades que ha descendido la incidencia. El 90 por ciento de los menores expresaron estar intranquilos todo el tiempo y en cualquier sitio.<\/p>\n<p>Esa no es percepci\u00f3n sino realidad, como lo demuestra el estudio de World Vision al encuestar a casi nueve mil ni\u00f1os, ni\u00f1as y adolescentes de 265 municipios en 21 estados. Ellos confirman que su hogar es donde est\u00e1n m\u00e1s inseguros y que hay deficiencias en las estructuras gubernamentales para darles tranquilidad. El 92.17 por ciento de los entrevistados solicit\u00f3 ayuda telef\u00f3nica para prevenir o protegerse de la violencia en su casa. El 911 recibi\u00f3 en unos cuantos meses m\u00e1s de dos millones de llamadas de auxilio por violencia familiar.<\/p>\n<p>Despu\u00e9s de la violencia intramuros, est\u00e1 el <em>bullying<\/em>, ya que el 93.32 por ciento de los participantes en el sondeo lo consider\u00f3 una forma de violencia. El estudio concluye que el confinamiento social ha sido un detonante de la violencia y que ha provocado un grave problema de ansiedad entre los menores.<\/p>\n<p>El 86 por ciento de la muestra consider\u00f3 el trabajo infantil como una forma de violencia.<\/p>\n<p>La p\u00e9rdida de valores sociales ha provocado que los ni\u00f1os, ni\u00f1as y adolescentes vean los gritos y otras agresiones verbales como parte de la educaci\u00f3n que deben recibir, el 27 por ciento de la poblaci\u00f3n consultada dice que esa no es violencia.<\/p>\n<p>Es grave la violencia hacia los infantes, sobre todo la familiar y lo peor es que no hay un diagn\u00f3stico serio del problema, ya que no\u00a0 existe la gesti\u00f3n de datos que permita crear pol\u00edticas p\u00fablicas que atiendan al menor; esa falta de registros peri\u00f3dicos impide conocer, por ejemplo, a cu\u00e1ntos menores recluta\u00a0 en crimen organizado, y tampoco hay una estrategia para rescatar a esos ni\u00f1os ni programas de gobierno para disminuir el efecto de la violencia; s\u00f3lo el 8 por ciento de los encuestados ubic\u00f3 alguna acci\u00f3n de gobierno para disminuir el problema.<\/p>\n<p>La peor parte de esa violencia es la muerte de menores. El a\u00f1o pasado hubo 317 feminicidios donde la v\u00edctima fue un menor y 4 mil 44 homicidios dolosos contra ni\u00f1as, ni\u00f1os y adolescentes.<\/p>\n<p>Si no hay pol\u00edticas p\u00fablicas para defender a los infantes, es entendible que tampoco haya programas de prevenci\u00f3n de este delito y que los menores est\u00e9n destinados al fracaso, por ello 3.6 millones de estos no asistan a la escuela.<\/p>\n<p>As\u00ed que el gobierno festin\u00f3 antes de tiempo, pero todav\u00eda tiene la oportunidad de rescatar a millones de ni\u00f1os mexicanos si estructura pol\u00edticas p\u00fablicas que tengan como eje el bienestar integral del menor y coadyuven a la recomposici\u00f3n del tejido social. Asimismo, debe contar con m\u00e9tricas exactas del violent\u00f3metro que sufren los ni\u00f1os e informarles de sus derechos y ante qui\u00e9n pueden acudir para denunciar sin que peligre su integridad.<\/p>\n","protected":false},"excerpt":{"rendered":"<p><span style=\"color: #005497;\"><strong>Luis \u00c1ngel Garc\u00eda<\/strong><\/span><br \/>\n<br \/>\n\u201cUna golondrina no hace verano\u201d, reza el dicho popular y es muy cierto. Reci\u00e9n anunciaba el gobierno federal la disminuci\u00f3n de varios delitos como la violencia familiar, cuando la organizaci\u00f3n World Vision M\u00e9xico daba a conocer su informe sobre la situaci\u00f3n de violencia contra ni\u00f1as, ni\u00f1os y adolescentes en nuestro pa\u00eds, donde se revela que el 90 por ciento de los menores temen ser v\u00edctimas de violencia en su \u00e1mbito cercano como el hogar, la escuela y la calle.<\/p>\n","protected":false},"author":3,"featured_media":0,"comment_status":"open","ping_status":"open","sticky":false,"template":"","format":"standard","meta":{"_monsterinsights_skip_tracking":false,"_monsterinsights_sitenote_active":false,"_monsterinsights_sitenote_note":"","_monsterinsights_sitenote_category":0,"footnotes":""},"categories":[92115],"tags":[92117,43674,92116],"class_list":["post-537237","post","type-post","status-publish","format-standard","hentry","category-luis-angel-garcia","tag-luis-angel-garcia","tag-opinion","tag-por-la-derecha"],"_links":{"self":[{"href":"https:\/\/www.diarioimagen.net\/index.php?rest_route=\/wp\/v2\/posts\/537237","targetHints":{"allow":["GET"]}}],"collection":[{"href":"https:\/\/www.diarioimagen.net\/index.php?rest_route=\/wp\/v2\/posts"}],"about":[{"href":"https:\/\/www.diarioimagen.net\/index.php?rest_route=\/wp\/v2\/types\/post"}],"author":[{"embeddable":true,"href":"https:\/\/www.diarioimagen.net\/index.php?rest_route=\/wp\/v2\/users\/3"}],"replies":[{"embeddable":true,"href":"https:\/\/www.diarioimagen.net\/index.php?rest_route=%2Fwp%2Fv2%2Fcomments&post=537237"}],"version-history":[{"count":0,"href":"https:\/\/www.diarioimagen.net\/index.php?rest_route=\/wp\/v2\/posts\/537237\/revisions"}],"wp:attachment":[{"href":"https:\/\/www.diarioimagen.net\/index.php?rest_route=%2Fwp%2Fv2%2Fmedia&parent=537237"}],"wp:term":[{"taxonomy":"category","embeddable":true,"href":"https:\/\/www.diarioimagen.net\/index.php?rest_route=%2Fwp%2Fv2%2Fcategories&post=537237"},{"taxonomy":"post_tag","embeddable":true,"href":"https:\/\/www.diarioimagen.net\/index.php?rest_route=%2Fwp%2Fv2%2Ftags&post=537237"}],"curies":[{"name":"wp","href":"https:\/\/api.w.org\/{rel}","templated":true}]}}