{"id":537254,"date":"2022-02-25T00:03:47","date_gmt":"2022-02-25T06:03:47","guid":{"rendered":"https:\/\/www.diarioimagen.net\/?p=537254"},"modified":"2022-02-25T03:06:40","modified_gmt":"2022-02-25T09:06:40","slug":"segob-morena-y-el-tri-apa","status":"publish","type":"post","link":"https:\/\/www.diarioimagen.net\/?p=537254","title":{"rendered":"Segob-Morena. \u00bfY el Tri, ap\u00e1?"},"content":{"rendered":"<h2>Espacio Electoral<\/h2>\n<h5>Eleazar Flores<\/h5>\n<p><strong>\u00a0<\/strong><\/p>\n<p><strong>\u00bfINTROMISI\u00d3N?-.<\/strong> Por motivos que se desconocen o ser muy discreto o cuidarse de actos indebidos, el secretario de Gobernaci\u00f3n, Ad\u00e1n Augusto L\u00f3pez Hern\u00e1ndez,\u00a0 se reuni\u00f3 con diputados federales y locales mexiquenses y cuadros destacados de la misma entidad, en horas de trabajo dizque para tratar asuntos de la agenda nacional, pero aprovecharon para tratar el caso Edomex.<\/p>\n<p>Asistiendo como invitada la jefa de gobierno Claudia Sheinbaum, tocaron de refil\u00f3n las reformas estructurales, pero al final prometieron \u201cir juntos por la gubernatura del Edomex en 2023\u201d.<\/p>\n<p>Todo lo anterior muy bien, trat\u00e1ndose de lograr el a\u00f1o pr\u00f3ximo la \u201cjoya de la corona\u201d, o sea la gubernatura del Estado de M\u00e9xico, solamente que el primo Ad\u00e1n Augusto presidi\u00f3 un evento netamente proselitista en horario de trabajo, cuando su principal responsabilidad es atender la \u201cpol\u00edtica interior\u201d como responsable que es de ella.<\/p>\n<p>De lo anterior no hubo bolet\u00edn y los filopejistas se enteraron gracias al tuit que por sus redes sociales presumi\u00f3 el senador con licencia Higinio Mart\u00ednez, texcocano y m\u00e1s acelerado aspirante a la gubernatura, que desde su fundaci\u00f3n mantiene el PRI, noventa o m\u00e1s a\u00f1os, pero que ahora Morena y aliados creen estar m\u00e1s cerca que nunca<\/p>\n<p><strong>ASISTENTES-.<\/strong> Higinio Mart\u00ednez Miranda, m\u00e9dico cirujano y candidato perdedor a la gubernatura\u00a0 ante Arturo Montiel en 1999, da la lista de asistentes a la reuni\u00f3n del pasado mi\u00e9rcoles con el titular de la Segob, Ad\u00e1n Augusto L\u00f3pez Hern\u00e1ndez. Fueron Delfina G\u00f3mez, candidata perdedora en 2017 ante Alfredo del Mazo Maza; Horacio Duarte, responsable de Aduanas, y como invitada, la jefa de Gobierno Claudia Sheinbaum y la superdelegada de Morena, Martha Guerrero.<\/p>\n<p>Otro aspirante, tambi\u00e9n de Texcoco, que brill\u00f3 por su ausencia fue Alejandro Encinas.<\/p>\n<p>Prometieron para 2023 ir juntos por la gubernatura, con PT y PVEM sumados, por lo que sin citarlo, naci\u00f3 el grupo TUCP, Todos Unidos Contra el PRI.<\/p>\n<p>Don Ad\u00e1n y do\u00f1a Claudia, complacidos as\u00ed\u00a0 hagan cosas partidistas en sus horas de trabajo.<\/p>\n<p><strong>\u00bfY EL TRI AP\u00c1?-.<\/strong> Con el permiso no concedido, por no solicitado, de intelectuales y expertos en futbol como el escritor Juan Villoro y los periodistas Javier Sol\u00f3rzano y Ricardo Rocha, invado una cancha que abandon\u00e9 en la era del \u201ccampeon\u00edsimo\u201d Guadalajara, as\u00ed que deduzca la juventud acumulada que pesa sobre el teclado.<\/p>\n<p>La verdeamarela de Brasil, la azzurri de Italia y la albiceleste de Argentina no cambian su identidad en las canchas por m\u00e1s publicidad -minimizada-, que incluyen en sus playeras.<\/p>\n<p>Antes, el Tri luc\u00eda los colores patrios, luego predomin\u00f3 el verde y \u00bfahora?. Cambia tanto para mal-igual que los seleccionados-,\u00a0 que se ignora qu\u00e9 pa\u00eds representan. Predomina el mal gusto, dicen los expertos.<\/p>\n<p><em><a href=\"mailto:elefa44@gmail.com\" target=\"_blank\" rel=\"noopener noreferrer\">elefa44@gmail.com<\/a><\/em><\/p>\n","protected":false},"excerpt":{"rendered":"<p><span style=\"color: #005497;\"><strong>Eleazar Flores<\/strong><\/span><\/p>\n","protected":false},"author":3,"featured_media":0,"comment_status":"open","ping_status":"open","sticky":false,"template":"","format":"standard","meta":{"_monsterinsights_skip_tracking":false,"_monsterinsights_sitenote_active":false,"_monsterinsights_sitenote_note":"","_monsterinsights_sitenote_category":0,"footnotes":""},"categories":[81743],"tags":[81744,81776,43674],"class_list":["post-537254","post","type-post","status-publish","format-standard","hentry","category-eleazar-flores","tag-eleazar-flores","tag-espacio-electoral","tag-opinion"],"_links":{"self":[{"href":"https:\/\/www.diarioimagen.net\/index.php?rest_route=\/wp\/v2\/posts\/537254","targetHints":{"allow":["GET"]}}],"collection":[{"href":"https:\/\/www.diarioimagen.net\/index.php?rest_route=\/wp\/v2\/posts"}],"about":[{"href":"https:\/\/www.diarioimagen.net\/index.php?rest_route=\/wp\/v2\/types\/post"}],"author":[{"embeddable":true,"href":"https:\/\/www.diarioimagen.net\/index.php?rest_route=\/wp\/v2\/users\/3"}],"replies":[{"embeddable":true,"href":"https:\/\/www.diarioimagen.net\/index.php?rest_route=%2Fwp%2Fv2%2Fcomments&post=537254"}],"version-history":[{"count":0,"href":"https:\/\/www.diarioimagen.net\/index.php?rest_route=\/wp\/v2\/posts\/537254\/revisions"}],"wp:attachment":[{"href":"https:\/\/www.diarioimagen.net\/index.php?rest_route=%2Fwp%2Fv2%2Fmedia&parent=537254"}],"wp:term":[{"taxonomy":"category","embeddable":true,"href":"https:\/\/www.diarioimagen.net\/index.php?rest_route=%2Fwp%2Fv2%2Fcategories&post=537254"},{"taxonomy":"post_tag","embeddable":true,"href":"https:\/\/www.diarioimagen.net\/index.php?rest_route=%2Fwp%2Fv2%2Ftags&post=537254"}],"curies":[{"name":"wp","href":"https:\/\/api.w.org\/{rel}","templated":true}]}}