{"id":537261,"date":"2022-02-25T00:12:00","date_gmt":"2022-02-25T06:12:00","guid":{"rendered":"https:\/\/www.diarioimagen.net\/?p=537261"},"modified":"2022-02-28T01:54:29","modified_gmt":"2022-02-28T07:54:29","slug":"lopez-obrador-mantiene-a-quirino-en-espana-y-baja-a-jesusa-para-panama","status":"publish","type":"post","link":"https:\/\/www.diarioimagen.net\/?p=537261","title":{"rendered":"L\u00f3pez Obrador mantiene a Quirino en Espa\u00f1a y baja a Jesusa para Panam\u00e1"},"content":{"rendered":"<h2>Tras la puerta del poder<\/h2>\n<h5>Roberto Vizca\u00edno<\/h5>\n<p>&nbsp;<\/p>\n<p>La presidenta del Senado, la ex ministra y ex titular de Gobernaci\u00f3n,\u00a0<strong>Olga S\u00e1nchez Cordero<\/strong>, recibi\u00f3 ayer una nueva lista de propuestas del presidente\u00a0<strong>Andr\u00e9s Manuel L\u00f3pez Obrador<\/strong>\u00a0para varias embajadas y consulados en el exterior.<\/p>\n<p>En esta nueva lista -que ya no lleg\u00f3 a la c\u00e1mara alta por la v\u00eda de\u00a0<strong>Ricardo Monreal<\/strong>, quien en su calidad de presidente de la Junta de Coordinaci\u00f3n Pol\u00edtica las recibi\u00f3 a lo largo de los 3 a\u00f1os anteriores, sino que ahora la ingres\u00f3\u00a0<strong>AMLO<\/strong>\u00a0directamente por la Presidencia de la C\u00e1mara-, el mandatario pide tramitar los nombramientos de 7 embajadores, entre ellos, el del priista <strong>Quirino Ordaz<\/strong>\u00a0como representante de M\u00e9xico en Espa\u00f1a.<\/p>\n<p>El benepl\u00e1cito del ex gobernador priista de Sinaloa lo mantuvo congelado el Gobierno del socialista\u00a0<strong>Pedro S\u00e1nchez\u00a0<\/strong>durante casi medio a\u00f1o en lo que se supone fue un extra\u00f1amiento hacia los constantes pronunciamientos del presidente\u00a0<strong>Andr\u00e9s Manuel L\u00f3pez Obrador<\/strong>\u00a0quien no baja de\u00a0conquistadores, abusadores\u00a0y\u00a0ladrones\u00a0a los inversionistas ib\u00e9ricos que operan en M\u00e9xico.<\/p>\n<p>Y ni qu\u00e9 decir de los adjetivos y condenas hist\u00f3ricas aplicados directamente por el tabasque\u00f1o a la Corona y Gobierno espa\u00f1ol.<\/p>\n<p>La evidente aversi\u00f3n y resentimiento del mandatario mexicano hacia Espa\u00f1a, lo llev\u00f3 a dictar discursivamente hace un par de semanas \u00ab<strong><em>una pausa<\/em><\/strong>\u00bb en la relaci\u00f3n entre M\u00e9xico y aquel pa\u00eds.<\/p>\n<p>La ocurrencia lopezobradoriana motiv\u00f3 una serie de reacciones all\u00e1 y ac\u00e1, porque ese concepto simplemente no existe en ninguna norma o tratado internacional.<\/p>\n<p>All\u00e1 y ac\u00e1, y en otros muchos lugares del mundo, este tipo de pronunciamientos de\u00a0<strong>Andr\u00e9s Manuel L\u00f3pez Obrador<\/strong>\u00a0no s\u00f3lo han sido motivo de serios an\u00e1lisis, sino que han derivado en guiones de humoristas, caricaturas y memes que corren por todas las redes sociales del mundo.<\/p>\n<p>En esta semana que concluye, el articulista\u00a0<strong>Carlos Herrera,\u00a0<\/strong>del diario espa\u00f1ol ABC, en un texto bajo el t\u00edtulo de \u00ab<strong><em>Al pendejo ni caso<\/em><\/strong>\u00ab, aborda el tema de los constantes dislates y acusaciones, descalificaciones, de\u00a0<strong>AMLO<\/strong>\u00a0para concluir:<\/p>\n<p>\u00abM\u00e9xico merece, por la calidad humana de su poblaci\u00f3n, m\u00e1s altura y eficacia en la gesti\u00f3n de su endiablada realidad\u00a0y no a un pobre pendejo desnortado incapaz de arreglar las desigualdades de su pa\u00eds\u00bb.<\/p>\n<p>As\u00ed han publicado textos referentes a AMLO en muchos otros medios informativos del mundo, donde simplemente\u00a0no dan cr\u00e9dito que M\u00e9xico tenga este Presidente.<\/p>\n<p>Este es en s\u00ed apenas una muestra del contexto en que el ex gobernador sinaloense -a quien seguro expulsan del PRI-, va a llegar a ejercer su labor diplom\u00e1tica -materia de que la muchos dudan sepa algo-, un pa\u00eds de donde provienen 76 mil millones de inversi\u00f3n en M\u00e9xico y de lo cual dependen cientos de miles de empleos y una actividad econ\u00f3mica y comercial y de servicios esencial para nuestro pa\u00eds.<\/p>\n<p style=\"text-align: center;\"><strong>Las otras propuestas\u00a0<\/strong><\/p>\n<p>As\u00ed, la presidenta del Senado inform\u00f3 que\u00a0<strong>AMLO<\/strong>\u00a0le envi\u00f3 adem\u00e1s los siguientes expedientes:\u00a0<strong>Leopoldo De Gyves<\/strong>, para Venezuela;\u00a0<strong>V\u00edctor Hugo Morales<\/strong>, en Trinidad y Tobago;\u00a0<strong>Guillermo Zamora a\u00a0<\/strong>Nicaragua;\u00a0<strong>Luis Manuel L\u00f3pez Moreno <\/strong>para<strong>\u00a0<\/strong>Santa Luc\u00eda; la escritora\u00a0<strong>Laura Esquivel<\/strong>, para Brasil y el ex gobernador pri\u00edsta de Campeche,\u00a0<strong>Carlos Miguel Aysa <\/strong>para Rep\u00fablica Dominicana.<\/p>\n<p>El paquete incluye a<strong>\u00a0Marcos Moreno<\/strong>\u00a0como c\u00f3nsul general en Nogales, Arizona.<\/p>\n<p>En esta lista\u00a0<strong>AMLO<\/strong>\u00a0ya no insisti\u00f3 en proponer a\u00a0<strong>Jesusa Rodr\u00edguez<\/strong>\u00a0como embajadora de M\u00e9xico en Panam\u00e1, quien entraba como emergente de\u00a0<strong>Pedro Salmer\u00f3n<\/strong>, un sujeto acusado de violaci\u00f3n, que fue rechazado por los paname\u00f1os. La sustituci\u00f3n de <strong>Salmer\u00f3n<\/strong> por <strong>Jesusa<\/strong> tambi\u00e9n provoc\u00f3 una fuerte reacci\u00f3n del gobierno de Panam\u00e1.<\/p>\n<p>El caso es que AMLO ahora ya no propuso a nadie para ese pa\u00eds. Quiz\u00e1 piense en \u00ab<strong><em>castigar<\/em><\/strong>\u00bb a los paname\u00f1os dej\u00e1ndolos sin embajador mexicano.<\/p>\n<p><strong>S\u00e1nchez Cordero<\/strong>\u00a0envi\u00f3 de inmediato las propuestas a las Comisiones de Relaciones Exteriores para su dictamen. Eso supone que habr\u00e1 pronto, en el Senado, comparecencias de los propuestos.<\/p>\n<p style=\"text-align: center;\"><strong>Monreal, en voz del Senado, pide paz en Ucrania<\/strong><\/p>\n<p>Ayer mismo el senador\u00a0<strong>Ricardo Monreal<\/strong>\u00a0lanz\u00f3 un llamado, como otros muchos en el mundo, en favor de la paz en Ucrania.<\/p>\n<p>Es urgente, dijo, buscar una soluci\u00f3n v\u00eda el restablecimiento de los Acuerdos de Minsk.<\/p>\n<p>\u00abDurante semanas el mundo vio con\u00a0<strong>ansiedad<\/strong>\u00a0el despliegue de tropas rusas a lo largo de las fronteras con Ucrania. Hoy, las ciudades y aeropuertos de ese pa\u00eds son atacados por aire y tierra. El continente europeo enfrenta su mayor guerra en 80 a\u00f1os\u00bb, coment\u00f3.<\/p>\n<p><em><a href=\"mailto:rvizcainoa@gmail.com\" target=\"_blank\" rel=\"noopener noreferrer\">vizcainoa@gmail.com<\/a><br \/>\n<a href=\"http:\/\/endirecto.mx\" target=\"_blank\" rel=\"noopener noreferrer\">www.endirecto.mx<\/a><br \/>\n<a href=\"https:\/\/twitter.com\/_rvizcaino\" target=\"_blank\" rel=\"noopener noreferrer\">@_RVizcaino<\/a><br \/>\n<a href=\"https:\/\/www.facebook.com\/rvizcainoa\" target=\"_blank\" rel=\"noopener noreferrer\">facebook.com\/rvizcainoa<\/a><\/em><\/p>\n","protected":false},"excerpt":{"rendered":"<p><span style=\"color: #005497;\"><strong>Roberto Vizca\u00edno<\/strong><\/span><br \/>\n<br \/>\nLa presidenta del Senado, la ex ministra y ex titular de Gobernaci\u00f3n, <strong>Olga S\u00e1nchez Cordero<\/strong>, recibi\u00f3 ayer una nueva lista de propuestas del presidente <strong>Andr\u00e9s Manuel L\u00f3pez Obrador<\/strong> para varias embajadas y consulados en el exterior.<\/p>\n","protected":false},"author":3,"featured_media":0,"comment_status":"open","ping_status":"open","sticky":false,"template":"","format":"standard","meta":{"_monsterinsights_skip_tracking":false,"_monsterinsights_sitenote_active":false,"_monsterinsights_sitenote_note":"","_monsterinsights_sitenote_category":0,"footnotes":""},"categories":[136],"tags":[43674,93,94],"class_list":["post-537261","post","type-post","status-publish","format-standard","hentry","category-roberto-vizcaino-opinion","tag-opinion","tag-roberto-vizcaino","tag-tras-la-puerta-del-poder"],"_links":{"self":[{"href":"https:\/\/www.diarioimagen.net\/index.php?rest_route=\/wp\/v2\/posts\/537261","targetHints":{"allow":["GET"]}}],"collection":[{"href":"https:\/\/www.diarioimagen.net\/index.php?rest_route=\/wp\/v2\/posts"}],"about":[{"href":"https:\/\/www.diarioimagen.net\/index.php?rest_route=\/wp\/v2\/types\/post"}],"author":[{"embeddable":true,"href":"https:\/\/www.diarioimagen.net\/index.php?rest_route=\/wp\/v2\/users\/3"}],"replies":[{"embeddable":true,"href":"https:\/\/www.diarioimagen.net\/index.php?rest_route=%2Fwp%2Fv2%2Fcomments&post=537261"}],"version-history":[{"count":0,"href":"https:\/\/www.diarioimagen.net\/index.php?rest_route=\/wp\/v2\/posts\/537261\/revisions"}],"wp:attachment":[{"href":"https:\/\/www.diarioimagen.net\/index.php?rest_route=%2Fwp%2Fv2%2Fmedia&parent=537261"}],"wp:term":[{"taxonomy":"category","embeddable":true,"href":"https:\/\/www.diarioimagen.net\/index.php?rest_route=%2Fwp%2Fv2%2Fcategories&post=537261"},{"taxonomy":"post_tag","embeddable":true,"href":"https:\/\/www.diarioimagen.net\/index.php?rest_route=%2Fwp%2Fv2%2Ftags&post=537261"}],"curies":[{"name":"wp","href":"https:\/\/api.w.org\/{rel}","templated":true}]}}