{"id":537389,"date":"2022-02-28T00:00:40","date_gmt":"2022-02-28T06:00:40","guid":{"rendered":"https:\/\/www.diarioimagen.net\/?p=537389"},"modified":"2022-02-28T01:17:58","modified_gmt":"2022-02-28T07:17:58","slug":"en-mexico-consumo-turistico-de-mas-de-26-mmdp-del-25-al-27-de-febrero","status":"publish","type":"post","link":"https:\/\/www.diarioimagen.net\/?p=537389","title":{"rendered":"En M\u00e9xico, consumo tur\u00edstico de m\u00e1s de 26 mmdp, del 25 al 27 de febrero"},"content":{"rendered":"<h2>Hora 14<\/h2>\n<h5>Mauricio Conde Olivares<\/h5>\n<p>&nbsp;<\/p>\n<p>En el marco del conflicto b\u00e9lico en Ucrania, el Secretario de Turismo, Miguel Torruco caus\u00f3 pol\u00e9mica con su invitaci\u00f3n al personal de Aeroflot para sumarse al flujo de vacacionistas hacia la Ciudad de M\u00e9xico, mientras varios pa\u00edses precisamente est\u00e1n restringiendo las rutas de esa aerol\u00ednea rusa en represalia al gobierno de Vladimir Putin.<\/p>\n<p>Torruco poste\u00f3 esto en redes sociales: \u201cSaludo con afecto a nuestros amigos de la prestigiada aerol\u00ednea @aeroflot, esperando una pronta conectividad entre las naciones y desde luego a la Ciudad de M\u00e9xico. Les recuerdo que el turismo es sin\u00f3nimo de paz, amistad y comprensi\u00f3n entre los pueblos\u201d, y adem\u00e1s le agreg\u00f3 una carita feliz.<\/p>\n<p>Adem\u00e1s, la Sectur difundi\u00f3 el siguiente texto: El secretario de Turismo del Gobierno de M\u00e9xico, Miguel Torruco Marqu\u00e9s, dio a conocer que en 2021, llegaron a nuestro pa\u00eds 75 mil 446 turistas por v\u00eda a\u00e9rea provenientes de la Federaci\u00f3n de Rusia, lo que represent\u00f3 un incremento del 146.1% respecto a los 30 mil 660 que arribaron en 2020.<\/p>\n<p>Indic\u00f3 que la derrama econ\u00f3mica que gener\u00f3 el mercado tur\u00edstico ruso en nuestro pa\u00eds en 2020 fue de 30 millones 410 mil d\u00f3lares, y en 2021 alcanz\u00f3 los 83 millones 758 mil d\u00f3lares, esto es un aumento del 175.4%.<\/p>\n<p>El titular de la Secretar\u00eda de Turismo (Sectur) se\u00f1al\u00f3 que el principal destino del turismo ruso es a trav\u00e9s del Aeropuerto Internacional de Canc\u00fan, que en 2020 recibi\u00f3 23 mil 109 turistas, y para 2021 increment\u00f3 su participaci\u00f3n a 60 mil 37, lo que representa un crecimiento del 159.8%.<\/p>\n<p>La derrama por este flujo de turistas alcanz\u00f3 los 22 millones 920 mil d\u00f3lares en el 2020, y 66 millones 651 mil d\u00f3lares en el 2021, esto es un incremento del 190.8%, coment\u00f3 Torruco Marqu\u00e9s.<\/p>\n<p>Agreg\u00f3 que otro destino importante del mercado tur\u00edstico ruso es el de la Ciudad de M\u00e9xico, con una llegada al Aeropuerto Internacional de la Ciudad de M\u00e9xico (AICM) de 6 mil 55 turistas en 2020 y de 13 mil 509, en el 2021, con un crecimiento del 123.1%.<\/p>\n<p>La derrama por llegadas de rusos al AICM alcanz\u00f3 poco m\u00e1s de 6 millones de d\u00f3lares en el 2020, y 14 millones 997 mil d\u00f3lares en el 2021, lo que signific\u00f3 un incremento del 149.7%. Los viajeros rusos en este aeropuerto representaron el 19.7% del mercado en 2020 y el 17.9% en 2021.<\/p>\n<p>Torruco Marqu\u00e9s indic\u00f3 que para el 2022, de la Federaci\u00f3n de Rusia hacia M\u00e9xico se tiene una programaci\u00f3n de 78 mil 434 asientos al aeropuerto de Canc\u00fan, a trav\u00e9s de las l\u00edneas a\u00e9reas Aeroflot Russian Airlines con el 72% del total, Azur Air con el 22% y Nordwind Airlines con el 6%.<\/p>\n<p>Destac\u00f3 que este volumen de asientos, se estima represente una derrama del orden de los 88 millones 512 mil d\u00f3lares.<\/p>\n<p>Para el caso del AICM, los turistas por v\u00eda a\u00e9rea procedentes de la Federaci\u00f3n de Rusia, arriban por vuelos en conexi\u00f3n, dado que no existen operaciones directas de ese pa\u00eds a la capital mexicana.<\/p>\n<p>El secretario de Turismo precis\u00f3 que, el conflicto b\u00e9lico entre Rusia y Ucrania podr\u00eda representar una serie de sanciones econ\u00f3micas por parte de la comunidad internacional al gobierno de la Federaci\u00f3n de Rusia, lo que provocar\u00eda que la programaci\u00f3n de vuelos para el 2022 se viera afectada.<\/p>\n<p>Hasta aqu\u00ed el comunicado de la Sectur, pero en otro orden la m\u00e1xima autoridad tur\u00edstica inform\u00f3 la derrama econ\u00f3mica de los \u00faltimos d\u00edas.<\/p>\n<p>El secretario de Turismo del Gobierno de M\u00e9xico, Miguel Torruco Marqu\u00e9s, inform\u00f3 que derivado de la Reuni\u00f3n del Consejo T\u00e9cnico de los Profesores, con lo que los alumnos de educaci\u00f3n b\u00e1sica no tuvieron clases, para el fin de semana del 25 al 27 de febrero se estim\u00f3 un consumo tur\u00edstico total de 26 mil 602 millones de pesos.<\/p>\n<p>Indic\u00f3 que la derrama econ\u00f3mica por concepto de hospedaje fue de 2 mil 431 millones de pesos, con una ocupaci\u00f3n hotelera de 49.3% a nivel nacional, esto es, 23.2 puntos porcentuales m\u00e1s comparado con el mismo periodo de 2021, cuando se registr\u00f3 el 26.1% de ocupaci\u00f3n general.<\/p>\n<p>Torruco Marqu\u00e9s se\u00f1al\u00f3 que durante los tres d\u00edas de este fin de semana, se previ\u00f3 la llegada de 881 mil turistas a hotel, lo que significa una recuperaci\u00f3n de 77.6%, respecto a 2019, esto es a\u00fan una disminuci\u00f3n de 22.4%, equivalente a 254 mil turistas.<\/p>\n<p>Detall\u00f3 que en destinos de playa, los porcentajes de ocupaci\u00f3n hotelera que se alcanzaron son: Nuevo Vallarta con 75.7%, Puerto Vallarta con 74.9%, Canc\u00fan se ubic\u00f3 en 85% igual que la Riviera Maya, Los Cabos en 68.1% y Acapulco en 43.3%.<\/p>\n<p>Para algunos destinos de ciudad, la ocupaci\u00f3n estimada fue: M\u00e9rida con 54.9%, Ciudad de M\u00e9xico con 42.6%, Monterrey con 41.0% y la zona metropolitana de Guadalajara con 39.3%.<\/p>\n<p>El secretario de Turismo cit\u00f3 algunos ejemplos de ocupaci\u00f3n hotelera esperada en Pueblos M\u00e1gicos: En Tulum se estim\u00f3 75.0%, en Isla Mujeres 64.9% y en Palenque 28.4%.<\/p>\n<p>Torruco Marqu\u00e9s destac\u00f3 que durante este periodo, los alumnos de educaci\u00f3n b\u00e1sica no tuvieron clases, pero los profesores y el personal acad\u00e9mico s\u00ed realizaron labores.<\/p>\n<p>Por otra parte, respecto a la pol\u00e9mica en torno al nuevo muelle en la Isla de Cozumel, conviene que usted sepa que a verdadera oposici\u00f3n no es ambiental porque no existen arrecifes, lo que hay es una red de intereses empresariales, debido a que casi el 80% de los cruceros est\u00e1n concentrados en muelles de las estadounidenses Carnival y SSA Marine. SSA Marine, tambi\u00e9n consigui\u00f3 una MIA, en el mismo lugar del Muelle Cozumel, autorizada en el oficio de Semarnat, GPA\/DGIRA\/DG\/1824, el 14 de abril de 2021.<\/p>\n<p>Casualmente los ambientalistas no ven como da\u00f1ina la ampliaci\u00f3n de este muelle que ser\u00e1 uno de los m\u00e1s grandes de Latinoam\u00e9rica, mayor a 600 metros. Otro opositor, afirman, es Stand Dollar Sport, del estadounidense John Flynn, inconforme con el proyecto porque podr\u00eda perder el monopolio del camino y playa artificial que est\u00e1 en el \u00e1rea donde se construir\u00e1 el Muelle Cozumel.<\/p>\n<p>El movimiento opositor, es parte de una mezcla de grupos ambientalistas y DDHH, que gravitan alrededor del Centro Mexicano de Derecho Ambiental (CEMDA), de Gustavo Alanys, y me aseguran est\u00e1n muy cercanos al diputado Gabriel Qadri, cuya esposa Thelma Lazcano, casualmente gestion\u00f3 la MIA de SSA Marine, justo el proyecto que no ven los ambientalistas. Estaremos pendientes de c\u00f3mo se desenvuelve el litigio.<\/p>\n<p>Tambi\u00e9n para su conocimiento le inform\u00f3 que este 1 de marzo reiniciar\u00e1 operaciones en Quintana Roo el programa Fortalecimiento a la Atenci\u00f3n M\u00e9dica (FAM), tambi\u00e9n conocido como caravanas de la salud.<\/p>\n<p>El Instituto de Salud para el Bienestar (INSABI) inform\u00f3 a los Servicios Estatales de Salud de Quintana Roo, a trav\u00e9s de la Coordinaci\u00f3n de Recursos Humanos y Regularizaci\u00f3n de Personal, el reinicio de operaciones de la unidades m\u00e9dicas m\u00f3viles y equipos de salud Itinerantes.<\/p>\n<p>El programa FAM acerca servicios a la poblaci\u00f3n que habita en localidades con menos de 2 mil 500 habitantes y en donde se registra un menor \u00edndice de desarrollo, son \u00e1reas dispersas o de dif\u00edcil acceso.<\/p>\n<p>Se proveen servicios a trav\u00e9s de equipos de salud itinerantes y unidades m\u00e9dicas m\u00f3viles de diferente capacidad resolutiva para servicios de prevenci\u00f3n y control de enfermedades, as\u00ed como de intervenciones de atenci\u00f3n m\u00e9dica ambulatoria.<\/p>\n<p>En Quintana Roo, a partir del 1 de marzo de 2022 reiniciar\u00e1n actividades un total de 33 trabajadores, de los cuales 8 son cirujanos dentistas, 13 enfermeras generales y 12 promotores en salud. Estos se sumar\u00e1n a los 13 m\u00e9dicos generales y se reinician operaciones en 13 unidades m\u00e9dicas m\u00f3viles con las cuales se lleva atenci\u00f3n en 149 comunidades del estado; empero, lo anterior ser\u00e1 motivo de otro an\u00e1lisis en posterior entrega de <strong><em>Hora 14<\/em><\/strong>.<\/p>\n<p><em><a href=\"mailto:%20mauricio_conde@msn.com\" target=\"_blank\" rel=\"noopener noreferrer\">mauricioconde59@outlook.com<\/a><\/em><br \/>\n<em><a href=\"https:\/\/twitter.com\/mauconde\" target=\"_blank\" rel=\"noopener noreferrer\">@mauconde<\/a> <\/em><br \/>\n<em><a href=\"https:\/\/mauriciocondeblog.wordpress.com\" target=\"_blank\" rel=\"noopener noreferrer\">https:\/\/mauriciocondeblog.wordpress.com<\/a><\/em><\/p>\n","protected":false},"excerpt":{"rendered":"<p><span style=\"color: #005497;\"><strong>Mauricio Conde Olivares<\/strong><\/span><\/p>\n","protected":false},"author":3,"featured_media":0,"comment_status":"open","ping_status":"open","sticky":false,"template":"","format":"standard","meta":{"_monsterinsights_skip_tracking":false,"_monsterinsights_sitenote_active":false,"_monsterinsights_sitenote_note":"","_monsterinsights_sitenote_category":0,"footnotes":""},"categories":[35889],"tags":[43712,43674,44860],"class_list":["post-537389","post","type-post","status-publish","format-standard","hentry","category-mauricio-conde-olivares","tag-mauricio-conde-olivares","tag-opinion","tag-hora-14"],"_links":{"self":[{"href":"https:\/\/www.diarioimagen.net\/index.php?rest_route=\/wp\/v2\/posts\/537389","targetHints":{"allow":["GET"]}}],"collection":[{"href":"https:\/\/www.diarioimagen.net\/index.php?rest_route=\/wp\/v2\/posts"}],"about":[{"href":"https:\/\/www.diarioimagen.net\/index.php?rest_route=\/wp\/v2\/types\/post"}],"author":[{"embeddable":true,"href":"https:\/\/www.diarioimagen.net\/index.php?rest_route=\/wp\/v2\/users\/3"}],"replies":[{"embeddable":true,"href":"https:\/\/www.diarioimagen.net\/index.php?rest_route=%2Fwp%2Fv2%2Fcomments&post=537389"}],"version-history":[{"count":0,"href":"https:\/\/www.diarioimagen.net\/index.php?rest_route=\/wp\/v2\/posts\/537389\/revisions"}],"wp:attachment":[{"href":"https:\/\/www.diarioimagen.net\/index.php?rest_route=%2Fwp%2Fv2%2Fmedia&parent=537389"}],"wp:term":[{"taxonomy":"category","embeddable":true,"href":"https:\/\/www.diarioimagen.net\/index.php?rest_route=%2Fwp%2Fv2%2Fcategories&post=537389"},{"taxonomy":"post_tag","embeddable":true,"href":"https:\/\/www.diarioimagen.net\/index.php?rest_route=%2Fwp%2Fv2%2Ftags&post=537389"}],"curies":[{"name":"wp","href":"https:\/\/api.w.org\/{rel}","templated":true}]}}