{"id":537394,"date":"2022-02-28T00:15:32","date_gmt":"2022-02-28T06:15:32","guid":{"rendered":"https:\/\/www.diarioimagen.net\/?p=537394"},"modified":"2022-02-28T01:28:52","modified_gmt":"2022-02-28T07:28:52","slug":"sin-politica-exterior","status":"publish","type":"post","link":"https:\/\/www.diarioimagen.net\/?p=537394","title":{"rendered":"Sin pol\u00edtica exterior"},"content":{"rendered":"<h2>Por la Derecha..!<\/h2>\n<h5>Luis \u00c1ngel Garc\u00eda<\/h5>\n<p>&nbsp;<\/p>\n<p>La otrora influyente pol\u00edtica internacional mexicana ha desaparecido del concierto mundial. Tres a\u00f1os bastaron para diluir la presencia y postura del pa\u00eds en los temas globales que afectan a nuestra naci\u00f3n y hemos comprado boletos que solo afectan las relaciones con otras naciones.<\/p>\n<p>Espa\u00f1a es claro ejemplo de ello, desde la absurda exigencia de que ofrezcan perd\u00f3n por la Conquista de hace cinco siglos o ver a los inversionistas hispanos como nuevos depredadores que vienen a saquear al pa\u00eds, sin importar que sean nuestros segundos socios comerciales m\u00e1s grandes, despu\u00e9s de los Estados Unidos.<\/p>\n<p>La Iglesia no cay\u00f3 en la provocaci\u00f3n y el papa Francisco prefiri\u00f3 reconocer un tibio mea culpa por los abusos cometidos durante la colonizaci\u00f3n. Creo que ser\u00eda m\u00e1s reconfortante para los mexicanos que reconociera los abusos sexuales que cometen hoy en d\u00eda los sacerdotes con los ni\u00f1os en pleno siglo XXI.<\/p>\n<p>La Uni\u00f3n Americana dej\u00f3 la pasividad con que entr\u00f3 la administraci\u00f3n de la Casa Blanca y cada d\u00eda endurece m\u00e1s sus cr\u00edticas hacia M\u00e9xico por la terquedad de no dar el salto a las energ\u00edas limpias y oponerse a las inversiones norteamericanas en ese campo. Si bien es cierto que las autoridades mexicanas han obedecido sumisamente el papel de contenedor de los migrantes, incluso con excesos, el gobierno dem\u00f3crata exige al nuestro que cumpla con las cl\u00e1usulas del T-MEC, muchas de las cuales son contrarias al proyecto pol\u00edtico de la 4T. Y mientras AMLO insiste en que los americanos dejen de financiar organizaciones civiles como Mexicanos contra la Corrupci\u00f3n, los gringos acaban de darle un coscorr\u00f3n a la burocracia morenista con el reclamo sobre la muerte de periodistas en este r\u00e9gimen, a lo que llaman, sin tacto diplom\u00e1tico, actitud injerencista de los EUA.<\/p>\n<p>La terquedad de exigir al gobierno austriaco la devoluci\u00f3n del Penacho de Moctezuma queda en lo folcl\u00f3rico. Grave es la innecesaria enemistad con Panam\u00e1, al querer enviar a un impresentable embajador y calificar de inquisidora a la canciller paname\u00f1a por negarle el benepl\u00e1cito a su candidato. No tard\u00f3 la respuesta del propio presidente del pa\u00eds centroamericano y la condena a nuestro mandatario por sus desafortunadas declaraciones. Hasta la fecha no hay representantes en aquella naci\u00f3n. A rega\u00f1adientes la Madre Patria acept\u00f3 al ex gobernador sinaloense Quirino Ordaz.<\/p>\n<p>Desde\u00f1ado el servicio exterior de carrera, M\u00e9xico ahora es representado por puro simpatizante de la 4T, sin experiencia diplom\u00e1tica, pero con 90 por ciento de lealtad al tlatoani.<\/p>\n<p>A pesar de su formaci\u00f3n acad\u00e9mica en el Colmex, nuestro canciller no ha podido frenar las veleidades del primer mandatario y tiene que apagar fuegos, no necesariamente de forma exitosa. La \u00faltima es en el conflicto Rusia-Ucrania, donde con tibieza se conden\u00f3 la invasi\u00f3n de la potencia del este en contra de la ex rep\u00fablica federada y el asedio a la capital Kiev.<\/p>\n<p>La 4T pretende ser un gobierno de izquierda y por lo tanto es simpatizante de los pa\u00edses que tienen ese tipo de r\u00e9gimen, como Rusia, por lo que no pueden condenar abiertamente la agresi\u00f3n a los ucranianos, con los que tambi\u00e9n debieran ser solidarios. Eso y la amenaza rusa por las declaraciones gubernamentales y su timorata condena hicieron recular al gobierno y pas\u00f3 sin pena ni gloria la posici\u00f3n de M\u00e9xico en el Consejo de Seguridad de las Naciones Unidas. Adem\u00e1s de que no tenemos ya ninguna autoridad moral en el concierto internacional. No supieron ni invocar la doctrina Estrada y mucho menos tuvieron argumentos como los que mostr\u00f3 en su momento el nobel Alfonso Garc\u00eda Robles. Mal el gobierno y peor el suspirante a la presidencia en 2024.<\/p>\n","protected":false},"excerpt":{"rendered":"<p><span style=\"color: #005497;\"><strong>Luis \u00c1ngel Garc\u00eda<\/strong><\/span><br \/>\n<br \/>\nLa otrora influyente pol\u00edtica internacional mexicana ha desaparecido del concierto mundial. Tres a\u00f1os bastaron para diluir la presencia y postura del pa\u00eds en los temas globales que afectan a nuestra naci\u00f3n y hemos comprado boletos que solo afectan las relaciones con otras naciones.<\/p>\n","protected":false},"author":3,"featured_media":0,"comment_status":"open","ping_status":"open","sticky":false,"template":"","format":"standard","meta":{"_monsterinsights_skip_tracking":false,"_monsterinsights_sitenote_active":false,"_monsterinsights_sitenote_note":"","_monsterinsights_sitenote_category":0,"footnotes":""},"categories":[92115],"tags":[92117,43674,92116],"class_list":["post-537394","post","type-post","status-publish","format-standard","hentry","category-luis-angel-garcia","tag-luis-angel-garcia","tag-opinion","tag-por-la-derecha"],"_links":{"self":[{"href":"https:\/\/www.diarioimagen.net\/index.php?rest_route=\/wp\/v2\/posts\/537394","targetHints":{"allow":["GET"]}}],"collection":[{"href":"https:\/\/www.diarioimagen.net\/index.php?rest_route=\/wp\/v2\/posts"}],"about":[{"href":"https:\/\/www.diarioimagen.net\/index.php?rest_route=\/wp\/v2\/types\/post"}],"author":[{"embeddable":true,"href":"https:\/\/www.diarioimagen.net\/index.php?rest_route=\/wp\/v2\/users\/3"}],"replies":[{"embeddable":true,"href":"https:\/\/www.diarioimagen.net\/index.php?rest_route=%2Fwp%2Fv2%2Fcomments&post=537394"}],"version-history":[{"count":0,"href":"https:\/\/www.diarioimagen.net\/index.php?rest_route=\/wp\/v2\/posts\/537394\/revisions"}],"wp:attachment":[{"href":"https:\/\/www.diarioimagen.net\/index.php?rest_route=%2Fwp%2Fv2%2Fmedia&parent=537394"}],"wp:term":[{"taxonomy":"category","embeddable":true,"href":"https:\/\/www.diarioimagen.net\/index.php?rest_route=%2Fwp%2Fv2%2Fcategories&post=537394"},{"taxonomy":"post_tag","embeddable":true,"href":"https:\/\/www.diarioimagen.net\/index.php?rest_route=%2Fwp%2Fv2%2Ftags&post=537394"}],"curies":[{"name":"wp","href":"https:\/\/api.w.org\/{rel}","templated":true}]}}