{"id":537398,"date":"2022-02-28T00:02:59","date_gmt":"2022-02-28T06:02:59","guid":{"rendered":"https:\/\/www.diarioimagen.net\/?p=537398"},"modified":"2022-02-28T01:35:36","modified_gmt":"2022-02-28T07:35:36","slug":"semana-nueva-escandalo-nuevo-para-amlo-le-salta-la-liebre-por-donde-menos-se-esperaba","status":"publish","type":"post","link":"https:\/\/www.diarioimagen.net\/?p=537398","title":{"rendered":"Semana nueva, esc\u00e1ndalo nuevo para\u00a0 AMLO; le salta la liebre por donde menos se esperaba"},"content":{"rendered":"<h2>La Retaguardia<\/h2>\n<h5>Adriana Moreno Cordero<\/h5>\n<p>&nbsp;<\/p>\n<p>Semana nueva, esc\u00e1ndalo nuevo para el presidente <strong>Andr\u00e9s Manuel L\u00f3pez Obrador<\/strong>. As\u00ed, a la espera de que en cualquier momento salga a la luz otro probable \u201churac\u00e1n\u201d, esta vez de su hijo <strong>Andy L\u00f3pez Beltr\u00e1n<\/strong>, que por lo que se sabe, es quien pone y quita funcionarios en esta llamada y errada Cuarta Transformaci\u00f3n, a la vez que decide todo en Morena, ahora, \u201cla liebre salt\u00f3\u201d por donde nadie se lo esperaba.<\/p>\n<p>Y es que la denuncia que hizo p\u00fablica el abogado <strong>Juan Collado<\/strong>, ya le puso \u201clos pelos de punta\u201d, no solo al ex consejero jur\u00eddico de la Presidencia de la Rep\u00fablica, <strong>Julio Scherer<\/strong>, porque se trata de una madeja que tiene much\u00edsimas vueltas y otros nombres de cercanos del Presidente, podr\u00edan salir a relucir en el corto plazo. Con raz\u00f3n el presidente ya est\u00e1 harto.<\/p>\n<p>\u00bfSer\u00e1 por eso que de manera un tanto cuanto intempestiva, hace ya varios meses, el se\u00f1or Scherer dej\u00f3 la titularidad del equipo jur\u00eddico cercano al tabasque\u00f1o? Esa es una duda que empezar\u00e1 a disiparse, a lo mejor, en estos d\u00edas que vienen.<\/p>\n<p>De acuerdo a un conocido y reconocido diario que el de Tepetit\u00e1n considera un pasqu\u00edn, -nada m\u00e1s errado-, desde la c\u00e1rcel, <strong>Juan Collado<\/strong> denunci\u00f3 ante la Fiscal\u00eda General de la Rep\u00fablica al ex consejero Scherer Ibarra, a tres abogados y a un operador financiero presuntamente vinculados al ex funcionario, por extorsi\u00f3n, asociaci\u00f3n delictuosa, lavado y tr\u00e1fico de influencias.<\/p>\n<p>As\u00ed, es de esperarse que el inquilino de Palacio Nacional truene por en\u00e9sima ocasi\u00f3n en la ma\u00f1anera, pues es definitivo que no sale de un esc\u00e1ndalo, cuando, \u201chasta el cuello\u201d, ya est\u00e1 metido en otro y por ah\u00ed se avizoran secuelas de otro tipo de v\u00ednculos que podr\u00eda tener el tabasque\u00f1o, por ejemplo, la visita que de manera privada realiz\u00f3 a Sinaloa y Nayarit, que le vino \u201ccomo anillo al dedo\u201d porque en tierras sinaloenses, pudo haber tenido la oportunidad de saludar a la madre de <strong>Joaqu\u00edn \u201cel Chapo\u201d Guzm\u00e1n<\/strong> y preguntarle por su nieto <strong>Ovidio Guzm\u00e1n<\/strong>.<\/p>\n<p>Por otra parte, llama poderosamente la atenci\u00f3n que en una breve entrevista durante su estancia en Sinaloa, donde por cierto el gobernador <strong>Rub\u00e9n Rocha Moya<\/strong> no se cans\u00f3 de elogiarlo y agradecerle por las \u201cex benditas redes\u201d, L\u00f3pez Obrador pidiera \u201cque haya m\u00e1s democracia y que se instalen m\u00e1s casillas\u201d, esto, en referencia al in\u00fatil ejercicio de la revocaci\u00f3n de mandato a realizarse el pr\u00f3ximo 10 de abril.<\/p>\n<p>Aqu\u00ed habr\u00eda que subrayar que es culpa del propio presidente que el Instituto Nacional Electoral, (INE), no hubiera recibido los recursos necesarios para llevar a cabo dicha consulta y para corroborarlo, baste con recordar el m\u00e1s reciente estudio de la Direcci\u00f3n de Finanzas del Instituto Belisario Dom\u00ednguez, (IBD), en el que se consigna que en el ejercicio fiscal del presente a\u00f1o, los \u00f3rganos aut\u00f3nomos tendr\u00e1n un recorte de 7 mil 913 millones de pesos, de los cuales 4 mil 913 millones de pesos corresponden al INE, mientras que 3 mil millones de pesos al Poder Judicial, monto que fue reasignado a los ramos administrativos.<\/p>\n<p>Fue el propio titular del Ejecutivo el encargado de bloquear, por \u201cl\u00ednea directa\u201d a sus subalternos, como por ejemplo, al secretario de Hacienda y Cr\u00e9dito P\u00fablico, <strong>Rogelio Ram\u00edrez de la O<\/strong>, para que no entregara ni un centavo m\u00e1s para la realizaci\u00f3n de un ejercicio por dem\u00e1s aberrante, que representa todo un desperdicio de recursos, m\u00e1s a\u00fan, en tiempos de pandemia de Covid-19.<\/p>\n<p>Por si lo anterior fuera poco, los militantes del partido oficial, se han encargado de inducir el voto pintando bardas con leyendas como: \u201camor con amor se paga, apoyemos a AMLO\u201d, o, \u201csi, si, si, que siga L\u00f3pez Obrador\u201d. Seguirle el juego a este tipo de maniobras, en el mejor de los casos, ser\u00eda absurdo.<\/p>\n<p>La pregunta que merodea la v\u00edspera de ese domingo 10 de abril, es cu\u00e1ntos de sus seguidores participar\u00e1n, porque si nos atenemos al evento al que convocaron sus huestes m\u00e1s recalcitrantes en el Z\u00f3calo de la Ciudad de M\u00e9xico, el fracaso puede pronosticarse desde ahorita.<\/p>\n<p>Apenas 200 personas acudieron a la plaza principal de la capital de la Rep\u00fablica para apoyar a su amado l\u00edder, entonces, \u00bfd\u00f3nde est\u00e1n los millones que se supone estar\u00edan presentes frente a un amurallado Palacio Nacional? , \u00bfde veras pensar\u00e1n los de Morena que van a alcanzar el tan ansiado 40 por ciento para que dicha consulta sea vinculatoria?<\/p>\n<p>Pero como justificaci\u00f3n de las poqu\u00edsimas personas que se reunieron en el Z\u00f3calo, se supone que los \u201cmiles\u201d de seguidores de AMLO prefirieron congregarse ni m\u00e1s ni menos que en el Monumento a la Revoluci\u00f3n donde, ojo, s\u00f3lo estuvo una corriente del morenismo como <strong>Bertha Luj\u00e1n, Sa\u00fal Casta\u00f1\u00f3n<\/strong> y <strong>Emilio Villar<\/strong>, o sea, la \u00e9lite del partido oficial les regal\u00f3 su ausencia a quienes propusieron presionar para que finalmente sea aprobada la controvertida Reforma El\u00e9ctrica del presidente L\u00f3pez Obrador.<\/p>\n<p>Una muestra m\u00e1s pudo observarse ayer entonces, de las profundas divisiones que tiene Morena y que no terminar\u00e1n.<\/p>\n<p style=\"text-align: center;\"><strong>Municiones<\/strong><\/p>\n<p>*** \u00bfNo ser\u00e1 acaso muy arriesgado que el gobierno de <strong>Samuel Garc\u00eda,<\/strong> en Nuevo Le\u00f3n, haya anunciado, as\u00ed nada m\u00e1s por decreto, el fin de la cuarta ola de la pandemia de Covid-19? Alma Rosa Marroqu\u00edn, secretaria de Salud estatal, fue la encargada de dar a conocer la apertura total y aforos de 100 por ciento en establecimientos, espacios abiertos y cerrados, porque se supone que se registr\u00f3 una reducci\u00f3n del 96 por ciento, respecto al pico m\u00e1s alto de esta cuarta ola. \u00bfSer\u00e1?<\/p>\n<p>*** Y mientras, la comprometida jefa de Gobierno de la Ciudad de M\u00e9xico, <strong>Claudia Sheinbaum,<\/strong> continuaba con su pasarela en la carrera por 2024 por Baja California, en calles de la colonia Del Valle, en la alcald\u00eda Benito Ju\u00e1rez, cuyo titular es <strong>Santiago Taboada<\/strong>, asesinaron en un supuesto asalto al director de cine Samuel R\u00edos y Valles y como siempre, la Fiscal\u00eda capitalina, a cargo de <strong>Ernestina Godoy<\/strong>, actuando un paso adelante, ya se abri\u00f3 la carpeta de investigaci\u00f3n por homicidio doloso.<\/p>\n<p>*** Lo m\u00e1s grave y preocupante es iniciar una nueva semana con la amenaza de guerra por el conflicto que se vive entre Ucrania y Rusia. El mundo espera que las sanciones aplicadas a la naci\u00f3n rusa y al delirante presidente Vladimir Putin, funcionen para revertir esta amenaza b\u00e9lica. Ojal\u00e1 que los acuerdos prosperen, como el que anunci\u00f3 <strong>\u00a0<\/strong>el presidente de Ucrania, <strong>Volodimir Zelensky<\/strong>, que entablar\u00e1 conversaciones con Mosc\u00fa \u201csin condiciones previas\u201d. Qu\u00e9 desafortunado que <strong>Vladimir Putin<\/strong> haya aumentado las tensiones al poner en alerta a sus fuerzas nucleares.<\/p>\n<p><u><a href=\"mailto:morcora@gmail.com\" target=\"_blank\" rel=\"noopener noreferrer\"><em>morcora@gmail.com<\/em><\/a><\/u><\/p>\n","protected":false},"excerpt":{"rendered":"<p><span style=\"color: #005497;\"><strong>Adriana Moreno Cordero<\/strong><\/span><\/p>\n","protected":false},"author":3,"featured_media":0,"comment_status":"open","ping_status":"open","sticky":false,"template":"","format":"standard","meta":{"_monsterinsights_skip_tracking":false,"_monsterinsights_sitenote_active":false,"_monsterinsights_sitenote_note":"","_monsterinsights_sitenote_category":0,"footnotes":""},"categories":[69370],"tags":[69369,69368,43674],"class_list":["post-537398","post","type-post","status-publish","format-standard","hentry","category-adriana-moreno-cordero","tag-adriana-moreno-cordero","tag-la-retaguardia","tag-opinion"],"_links":{"self":[{"href":"https:\/\/www.diarioimagen.net\/index.php?rest_route=\/wp\/v2\/posts\/537398","targetHints":{"allow":["GET"]}}],"collection":[{"href":"https:\/\/www.diarioimagen.net\/index.php?rest_route=\/wp\/v2\/posts"}],"about":[{"href":"https:\/\/www.diarioimagen.net\/index.php?rest_route=\/wp\/v2\/types\/post"}],"author":[{"embeddable":true,"href":"https:\/\/www.diarioimagen.net\/index.php?rest_route=\/wp\/v2\/users\/3"}],"replies":[{"embeddable":true,"href":"https:\/\/www.diarioimagen.net\/index.php?rest_route=%2Fwp%2Fv2%2Fcomments&post=537398"}],"version-history":[{"count":0,"href":"https:\/\/www.diarioimagen.net\/index.php?rest_route=\/wp\/v2\/posts\/537398\/revisions"}],"wp:attachment":[{"href":"https:\/\/www.diarioimagen.net\/index.php?rest_route=%2Fwp%2Fv2%2Fmedia&parent=537398"}],"wp:term":[{"taxonomy":"category","embeddable":true,"href":"https:\/\/www.diarioimagen.net\/index.php?rest_route=%2Fwp%2Fv2%2Fcategories&post=537398"},{"taxonomy":"post_tag","embeddable":true,"href":"https:\/\/www.diarioimagen.net\/index.php?rest_route=%2Fwp%2Fv2%2Ftags&post=537398"}],"curies":[{"name":"wp","href":"https:\/\/api.w.org\/{rel}","templated":true}]}}