{"id":537399,"date":"2022-02-28T00:04:38","date_gmt":"2022-02-28T06:04:38","guid":{"rendered":"https:\/\/www.diarioimagen.net\/?p=537399"},"modified":"2022-02-28T01:38:25","modified_gmt":"2022-02-28T07:38:25","slug":"ucrania-negociacion-y-armas","status":"publish","type":"post","link":"https:\/\/www.diarioimagen.net\/?p=537399","title":{"rendered":"Ucrania, negociaci\u00f3n y armas"},"content":{"rendered":"<h2>Desde el portal<\/h2>\n<h5>\u00c1ngel Soriano<\/h5>\n<p>&nbsp;<\/p>\n<p>Entre los anuncios de env\u00edo de armas de Estados Unidos y Alemania y de aceptaci\u00f3n de negociaciones, sigue la tensi\u00f3n mundial por la invasi\u00f3n rusa a Ucrania que, de acuerdos a informaciones del Kremlin, Vladimir Putin puso en alerta m\u00e1xima a sus tropas por el endurecimiento de las sanciones econ\u00f3micas de las potencias integrantes de la OTAN y el cierre del espacio a\u00e9reo a aeronaves rusas.<\/p>\n<p>El aislamiento y rechazo mundial al pa\u00eds invasor es, sin duda, medidas efectivas porque afecta la econom\u00eda y la convivencia internacional y va en detrimento de la comunidad rusa que, puede o no estar de acuerdo con la decisi\u00f3n de su gobierno, pero las consecuencias repercuten en su econom\u00eda y en sus actividades sociales y familiares.<\/p>\n<p>Esta situaci\u00f3n ha hecho que Ucrania tambi\u00e9n est\u00e9 dispuesta a entrar en negociaciones y todo parece indicar que van por ese rumbo ante la reacci\u00f3n mundial de rechazo a una nueva guerra y las afectaciones a su pa\u00eds por la destrucci\u00f3n militar y el aumento de bajas, tanto en militares como en civiles que, a pesar de estar dispuestos a defenderlo, sufren las consecuencias.<\/p>\n<p>El presidente Biden se\u00f1ala que una injerencia decisiva de su pa\u00eds por la v\u00eda armada originar\u00eda una Tercera Guerra Mundial, por lo cual se inclina por las sanciones econ\u00f3micas de corto y largo plazo, aunque este domingo su administraci\u00f3n anunci\u00f3 que dar\u00eda asistencia econ\u00f3mica a Ucrania para la adquisici\u00f3n de armamento para su defensa ante el ataque ruso. Se espera una salida civilizada al conflicto.<\/p>\n<p style=\"text-align: center;\"><strong>Turbulencias<br \/>\nDenuncia AMLO manipulaci\u00f3n<\/strong><\/p>\n<p>Durante el recorrido por Palacio Nacional con los reporteros que cubren la fuente presidencial, el presidente Andr\u00e9s Manuel L\u00f3pez Obrador reiter\u00f3 lo que siempre ha dicho: Una vez que concluya su periodo constitucional se alejar\u00e1 del espacio p\u00fablica, no aceptar\u00e1 nuevos cargos ni participar\u00e1 en actividades pol\u00edticas y ni siquiera impartir\u00e1 conferencias al considerar que ha cumplido la etapa que le ha tocado vivir, pero no ha dicho que ahora que sienta cansado y que ya no aguanta m\u00e1s. Efectivamente, despu\u00e9s de una gran trayectoria como dirigente social y jefe de Estado, tiene derecho a retirarse a la actividad privada, pero no de hacerlo ya, pues est\u00e1 en pleno ejercicio de sus funciones y sentando las bases para lo que considera es su proyecto nacional para el pa\u00eds. En algunos sectores se interpret\u00f3 esto como que se siente cansado y ya no aguanta las cr\u00edticas, que son muchas, y que piensa retirarse lo cual est\u00e1 alejado de la realidad. La rapidez de las comunicaciones y el manejo distorsionado de la informaci\u00f3n as\u00ed como la tendencia a manejar de manera sesgada la informaci\u00f3n que incumbe al gobierno federal, origina esto tipo de distorsiones que, afortunadamente, son aclaradas\u2026 En tanto, sigue al alza la violencia en diferentes regiones del pa\u00eds dominadas por el narcotr\u00e1fico sin que ninguna instancia gubernamental encuentre la forma de devolver la tranquilidad a miles de familias que han tenido que abandonar su lugar de origen ante la terrible ola de violencia que impera en esas zonas, y que hace que nuestro pa\u00eds sea comparado con Ucrania en el mismo nivel de destrucci\u00f3n que sufre. Lo mismo la impunidad y la corrupci\u00f3n que van de la mano y que constituyen la principal lacra del pa\u00eds. Mandos policiacos van y vienen, cambios de uniformes y de logotipos, igual, la violencia sigue imponi\u00e9ndose lo mismo que la corrupci\u00f3n y la impunidad, sin que se encuentre remedio. Ojal\u00e1 y este problema\u00a0 fuera una prioridad para la IV-Transformaci\u00f3n que ha fallado en lo elemental: Dar paz y tranquilidad a la poblaci\u00f3n para su desarrollo de sus funciones como sociedad.<\/p>\n<p><u><a href=\"mailto:asorianocarrasco@yahoo.com\" target=\"_blank\" rel=\"noopener noreferrer\"><em>asorianocarrasco@yahoo.com<\/em><\/a><br \/>\n<em><a href=\"https:\/\/revistabrecha.com\" target=\"_blank\" rel=\"noopener noreferrer\">www.revistabrecha.com<\/a><br \/>\n<a href=\"https:\/\/twitter.com\/brecharevista\" target=\"_blank\" rel=\"noopener noreferrer\">@BrechaRevista<\/a><\/em><\/u><\/p>\n","protected":false},"excerpt":{"rendered":"<p><span style=\"color: #005497;\"><strong>\u00c1ngel Soriano<\/strong><\/span><\/p>\n","protected":false},"author":3,"featured_media":0,"comment_status":"open","ping_status":"open","sticky":false,"template":"","format":"standard","meta":{"_monsterinsights_skip_tracking":false,"_monsterinsights_sitenote_active":false,"_monsterinsights_sitenote_note":"","_monsterinsights_sitenote_category":0,"footnotes":""},"categories":[135],"tags":[85,86,43674],"class_list":["post-537399","post","type-post","status-publish","format-standard","hentry","category-angel-soriano-opinion","tag-angel-soriano","tag-desde-el-portal","tag-opinion"],"_links":{"self":[{"href":"https:\/\/www.diarioimagen.net\/index.php?rest_route=\/wp\/v2\/posts\/537399","targetHints":{"allow":["GET"]}}],"collection":[{"href":"https:\/\/www.diarioimagen.net\/index.php?rest_route=\/wp\/v2\/posts"}],"about":[{"href":"https:\/\/www.diarioimagen.net\/index.php?rest_route=\/wp\/v2\/types\/post"}],"author":[{"embeddable":true,"href":"https:\/\/www.diarioimagen.net\/index.php?rest_route=\/wp\/v2\/users\/3"}],"replies":[{"embeddable":true,"href":"https:\/\/www.diarioimagen.net\/index.php?rest_route=%2Fwp%2Fv2%2Fcomments&post=537399"}],"version-history":[{"count":0,"href":"https:\/\/www.diarioimagen.net\/index.php?rest_route=\/wp\/v2\/posts\/537399\/revisions"}],"wp:attachment":[{"href":"https:\/\/www.diarioimagen.net\/index.php?rest_route=%2Fwp%2Fv2%2Fmedia&parent=537399"}],"wp:term":[{"taxonomy":"category","embeddable":true,"href":"https:\/\/www.diarioimagen.net\/index.php?rest_route=%2Fwp%2Fv2%2Fcategories&post=537399"},{"taxonomy":"post_tag","embeddable":true,"href":"https:\/\/www.diarioimagen.net\/index.php?rest_route=%2Fwp%2Fv2%2Ftags&post=537399"}],"curies":[{"name":"wp","href":"https:\/\/api.w.org\/{rel}","templated":true}]}}