{"id":537402,"date":"2022-02-28T00:05:48","date_gmt":"2022-02-28T06:05:48","guid":{"rendered":"https:\/\/www.diarioimagen.net\/?p=537402"},"modified":"2022-02-28T01:39:29","modified_gmt":"2022-02-28T07:39:29","slug":"chin-nos-llueve-sobre-mojado","status":"publish","type":"post","link":"https:\/\/www.diarioimagen.net\/?p=537402","title":{"rendered":"\u00a1Chin!, nos llueve sobre mojado"},"content":{"rendered":"<h2>Perfil de M\u00e9xico<\/h2>\n<h5>Armando R\u00edos Ruiz<\/h5>\n<p>&nbsp;<\/p>\n<p>Mientras nuestro Presidente dedica en sus ma\u00f1aneras largu\u00edsimos momentos a vilipendiar a los periodistas, contra quienes ya no encuentra calificativos para denostarlos y para presentarlos como la peor cala\u00f1a de la sociedad mexicana y de paso del mundo, dedic\u00f3 apenas s\u00f3lo unos minutos para hablar de la guerra declarada por el presidente ruso, Vladimir Putin, a Ucrania, sumamente peligrosa para el resto del mundo por diversas razones.<\/p>\n<p>Tambi\u00e9n ha dedicado demasiado tiempo a su obsesi\u00f3n de llevar a efecto la votaci\u00f3n para la Revocaci\u00f3n de Mandato, sin derecho a exigirla, por corresponder a la sociedad mexicana ese privilegio. Obviamente, oculta alguna sorpresa desagradable tras su realizaci\u00f3n. Lo m\u00e1s seguro, sin dudarlo, la estrategia malsana de dar a conocer que result\u00f3 ganador, una vez consumada y que el pueblo bueno y sabio decidi\u00f3 que contin\u00fae en la silla presidencial hasta que su salud se lo permita y tambi\u00e9n le permita heredar el cargo a alg\u00fan familiar o \u00edntimo amigo. Ni siquiera al mejor.<\/p>\n<p>Sin conocer los hechos de fondo, alguien debe haberle dado un tremendo jal\u00f3n de\u2026 orejas para declarar que nadie tiene derecho a meterse con otros estados y que en el caso que nos ocupa, los intervencionistas son \u201cunos metiches\u201d. Luego refin\u00f3 sus palabras al manifestar que M\u00e9xico se pronuncia con una pol\u00edtica pac\u00edfica. Se\u00f1al\u00f3 que \u201cen t\u00e9rminos de pol\u00edtica exterior vamos a seguir promoviendo que haya di\u00e1logo, que no se utilice la fuerza, que no haya invasi\u00f3n\u2026\u201d<\/p>\n<p>Ha sostenido que estamos preparados para enfrentar los estragos que con absoluta seguridad causar\u00e1 en nuestro suelo, en nuestra econom\u00eda. Exactamente lo mismo dijo cuando apareci\u00f3 la pandemia, cuyos efectos ajust\u00f3 al 19 de abril de 2020, como si tuviera una varita m\u00e1gica para detener sus efectos mortales cuando quisiera. No olvidemos que por aquellos d\u00edas estaba seguro de encarnar al mismo Creador. Siempre estuvo a nada de bloquearla, con s\u00f3lo portar amuletos.<\/p>\n<p>Por otro lado, las benditas o malditas redes sociales, de acuerdo con los resultados a quien las utiliza, se han encargado de cambiar morbosamente los motivos de la guerra que mantiene crispado al mundo. Han dicho que obedece a que Ucrania es la rep\u00fablica m\u00e1s rica del planeta y despert\u00f3 la codicia de los pa\u00edses competidores hist\u00f3ricamente por el primer lugar en el orbe, como carro\u00f1eros que pelean rabiosamente un cad\u00e1ver.<\/p>\n<p>El problema se remonta a 1991, al disolverse la URSS y formarse 15 rep\u00fablicas. Ucrania, una de ellas. En 2013, este pa\u00eds intent\u00f3 aliarse con la Uni\u00f3n Europea y Rusia lo impidi\u00f3. Hace unos a\u00f1os, Putin firm\u00f3 un decreto que reconoce la independencia de dos territorios separatistas al este de Ucrania, condenada por los principales l\u00edderes occidentales que tem\u00edan una escalada del conflicto en la zona.<\/p>\n<p>Luego de reclamos y resistencias por parte de ambas naciones, el jueves pasado, finalmente, Putin inici\u00f3 la invasi\u00f3n a Donb\u00e1s, ya esperada en otras latitudes, con embestidas calificadas por Rusia como inevitables. El trasfondo es la negativa de l\u00edder ruso a aceptar el contacto de la OTAN y de la Uni\u00f3n Europea con la antigua rep\u00fablica sovi\u00e9tica, a la que Mosc\u00fa considera parte de su identidad y de su espacio de influencia y cuyo control juzga vital para su seguridad.<\/p>\n<p>Antes de la llegada a la presidencia de Volod\u00edmir Zelenski, Ucrania hab\u00eda suspendido la firma de un acuerdo de asociaci\u00f3n con la Uni\u00f3n Europea, por presiones de Rusia, que le ofreci\u00f3 importantes contrapartidas econ\u00f3micas, como reducci\u00f3n del precio del gas. Esto motiv\u00f3 que miles de ucranianos se manifestaran contra la medida y que se recrudeciera el sentimiento de separaci\u00f3n.<\/p>\n<p>En M\u00e9xico, de acuerdo con el Presidente, estamos preparados para esperar los embates de la guerra, pero s\u00f3lo en la mentira acostumbrada. Ucrania efectivamente, cuenta con reservas de potasio, que se usa en la elaboraci\u00f3n de fertilizantes y con la producci\u00f3n de granos, como ma\u00edz y trigo, que sufrir\u00e1n un alza y escasez considerables. Por otro lado, nuestra balanza petrolera es deficitaria. Por m\u00e1s que aumente el precio del combustible, no alcanzar\u00e1 para compensar lo que importamos.<\/p>\n<p><a href=\"mailto:ariosruiz@gmail.com\" target=\"_blank\" rel=\"noopener noreferrer\"><em>ariosruiz@gmail.com<\/em><\/a><\/p>\n","protected":false},"excerpt":{"rendered":"<p><span style=\"color: #005497;\"><strong>Armando R\u00edos Ruiz<\/strong><\/span><\/p>\n","protected":false},"author":3,"featured_media":0,"comment_status":"open","ping_status":"open","sticky":false,"template":"","format":"standard","meta":{"_monsterinsights_skip_tracking":false,"_monsterinsights_sitenote_active":false,"_monsterinsights_sitenote_note":"","_monsterinsights_sitenote_category":0,"footnotes":""},"categories":[88405],"tags":[88407,43674,91193],"class_list":["post-537402","post","type-post","status-publish","format-standard","hentry","category-armando-rios-ruiz","tag-armando-rios-ruiz","tag-opinion","tag-perfil-de-mexico"],"_links":{"self":[{"href":"https:\/\/www.diarioimagen.net\/index.php?rest_route=\/wp\/v2\/posts\/537402","targetHints":{"allow":["GET"]}}],"collection":[{"href":"https:\/\/www.diarioimagen.net\/index.php?rest_route=\/wp\/v2\/posts"}],"about":[{"href":"https:\/\/www.diarioimagen.net\/index.php?rest_route=\/wp\/v2\/types\/post"}],"author":[{"embeddable":true,"href":"https:\/\/www.diarioimagen.net\/index.php?rest_route=\/wp\/v2\/users\/3"}],"replies":[{"embeddable":true,"href":"https:\/\/www.diarioimagen.net\/index.php?rest_route=%2Fwp%2Fv2%2Fcomments&post=537402"}],"version-history":[{"count":0,"href":"https:\/\/www.diarioimagen.net\/index.php?rest_route=\/wp\/v2\/posts\/537402\/revisions"}],"wp:attachment":[{"href":"https:\/\/www.diarioimagen.net\/index.php?rest_route=%2Fwp%2Fv2%2Fmedia&parent=537402"}],"wp:term":[{"taxonomy":"category","embeddable":true,"href":"https:\/\/www.diarioimagen.net\/index.php?rest_route=%2Fwp%2Fv2%2Fcategories&post=537402"},{"taxonomy":"post_tag","embeddable":true,"href":"https:\/\/www.diarioimagen.net\/index.php?rest_route=%2Fwp%2Fv2%2Ftags&post=537402"}],"curies":[{"name":"wp","href":"https:\/\/api.w.org\/{rel}","templated":true}]}}