{"id":537408,"date":"2022-02-28T00:03:40","date_gmt":"2022-02-28T06:03:40","guid":{"rendered":"https:\/\/www.diarioimagen.net\/?p=537408"},"modified":"2022-02-28T01:44:14","modified_gmt":"2022-02-28T07:44:14","slug":"fuga-de-capitales-otra-visita-yanqui","status":"publish","type":"post","link":"https:\/\/www.diarioimagen.net\/?p=537408","title":{"rendered":"Fuga de capitales. Otra visita \u201cyanqui\u201d"},"content":{"rendered":"<h2>Espacio Electoral<\/h2>\n<h5>Eleazar Flores<strong>\u00a0<\/strong><\/h5>\n<p><strong>\u00a0<\/strong><\/p>\n<p><strong>COMO ANTES-.<\/strong> Por motivos que se ignoran o por distractores que s\u00ed funcionan, lo cierto es que ni los especialistas en el tema abordan y menos explican la FUGA DE CAPITALES que sufre nuestro pa\u00eds por tercer trimestre consecutivo. La suma de fugas en 2021 lleg\u00f3 a los 41,557 millones de d\u00f3lares, seg\u00fan informaci\u00f3n del propio Banco de M\u00e9xico, por si por ah\u00ed surgen \u201cotros datos\u201d.<\/p>\n<p>Este es un tema no s\u00f3lo para los especialistas en econom\u00eda, pues lo resentimos todos, cuando nos enteramos que tal o cual firma cerr\u00f3 en M\u00e9xico y se fue a otro pa\u00eds donde crear\u00e1 los empleos que aqu\u00ed se perdieron.<\/p>\n<p>Y ese cierre de empresas y p\u00e9rdida de empleos tienen una sola explicaci\u00f3n irrefutable, DESCONFIANZA e INCERTIDUMBRE, consecuencia directa de equivocaciones y beleidosidades gubernamentales y en segundo t\u00e9rmino, la ola de violencia cada vez m\u00e1s extendida a todo el pa\u00eds.<\/p>\n<p>Cierto que hubo entidades con mayores \u00edndices de inseguridad y criminalidad como Jalisco, Guanajuato y Guerrero, l\u00e1stima que este nocivo clima lejos de disminuir aumenta y se extiende a otros lugares como Zacatecas, Colima, Oaxaca, Chiapas y Quintana Roo, en este \u00faltimo lugar con efectos de alcance internacional por tratarse de una zona tur\u00edstica.<\/p>\n<p>Descalificada por el empresariado internacional por ineficiente la pol\u00edtica de ABRAZOS NO BALAZOS, due\u00f1os o representantes de importantes firmas industriales o comerciales, ya ni se quejan ante o\u00eddos sordos, optan por dejar de invertir -l\u00e9ase abrir nuevas instalaciones o ampliar las existentes-, llevando esos recursos a pa\u00edses donde hay\u00a0 garant\u00edas legales al dar CONFIANZA y CERTIDUMBRE.<\/p>\n<p>Son esos manejadores de capitales que \u00faltimamente se han llevado 41,557\u00a0 millones de d\u00f3lares a otros pa\u00edses a invertir y generar nuevos empleos, aumentando en nuestro pa\u00eds el DESEMPLEO.<\/p>\n<p>Tratando de profundizar, podr\u00eda saberse cu\u00e1ntas empresas han cerrado, consecuencia de la DESCONFIANZA E INCERTIDUMBRE. Los analistas de la econom\u00eda saben esto y m\u00e1s<\/p>\n<p><strong>VISITA YANQUI-.<\/strong> Hoy llega a la capital azteca el Subsecretario de Crecimiento Econ\u00f3mico, Energ\u00eda y Medio Ambiente del gobierno norteamericano Jos\u00e9 W. Fern\u00e1ndez, para desahogar con sus pares mexicanos asuntos de cuyas conclusiones reales nos enteraremos cuando en su pa\u00eds de origen hable a la prensa, pues aqu\u00ed ya sabe, todo est\u00e1 bien.<\/p>\n<p>El susodicho subsecretario de gobierno trae una agenda apretada, pues incluye entrevistas, unas por separado y otras no, con nuestros secretarios de Relaciones Exteriores, Hacienda, Trabajo, Medio Ambiente y hasta Salud.<\/p>\n<p>Adem\u00e1s, Jos\u00e9 W. Fern\u00e1ndez tambi\u00e9n trae programadas, entrevistas con algunos dirigentes sindicales, de esos que han surgido en elecciones gremiales recientes y que casualmente han derrotado a los que abanderaban la anta\u00f1o poderosa\u00a0 Confederaci\u00f3n de Trabajadores de M\u00e9xico, CTM, aunque usted no lo crea.<\/p>\n<p><em><a href=\"mailto:elefa44@gmail.com\" target=\"_blank\" rel=\"noopener noreferrer\">elefa44@gmail.com<\/a><\/em><\/p>\n","protected":false},"excerpt":{"rendered":"<p><span style=\"color: #005497;\"><strong>Eleazar Flores<\/strong><\/span><\/p>\n","protected":false},"author":3,"featured_media":0,"comment_status":"open","ping_status":"open","sticky":false,"template":"","format":"standard","meta":{"_monsterinsights_skip_tracking":false,"_monsterinsights_sitenote_active":false,"_monsterinsights_sitenote_note":"","_monsterinsights_sitenote_category":0,"footnotes":""},"categories":[81743],"tags":[81744,81776,43674],"class_list":["post-537408","post","type-post","status-publish","format-standard","hentry","category-eleazar-flores","tag-eleazar-flores","tag-espacio-electoral","tag-opinion"],"_links":{"self":[{"href":"https:\/\/www.diarioimagen.net\/index.php?rest_route=\/wp\/v2\/posts\/537408","targetHints":{"allow":["GET"]}}],"collection":[{"href":"https:\/\/www.diarioimagen.net\/index.php?rest_route=\/wp\/v2\/posts"}],"about":[{"href":"https:\/\/www.diarioimagen.net\/index.php?rest_route=\/wp\/v2\/types\/post"}],"author":[{"embeddable":true,"href":"https:\/\/www.diarioimagen.net\/index.php?rest_route=\/wp\/v2\/users\/3"}],"replies":[{"embeddable":true,"href":"https:\/\/www.diarioimagen.net\/index.php?rest_route=%2Fwp%2Fv2%2Fcomments&post=537408"}],"version-history":[{"count":0,"href":"https:\/\/www.diarioimagen.net\/index.php?rest_route=\/wp\/v2\/posts\/537408\/revisions"}],"wp:attachment":[{"href":"https:\/\/www.diarioimagen.net\/index.php?rest_route=%2Fwp%2Fv2%2Fmedia&parent=537408"}],"wp:term":[{"taxonomy":"category","embeddable":true,"href":"https:\/\/www.diarioimagen.net\/index.php?rest_route=%2Fwp%2Fv2%2Fcategories&post=537408"},{"taxonomy":"post_tag","embeddable":true,"href":"https:\/\/www.diarioimagen.net\/index.php?rest_route=%2Fwp%2Fv2%2Ftags&post=537408"}],"curies":[{"name":"wp","href":"https:\/\/api.w.org\/{rel}","templated":true}]}}