{"id":541566,"date":"2022-04-01T00:01:23","date_gmt":"2022-04-01T06:01:23","guid":{"rendered":"https:\/\/www.diarioimagen.net\/?p=541566"},"modified":"2022-04-04T00:12:18","modified_gmt":"2022-04-04T05:12:18","slug":"crece-3-3-millones-la-poblacion-ocupada-en-febrero-inegi","status":"publish","type":"post","link":"https:\/\/www.diarioimagen.net\/?p=541566","title":{"rendered":"Crece 3.3 millones la poblaci\u00f3n ocupada en febrero: Inegi"},"content":{"rendered":"<p>&nbsp;<\/p>\n<div id=\"attachment_541699\" style=\"width: 470px\" class=\"wp-caption aligncenter\"><a href=\"https:\/\/www.diarioimagen.net\/?attachment_id=541699\" rel=\"attachment wp-att-541699\"><img loading=\"lazy\" decoding=\"async\" aria-describedby=\"caption-attachment-541699\" class=\"size-full wp-image-541699\" src=\"https:\/\/www.diarioimagen.net\/wp-content\/uploads\/2022\/04\/EMPLEOS.jpg\" alt=\"\" width=\"460\" height=\"270\" \/><\/a><p id=\"caption-attachment-541699\" class=\"wp-caption-text\">Aument\u00f3 en 3.3 millones la poblaci\u00f3n ocupada en el pa\u00eds, principalmente en comercio y servicios profesionales.<\/p><\/div>\n<p>&nbsp;<\/p>\n<p>En el segundo mes del a\u00f1o, la poblaci\u00f3n ocupada en M\u00e9xico registr\u00f3 un crecimiento de 3.3 millones, respecto al mismo periodo del a\u00f1o anterior, principalmente en actividades como comercio y servicios profesionales, de acuerdo con los resultados de la Encuesta Nacional de Ocupaci\u00f3n y Empleo publicada por el Instituto Nacional de Estad\u00edstica y Geograf\u00eda (Inegi).<\/p>\n<p>En febrero, la poblaci\u00f3n ocupada alcanz\u00f3 56.1 millones de personas, 3.3 millones m\u00e1s que los reportados un a\u00f1o antes. Por sexo, la ocupaci\u00f3n de hombres fue de 34 millones, 1.2 millones m\u00e1s respecto a febrero de 2021 y la ocupaci\u00f3n de mujeres fue de 22.1 millones, 2.1 millones m\u00e1s que en igual lapso de comparaci\u00f3n.<\/p>\n<p>En comparaci\u00f3n con igual mes de 2021, el sector con mayor incremento en su poblaci\u00f3n ocupada fue el del comercio con 883 mil personas. Le siguieron los servicios profesionales, financieros y corporativos, y los restaurantes y servicios de alojamiento con aumentos de 756 mil y 742 mil personas, respectivamente.<\/p>\n<p>Por el contrario, las actividades que reportaron las mayores disminuciones fueron las relacionadas con gobierno y organismos internacionales con una baja de 383 mil personas menos, el sector agropecuario con una baja de 180 mil; y la construcci\u00f3n con una p\u00e9rdida de 151 mil plazas.<\/p>\n<p>Seg\u00fan su posici\u00f3n laboral, los trabajadores subordinados y remunerados aumentaron en 1.9 millones de personas en febrero de 2022 respecto al mismo periodo del a\u00f1o anterior para llegar a 37.9 millones (67.7% de la poblaci\u00f3n ocupada).<\/p>\n<p>Le siguen en orden de importancia los trabajadores por cuenta propia con 584 mil personas m\u00e1s que un a\u00f1o antes para sumar 12.8 millones (22.8% del total); los trabajadores no remunerados, relacionados con actividades productivas familiares, que aumentaron en 356 mil en los \u00faltimos 12 meses para sumar 2.3 millones (4.1%); y los empleadores que reportaron un alza de 584 mil personas para sumar poco m\u00e1s de 3 millones (5.4%).<\/p>\n<p>La poblaci\u00f3n subocupada, medida como aquella que declar\u00f3 tener necesidad y disponibilidad para trabajar m\u00e1s horas de lo que su ocupaci\u00f3n actual les demanda, fue de 5.2 millones de personas en febrero del presente a\u00f1o, 2.1 millones de personas menos frente a la del mismo mes de 2021.<\/p>\n","protected":false},"excerpt":{"rendered":"<p>En el segundo mes del a\u00f1o, la poblaci\u00f3n ocupada en M\u00e9xico registr\u00f3 un crecimiento de 3.3 millones, respecto al mismo periodo del a\u00f1o anterior, principalmente en actividades como comercio y servicios profesionales, <\/p>\n","protected":false},"author":3,"featured_media":541699,"comment_status":"open","ping_status":"open","sticky":false,"template":"","format":"standard","meta":{"_monsterinsights_skip_tracking":false,"_monsterinsights_sitenote_active":false,"_monsterinsights_sitenote_note":"","_monsterinsights_sitenote_category":0,"footnotes":""},"categories":[8],"tags":[43678,14864,193,22016],"class_list":["post-541566","post","type-post","status-publish","format-standard","has-post-thumbnail","hentry","category-finanzas","tag-finanzas","tag-incremento","tag-inegi","tag-ocupacion"],"_links":{"self":[{"href":"https:\/\/www.diarioimagen.net\/index.php?rest_route=\/wp\/v2\/posts\/541566","targetHints":{"allow":["GET"]}}],"collection":[{"href":"https:\/\/www.diarioimagen.net\/index.php?rest_route=\/wp\/v2\/posts"}],"about":[{"href":"https:\/\/www.diarioimagen.net\/index.php?rest_route=\/wp\/v2\/types\/post"}],"author":[{"embeddable":true,"href":"https:\/\/www.diarioimagen.net\/index.php?rest_route=\/wp\/v2\/users\/3"}],"replies":[{"embeddable":true,"href":"https:\/\/www.diarioimagen.net\/index.php?rest_route=%2Fwp%2Fv2%2Fcomments&post=541566"}],"version-history":[{"count":0,"href":"https:\/\/www.diarioimagen.net\/index.php?rest_route=\/wp\/v2\/posts\/541566\/revisions"}],"wp:featuredmedia":[{"embeddable":true,"href":"https:\/\/www.diarioimagen.net\/index.php?rest_route=\/wp\/v2\/media\/541699"}],"wp:attachment":[{"href":"https:\/\/www.diarioimagen.net\/index.php?rest_route=%2Fwp%2Fv2%2Fmedia&parent=541566"}],"wp:term":[{"taxonomy":"category","embeddable":true,"href":"https:\/\/www.diarioimagen.net\/index.php?rest_route=%2Fwp%2Fv2%2Fcategories&post=541566"},{"taxonomy":"post_tag","embeddable":true,"href":"https:\/\/www.diarioimagen.net\/index.php?rest_route=%2Fwp%2Fv2%2Ftags&post=541566"}],"curies":[{"name":"wp","href":"https:\/\/api.w.org\/{rel}","templated":true}]}}