{"id":541575,"date":"2022-04-01T00:05:13","date_gmt":"2022-04-01T06:05:13","guid":{"rendered":"https:\/\/www.diarioimagen.net\/?p=541575"},"modified":"2022-04-04T00:07:03","modified_gmt":"2022-04-04T05:07:03","slug":"colaboracion-entre-uaemex-y-clinica-mayo-en-florida-permitira-el-tratamiento-de-enfermedades-raras","status":"publish","type":"post","link":"https:\/\/www.diarioimagen.net\/?p=541575","title":{"rendered":"Colaboraci\u00f3n entre UAEM\u00e9x y Cl\u00ednica Mayo, en Florida, permitir\u00e1 el tratamiento de enfermedades raras"},"content":{"rendered":"<p>&nbsp;<\/p>\n<ul>\n<li><strong><em>Uno de los proyectos a largo plazo entre ambas instituciones es la creaci\u00f3n en Toluca de una cl\u00ednica especializada en la ataxia espinocerebelosa<\/em><\/strong><\/li>\n<\/ul>\n<p>&nbsp;<\/p>\n<div id=\"attachment_541652\" style=\"width: 470px\" class=\"wp-caption aligncenter\"><a href=\"https:\/\/www.diarioimagen.net\/?attachment_id=541652\" rel=\"attachment wp-att-541652\"><img loading=\"lazy\" decoding=\"async\" aria-describedby=\"caption-attachment-541652\" class=\"size-full wp-image-541652\" src=\"https:\/\/www.diarioimagen.net\/wp-content\/uploads\/2022\/04\/uaem.jpg\" alt=\"\" width=\"460\" height=\"270\" \/><\/a><p id=\"caption-attachment-541652\" class=\"wp-caption-text\">El profesor de la Cl\u00ednica Mayo, Zbigniew K. Wszolek, visit\u00f3 la UAEM\u00e9x para exponer el panorama cl\u00ednico de la ataxia espinocerebelosa.<\/p><\/div>\n<p>&nbsp;<\/p>\n<p><strong>Toluca, Estado de M\u00e9xico.\u2014<\/strong> La Universidad Aut\u00f3noma del Estado de M\u00e9xico (UAEM\u00e9x) colaborar\u00e1, a trav\u00e9s de la Facultad de Medicina, con la Cl\u00ednica Mayo en Florida para el estudio y posible tratamiento de una de las enfermedades raras que m\u00e1s afecta las c\u00e9lulas que componen el cerebelo, sin importar edad ni sexo.<\/p>\n<p>El especialista en neurolog\u00eda de este centro m\u00e9dico, Zbigniew K. Wszolek, encabez\u00f3 el simposio \u201cPerspectivas Terap\u00e9uticas de Movimientos Anormales: Enfoque en Ataxia Espinocerebelosa\u201d, el cual tuvo como objetivo educar a estudiantes de medicina de la UAEM\u00e9x sobre esta condici\u00f3n que da\u00f1a el equilibrio y la coordinaci\u00f3n de las personas que la padecen, as\u00ed como la capacidad de habla.<\/p>\n<p>El tambi\u00e9n profesor de la Facultad de Medicina de la Cl\u00ednica Mayo enfatiz\u00f3 que Toluca es una de las tres regiones en M\u00e9xico que cuenta con una mayor cantidad de pacientes diagnosticados con esta enfermedad, al igual que Veracruz y Ciudad de M\u00e9xico; sin embargo, al ser poco estudiada a\u00fan no se cuenta con tratamientos que puedan facilitar la vida de las personas que la padecen y mucho menos con una cura, ya que adem\u00e1s estas investigaciones son muy costosas y requieren de bastante tiempo.<\/p>\n<p>Por este motivo, indic\u00f3 que entre la Aut\u00f3noma Mexiquense y la Cl\u00ednica Mayo se llevar\u00e1n a cabo diferentes proyectos a corto y largo plazo que involucran investigaciones cient\u00edficas, as\u00ed como el posible desarrollo en Toluca de una cl\u00ednica especializada en tratar pacientes con ataxia espinocerebelosa, con el objetivo de que puedan ser atendidos sin tener que trasladarse a otra ciudad u otro pa\u00eds.<\/p>\n<p>Por su parte, la investigadora de la Facultad de Medicina de la UAEM\u00e9x, Alexandra Soto Pi\u00f1a, se\u00f1al\u00f3 que la M\u00e1xima Casa de Estudios mexiquense cuenta con el potencial y los recursos humanos necesarios para cooperar en este proyecto que ser\u00e1 beneficioso para la sociedad, especialmente para la poblaci\u00f3n del Valle de Toluca.<\/p>\n<p>Agreg\u00f3 que participar\u00e1n acad\u00e9micos e investigadores de la comunidad verde y oro; adem\u00e1s, se contar\u00e1 con especialistas del Tecnol\u00f3gico de Monterrey y del Centro M\u00e9dico Lic. Adolfo L\u00f3pez Mateos.<\/p>\n<p>El profesor Zbigniew K. Wszolek destac\u00f3 que en el mundo existen 48 tipos diferentes de ataxia espinocerebelosa y que 75 por ciento de las enfermedades raras como esta es diagnosticado en menores de edad, por lo cual resulta importante investigar este tipo de padecimientos que tambi\u00e9n puede presentarse en la edad adulta.<\/p>\n","protected":false},"excerpt":{"rendered":"<p>La Universidad Aut\u00f3noma del Estado de M\u00e9xico (UAEM\u00e9x) colaborar\u00e1, a trav\u00e9s de la Facultad de Medicina, con la Cl\u00ednica Mayo en Florida para el estudio y posible tratamiento de una de las enfermedades raras que m\u00e1s afecta las c\u00e9lulas que componen el cerebelo, sin importar edad ni sexo.\u00a0<\/p>\n","protected":false},"author":3,"featured_media":541652,"comment_status":"open","ping_status":"open","sticky":false,"template":"","format":"standard","meta":{"_monsterinsights_skip_tracking":false,"_monsterinsights_sitenote_active":false,"_monsterinsights_sitenote_note":"","_monsterinsights_sitenote_category":0,"footnotes":""},"categories":[5],"tags":[95115,1359,67878],"class_list":["post-541575","post","type-post","status-publish","format-standard","has-post-thumbnail","hentry","category-estado-de-mexico","tag-clinica-mayo","tag-florida","tag-uaemex"],"_links":{"self":[{"href":"https:\/\/www.diarioimagen.net\/index.php?rest_route=\/wp\/v2\/posts\/541575","targetHints":{"allow":["GET"]}}],"collection":[{"href":"https:\/\/www.diarioimagen.net\/index.php?rest_route=\/wp\/v2\/posts"}],"about":[{"href":"https:\/\/www.diarioimagen.net\/index.php?rest_route=\/wp\/v2\/types\/post"}],"author":[{"embeddable":true,"href":"https:\/\/www.diarioimagen.net\/index.php?rest_route=\/wp\/v2\/users\/3"}],"replies":[{"embeddable":true,"href":"https:\/\/www.diarioimagen.net\/index.php?rest_route=%2Fwp%2Fv2%2Fcomments&post=541575"}],"version-history":[{"count":0,"href":"https:\/\/www.diarioimagen.net\/index.php?rest_route=\/wp\/v2\/posts\/541575\/revisions"}],"wp:featuredmedia":[{"embeddable":true,"href":"https:\/\/www.diarioimagen.net\/index.php?rest_route=\/wp\/v2\/media\/541652"}],"wp:attachment":[{"href":"https:\/\/www.diarioimagen.net\/index.php?rest_route=%2Fwp%2Fv2%2Fmedia&parent=541575"}],"wp:term":[{"taxonomy":"category","embeddable":true,"href":"https:\/\/www.diarioimagen.net\/index.php?rest_route=%2Fwp%2Fv2%2Fcategories&post=541575"},{"taxonomy":"post_tag","embeddable":true,"href":"https:\/\/www.diarioimagen.net\/index.php?rest_route=%2Fwp%2Fv2%2Ftags&post=541575"}],"curies":[{"name":"wp","href":"https:\/\/api.w.org\/{rel}","templated":true}]}}