{"id":541585,"date":"2022-04-01T00:02:49","date_gmt":"2022-04-01T06:02:49","guid":{"rendered":"https:\/\/www.diarioimagen.net\/?p=541585"},"modified":"2022-04-04T00:12:11","modified_gmt":"2022-04-04T05:12:11","slug":"inicia-hoy-temporada-de-declaracion-anual-para-personas-fisicas","status":"publish","type":"post","link":"https:\/\/www.diarioimagen.net\/?p=541585","title":{"rendered":"Inicia hoy temporada de declaraci\u00f3n anual para personas f\u00edsicas"},"content":{"rendered":"<p>&nbsp;<\/p>\n<ul>\n<li><strong><em>Termina este 30 de abril<\/em><\/strong><\/li>\n<\/ul>\n<p>&nbsp;<\/p>\n<div id=\"attachment_541705\" style=\"width: 470px\" class=\"wp-caption aligncenter\"><a href=\"https:\/\/www.diarioimagen.net\/?attachment_id=541705\" rel=\"attachment wp-att-541705\"><img loading=\"lazy\" decoding=\"async\" aria-describedby=\"caption-attachment-541705\" class=\"size-full wp-image-541705\" src=\"https:\/\/www.diarioimagen.net\/wp-content\/uploads\/2022\/04\/DECLARACION-ANUAL.jpg\" alt=\"\" width=\"460\" height=\"270\" \/><\/a><p id=\"caption-attachment-541705\" class=\"wp-caption-text\">Es tiempo de presentar la declaraci\u00f3n anual para personas f\u00edsicas, para lo que se tiene hasta el 30 de abril de 2022 para cumplir con este compromiso.<\/p><\/div>\n<p>&nbsp;<\/p>\n<p>Este viernes 1 de abril inicia la temporada de declaraci\u00f3n anual de impuestos para las personas f\u00edsicas y termina el 30 de este mismo mes.<\/p>\n<p>Los contribuyentes que est\u00e1n obligados a presentar la declaraci\u00f3n anual son las personas f\u00edsicas que hayan tenido ingresos por sueldos, salarios y asimilados con un ingreso anual a 400 mil pesos; por actividad empresarial y servicios profesionales, actividades agr\u00edcolas, arrendamiento, enajenaci\u00f3n de bienes, dividendos y el coeficiente de utilidad fiscal del R\u00e9gimen de Incorporaci\u00f3n Fiscal (RIF).<\/p>\n<p>El a\u00f1o pasado, un poco m\u00e1s de 3 millones de contribuyentes personas f\u00edsicas presentaron su declaraci\u00f3n del 2020 con pago de impuestos a cargo, y procedieron devoluciones por un total de 51 mil 834 millones de pesos.<\/p>\n<p>Los contribuyentes tienen que declarar el impuesto sobre la renta (ISR) de acuerdo a su r\u00e9gimen fiscal.<\/p>\n<p>En M\u00e9xico existen diferentes reg\u00edmenes en los que tributan los contribuyentes y que est\u00e1n obligados a cumplir con esta obligaci\u00f3n en abril.<\/p>\n<p>Hay un r\u00e9gimen para sueldos y salarios e ingresos asimilados a salarios, el de Actividades Empresariales a trav\u00e9s de plataformas tecnol\u00f3gicas o aplicaciones digitales que no optaron por pagos definitivos, doctores, dentistas y dem\u00e1s profesionistas que dan recibos de honorarios, y en el que est\u00e1n los peque\u00f1os contribuyentes conocido como RIF o R\u00e9gimen de Incorporaci\u00f3n Fiscal.<\/p>\n<p>Para los que se inscribieron en el nuevo R\u00e9gimen Simplificado de Confianza (Resico), no tendr\u00e1n que hacerla porque la primera declaraci\u00f3n anual ser\u00e1 la del 2022 y se presentar\u00e1 hasta abril del 2023.<\/p>\n<p>La declaraci\u00f3n anual debe contener la informaci\u00f3n de los ingresos percibidos durante el 2021, las deducciones personales autorizadas de los gastos realizados, las retenciones del ISR, as\u00ed como los pagos provisionales que se hicieron el a\u00f1o pasado.<\/p>\n<p>Toda esta informaci\u00f3n ya la tiene el SAT con base en los comprobantes fiscales digitales por internet (CFDI) o facturas electr\u00f3nicas que solicit\u00f3 el contribuyente por los gastos realizados y los recibos de n\u00f3mina o de honorarios que extendi\u00f3 por sus servicios.<\/p>\n<p>Esa informaci\u00f3n es parte de la declaraci\u00f3n prellenada que elabor\u00f3 el SAT para facilitar el trabajo a los contribuyentes para poder cumplir en tiempo y forma.<\/p>\n<p>De estar de acuerdo con los datos que ya precarg\u00f3 el \u00f3rgano recaudador de impuestos, se puede presentar la declaraci\u00f3n de forma f\u00e1cil y sencilla.<\/p>\n<p>Para ello el contribuyente puede utilizar el simulador del SAT en su p\u00e1gina de internet.<\/p>\n<p>Hay que tener a la mano el Registro Federal de Contribuyentes (RFC) , la contrase\u00f1a y la firma electr\u00f3nica para poder acceder al simulador y verificar los datos de la declaraci\u00f3n prellenada.<\/p>\n<p>Para hacer la declaraci\u00f3n en l\u00ednea se tiene que seleccionar iniciar, ingresar con el RFC y contrase\u00f1a, llenar los datos que se solicitan, firmar y en su caso enviarla.<\/p>\n<p>Es necesario esperar a obtener el acuso de recibo de la declaraci\u00f3n.<\/p>\n<p>Si el contribuyente opt\u00f3 por pagar en parcialidades los impuestos, saldr\u00e1 la l\u00ednea de captura con el importe.<\/p>\n","protected":false},"excerpt":{"rendered":"<p>Este viernes 1 de abril inicia la temporada de declaraci\u00f3n anual de impuestos para las personas f\u00edsicas y termina el 30 de este mismo mes.<\/p>\n","protected":false},"author":3,"featured_media":541705,"comment_status":"open","ping_status":"open","sticky":false,"template":"","format":"standard","meta":{"_monsterinsights_skip_tracking":false,"_monsterinsights_sitenote_active":false,"_monsterinsights_sitenote_note":"","_monsterinsights_sitenote_category":0,"footnotes":""},"categories":[8],"tags":[5641,43678,71146,95119,37380],"class_list":["post-541585","post","type-post","status-publish","format-standard","has-post-thumbnail","hentry","category-finanzas","tag-declaracion","tag-finanzas","tag-inicia","tag-personas-fisicas","tag-temporada"],"_links":{"self":[{"href":"https:\/\/www.diarioimagen.net\/index.php?rest_route=\/wp\/v2\/posts\/541585","targetHints":{"allow":["GET"]}}],"collection":[{"href":"https:\/\/www.diarioimagen.net\/index.php?rest_route=\/wp\/v2\/posts"}],"about":[{"href":"https:\/\/www.diarioimagen.net\/index.php?rest_route=\/wp\/v2\/types\/post"}],"author":[{"embeddable":true,"href":"https:\/\/www.diarioimagen.net\/index.php?rest_route=\/wp\/v2\/users\/3"}],"replies":[{"embeddable":true,"href":"https:\/\/www.diarioimagen.net\/index.php?rest_route=%2Fwp%2Fv2%2Fcomments&post=541585"}],"version-history":[{"count":0,"href":"https:\/\/www.diarioimagen.net\/index.php?rest_route=\/wp\/v2\/posts\/541585\/revisions"}],"wp:featuredmedia":[{"embeddable":true,"href":"https:\/\/www.diarioimagen.net\/index.php?rest_route=\/wp\/v2\/media\/541705"}],"wp:attachment":[{"href":"https:\/\/www.diarioimagen.net\/index.php?rest_route=%2Fwp%2Fv2%2Fmedia&parent=541585"}],"wp:term":[{"taxonomy":"category","embeddable":true,"href":"https:\/\/www.diarioimagen.net\/index.php?rest_route=%2Fwp%2Fv2%2Fcategories&post=541585"},{"taxonomy":"post_tag","embeddable":true,"href":"https:\/\/www.diarioimagen.net\/index.php?rest_route=%2Fwp%2Fv2%2Ftags&post=541585"}],"curies":[{"name":"wp","href":"https:\/\/api.w.org\/{rel}","templated":true}]}}