{"id":541591,"date":"2022-04-01T00:02:10","date_gmt":"2022-04-01T06:02:10","guid":{"rendered":"https:\/\/www.diarioimagen.net\/?p=541591"},"modified":"2022-04-01T05:04:11","modified_gmt":"2022-04-01T11:04:11","slug":"empresarios-necesitan-apoyo-tras-etapa-de-contingencia-diputado-jorge-inzunza","status":"publish","type":"post","link":"https:\/\/www.diarioimagen.net\/?p=541591","title":{"rendered":"Empresarios necesitan apoyo, tras etapa de contingencia: diputado Jorge Inzunza"},"content":{"rendered":"<p>&nbsp;<\/p>\n<ul>\n<li><strong><em>Falta apoyo estrat\u00e9gico para el sector productivo<\/em><\/strong><\/li>\n<\/ul>\n<p>&nbsp;<\/p>\n<h6>Arturo Baena<\/h6>\n<p>&nbsp;<\/p>\n<div id=\"attachment_541679\" style=\"width: 470px\" class=\"wp-caption aligncenter\"><a href=\"https:\/\/www.diarioimagen.net\/?attachment_id=541679\" rel=\"attachment wp-att-541679\"><img loading=\"lazy\" decoding=\"async\" aria-describedby=\"caption-attachment-541679\" class=\"size-full wp-image-541679\" src=\"https:\/\/www.diarioimagen.net\/wp-content\/uploads\/2022\/04\/huixquilucan.jpg\" alt=\"\" width=\"460\" height=\"270\" \/><\/a><p id=\"caption-attachment-541679\" class=\"wp-caption-text\">El diputado federal Jorge Inzunza Armas, se\u00f1al\u00f3 que M\u00e9xico es el \u00fanico pa\u00eds de la OCDE donde los empresarios no tuvieron apoyo para proteger el empleo.<\/p><\/div>\n<p>&nbsp;<\/p>\n<p><strong>Huixquilucan, Estado de M\u00e9xico.\u2014<\/strong> Durante la pandemia, solamente entre los meses de octubre del 2020 y el mes de julio del 2021, un mill\u00f3n 600 mil empresas bajaron la cortina en M\u00e9xico, la mayor\u00eda fueron micros y peque\u00f1as empresas que generaban millones de empleos, as\u00ed como muchas empresas m\u00e1s que se han visto afectadas por esta situaci\u00f3n y no existe a\u00fan un apoyo estrat\u00e9gico para el sector productivo.<\/p>\n<p>Afirm\u00f3 en entrevista el diputado federal Jorge Inzunza Armas, al tiempo de destacar que \u201choy creo que M\u00e9xico es el \u00fanico pa\u00eds de la OCDE donde los empresarios no tuvieron apoyo,\u00a0donde no hubo recursos para proteger el empleo, esta es una situaci\u00f3n que tenemos que resolver\u00a0entre todos los mexicanos\u201d, dijo. El tambi\u00e9n ex dirigente estatal del PAN en el Estado de M\u00e9xico, afirm\u00f3 que \u201ctenemos que crear las condiciones para impulsar al empresariado mexicano, para impulsar la inversi\u00f3n en nuestro pa\u00eds.<\/p>\n<p>\u201cNo\u00a0podemos seguir satanizando al empresario que invierte su dinero en nuestro pa\u00eds. Pasamos de ser la econom\u00eda n\u00famero 12 del mundo a ser la econom\u00eda 16, acabamos de ser recientemente superados por Indonesia y pasamos del sitio 15, al sitio 16 y no se puede ocultar que tenemos indicadores econ\u00f3micos poco favorables\u201d, reiter\u00f3. Destac\u00f3 qu\u00e9 M\u00e9xico tiene empresas transnacionales que son un orgullo para los mexicanos, como es el casode Bimbo, como es el caso del Grupo Modelo, como es el caso de Cemex, como es el caso de tantas empresas que han sabido triunfar tras fronteras.<\/p>\n","protected":false},"excerpt":{"rendered":"<p>Durante la pandemia, solamente entre los meses de octubre del 2020 y el mes de julio del 2021, un mill\u00f3n 600 mil empresas bajaron la cortina en M\u00e9xico, la mayor\u00eda fueron micros y peque\u00f1as empresas que generaban millones de empleos, as\u00ed como muchas empresas m\u00e1s que se han visto afectadas por esta situaci\u00f3n y no existe a\u00fan un apoyo estrat\u00e9gico para el sector productivo.<\/p>\n","protected":false},"author":3,"featured_media":541679,"comment_status":"open","ping_status":"open","sticky":false,"template":"","format":"standard","meta":{"_monsterinsights_skip_tracking":false,"_monsterinsights_sitenote_active":false,"_monsterinsights_sitenote_note":"","_monsterinsights_sitenote_category":0,"footnotes":""},"categories":[5],"tags":[2701,43675,94574,1097,79446],"class_list":["post-541591","post","type-post","status-publish","format-standard","has-post-thumbnail","hentry","category-estado-de-mexico","tag-apoyo","tag-estado-de-mexico","tag-etapa","tag-huixquilucan","tag-jorge-inzunza-armas"],"_links":{"self":[{"href":"https:\/\/www.diarioimagen.net\/index.php?rest_route=\/wp\/v2\/posts\/541591","targetHints":{"allow":["GET"]}}],"collection":[{"href":"https:\/\/www.diarioimagen.net\/index.php?rest_route=\/wp\/v2\/posts"}],"about":[{"href":"https:\/\/www.diarioimagen.net\/index.php?rest_route=\/wp\/v2\/types\/post"}],"author":[{"embeddable":true,"href":"https:\/\/www.diarioimagen.net\/index.php?rest_route=\/wp\/v2\/users\/3"}],"replies":[{"embeddable":true,"href":"https:\/\/www.diarioimagen.net\/index.php?rest_route=%2Fwp%2Fv2%2Fcomments&post=541591"}],"version-history":[{"count":0,"href":"https:\/\/www.diarioimagen.net\/index.php?rest_route=\/wp\/v2\/posts\/541591\/revisions"}],"wp:featuredmedia":[{"embeddable":true,"href":"https:\/\/www.diarioimagen.net\/index.php?rest_route=\/wp\/v2\/media\/541679"}],"wp:attachment":[{"href":"https:\/\/www.diarioimagen.net\/index.php?rest_route=%2Fwp%2Fv2%2Fmedia&parent=541591"}],"wp:term":[{"taxonomy":"category","embeddable":true,"href":"https:\/\/www.diarioimagen.net\/index.php?rest_route=%2Fwp%2Fv2%2Fcategories&post=541591"},{"taxonomy":"post_tag","embeddable":true,"href":"https:\/\/www.diarioimagen.net\/index.php?rest_route=%2Fwp%2Fv2%2Ftags&post=541591"}],"curies":[{"name":"wp","href":"https:\/\/api.w.org\/{rel}","templated":true}]}}