{"id":541595,"date":"2022-04-01T00:04:31","date_gmt":"2022-04-01T06:04:31","guid":{"rendered":"https:\/\/www.diarioimagen.net\/?p=541595"},"modified":"2022-04-01T05:01:19","modified_gmt":"2022-04-01T11:01:19","slug":"se-afilian-empresas-a-acme-en-el-valle-de-mexico","status":"publish","type":"post","link":"https:\/\/www.diarioimagen.net\/?p=541595","title":{"rendered":"Se afilian empresas a ACME en el Valle de M\u00e9xico"},"content":{"rendered":"<p>&nbsp;<\/p>\n<p><a href=\"https:\/\/www.diarioimagen.net\/?attachment_id=541670\" rel=\"attachment wp-att-541670\"><img loading=\"lazy\" decoding=\"async\" class=\"aligncenter size-full wp-image-541670\" src=\"https:\/\/www.diarioimagen.net\/wp-content\/uploads\/2022\/04\/naucalpan.jpg\" alt=\"\" width=\"460\" height=\"270\" \/><\/a><\/p>\n<p>&nbsp;<\/p>\n<p><strong>Naucalpan, Estado de M\u00e9xico.\u2014 <\/strong>Al destacar que con las sistem\u00e1ticas afiliaciones de empresas y ciudadanos, que reflejan su confianza en la Alianza de Autotransportistas, Comerciantes y Anexas de M\u00e9xico, la coordinadora en este municipio, Juanita Tovar, manifest\u00f3 que Naucalpan ya est\u00e1 pintado de ACME, con el total respaldo del l\u00edder nacional Jafet Sainz.<\/p>\n<p>As\u00ed lo se\u00f1al\u00f3 en su mensaje durante el evento de afiliaci\u00f3n de la empresa Transportes \u00c1guilas de Naucalpan SA de CV, quienes junto con su representante legal Eutimio Tinoco Miranda fueron gratamente bienvenidos a nombre y representaci\u00f3n del Presidente Nacional Jafet Sainz, por el Coordinador Regional Ricardo Arellano refrendando el respaldo de los m\u00e1s de 250 mil agremiados a esta poderosa organizaci\u00f3n.<\/p>\n","protected":false},"excerpt":{"rendered":"<p>Al destacar que con las sistem\u00e1ticas afiliaciones de empresas y ciudadanos, que reflejan su confianza en la Alianza de Autotransportistas, Comerciantes y Anexas de M\u00e9xico, la coordinadora en este municipio, Juanita Tovar, manifest\u00f3 que Naucalpan ya est\u00e1 pintado de ACME, con el total respaldo del l\u00edder nacional Jafet Sainz.<\/p>\n","protected":false},"author":3,"featured_media":541670,"comment_status":"open","ping_status":"open","sticky":false,"template":"","format":"standard","meta":{"_monsterinsights_skip_tracking":false,"_monsterinsights_sitenote_active":false,"_monsterinsights_sitenote_note":"","_monsterinsights_sitenote_category":0,"footnotes":""},"categories":[5],"tags":[95121,69154,34],"class_list":["post-541595","post","type-post","status-publish","format-standard","has-post-thumbnail","hentry","category-estado-de-mexico","tag-acme","tag-empresa","tag-valle-de-mexico"],"_links":{"self":[{"href":"https:\/\/www.diarioimagen.net\/index.php?rest_route=\/wp\/v2\/posts\/541595","targetHints":{"allow":["GET"]}}],"collection":[{"href":"https:\/\/www.diarioimagen.net\/index.php?rest_route=\/wp\/v2\/posts"}],"about":[{"href":"https:\/\/www.diarioimagen.net\/index.php?rest_route=\/wp\/v2\/types\/post"}],"author":[{"embeddable":true,"href":"https:\/\/www.diarioimagen.net\/index.php?rest_route=\/wp\/v2\/users\/3"}],"replies":[{"embeddable":true,"href":"https:\/\/www.diarioimagen.net\/index.php?rest_route=%2Fwp%2Fv2%2Fcomments&post=541595"}],"version-history":[{"count":0,"href":"https:\/\/www.diarioimagen.net\/index.php?rest_route=\/wp\/v2\/posts\/541595\/revisions"}],"wp:featuredmedia":[{"embeddable":true,"href":"https:\/\/www.diarioimagen.net\/index.php?rest_route=\/wp\/v2\/media\/541670"}],"wp:attachment":[{"href":"https:\/\/www.diarioimagen.net\/index.php?rest_route=%2Fwp%2Fv2%2Fmedia&parent=541595"}],"wp:term":[{"taxonomy":"category","embeddable":true,"href":"https:\/\/www.diarioimagen.net\/index.php?rest_route=%2Fwp%2Fv2%2Fcategories&post=541595"},{"taxonomy":"post_tag","embeddable":true,"href":"https:\/\/www.diarioimagen.net\/index.php?rest_route=%2Fwp%2Fv2%2Ftags&post=541595"}],"curies":[{"name":"wp","href":"https:\/\/api.w.org\/{rel}","templated":true}]}}