{"id":541608,"date":"2022-04-01T00:02:09","date_gmt":"2022-04-01T06:02:09","guid":{"rendered":"https:\/\/www.diarioimagen.net\/?p=541608"},"modified":"2022-04-01T02:51:14","modified_gmt":"2022-04-01T08:51:14","slug":"como-habran-visto-empresarios-norteamericanos-a-manuel-bartlett","status":"publish","type":"post","link":"https:\/\/www.diarioimagen.net\/?p=541608","title":{"rendered":"\u00bfC\u00f3mo habr\u00e1n visto empresarios norteamericanos a Manuel Bartlett?"},"content":{"rendered":"<h2>La Retaguardia<\/h2>\n<h5>Adriana Moreno Cordero<\/h5>\n<p>&nbsp;<\/p>\n<p>Ni los tamalitos de chipil\u00edn, ni los \u201cchanchamitos\u201d valieron y menos a\u00fan que el presidente <strong>Andr\u00e9s Manuel L\u00f3pez Obrador<\/strong> llevara a la comida que sostuvo con <strong>John Kerry<\/strong>, enviado especial del gobierno del presidente <strong>Joe Biden<\/strong> para temas del cambio clim\u00e1tico y\u00a0 20 empresarios estadounidenses del sector el\u00e9ctrico, a los m\u00e1s distinguidos representantes de su gobierno como la secretaria de Energ\u00eda, <strong>Roc\u00edo Nahle<\/strong> \u2014a la que los \u00e1rabes le aplauden a cada rato\u2014; el silente director general de Pemex, <strong>Octavio Romero Oropeza,<\/strong> y desde luego, uno de los convocados \u201cestrella\u201d, el flamante director de la Comisi\u00f3n Federal de Electricidad, (CFE), <strong>Manuel Bartlett<\/strong>, a quien habr\u00eda sido muy interesante observar como los vieron los estadounidenses que asistieron a Palacio Nacional.<\/p>\n<p>Total, que de nada vali\u00f3 que el Presidente preparara con sumo detalle la comida que ofreci\u00f3 a la delegaci\u00f3n estadounidense, pues de cualquier manera, el gobierno del vecino pa\u00eds del norte se encuentra analizando caminos legales, en el marco del T-MEC, contra la controvertida reforma el\u00e9ctrica presentada por el Presidente de M\u00e9xico, con lo que se hace evidente que hay que cambiarle mucho m\u00e1s que una coma, si es que quiere que pase.<\/p>\n<p>No dej\u00f3 de llamar la atenci\u00f3n que la comida se prolongara por horas, pues eso desde luego no fue s\u00edntoma de cordialidad, palabra favorita utilizada cuando se trata de este tipo de encuentros.<\/p>\n<p>Finalmente, no hay que soslayar que en diversas ocasiones, L\u00f3pez Obrador ha contribuido a distanciar la relaci\u00f3n con Estados Unidos, a la voz de que M\u00e9xico no es colonia de Rusia, ni de Estados Unidos, ni de nadie. Esa parte del discurso est\u00e1 bien, pero en cuanto a relaciones internacionales, esta errada y llamada Cuarta Transformaci\u00f3n seguir\u00e1 dividiendo. En el colmo, el de Tepetit\u00e1n anunci\u00f3 en su gustad\u00edsimo \u201cstand-up\u201d ma\u00f1anero que invitar\u00eda a los empresarios norteamericanos\u00a0 \u201ca invertir en nuestro pa\u00eds, por ejemplo, en nuevas tecnolog\u00edas para la exportaci\u00f3n de gas\u201d. Tanto la comitiva estadunidense como quien la encabez\u00f3, levantaron la ceja.<\/p>\n<p><strong>Municiones<\/strong><\/p>\n<p>*** Ya nadie se acordaba del asunto y sin embargo, por ah\u00ed sali\u00f3 de alg\u00fan caj\u00f3n polvoso, pero ni as\u00ed, el PRI consigui\u00f3 quitarle el sue\u00f1o ni m\u00e1s ni menos que al embajador de M\u00e9xico en Espa\u00f1a, <strong>Quirino Ordaz Coppel<\/strong>. Resulta que la noche de ayer, la Comisi\u00f3n Nacional de Justicia Partidaria del tricolor sesion\u00f3 y, por mayor\u00eda de votos, decidieron expulsar al ex gobernador de Sinaloa, \u201cpor haber cometido actos de indisciplina grave en contra de las determinaciones del Consejo Pol\u00edtico Nacional como lo se\u00f1ala el art\u00edculo 250 de los estatutos\u201d. En una sesi\u00f3n que seguramente ten\u00eda comi\u00e9ndose las u\u00f1as al ahora ex militante del Revolucionario Institucional, la citada Comisi\u00f3n Nacional concluy\u00f3 que, \u201cel ciudadano Ordaz Coppel no acat\u00f3 la resoluci\u00f3n del Consejo Pol\u00edtico Nacional y acept\u00f3 desempe\u00f1ar un cargo en la Administraci\u00f3n P\u00fablica Federal por parte de un gobierno emanado de un partido pol\u00edtico antag\u00f3nico al Revolucionario Institucional y con el que no se tiene convenio de coalici\u00f3n\u201d. Eso de que el PRI no tiene convenio de coalici\u00f3n, estar\u00eda por verse, ya que mucho se habla en los corrillos pol\u00edticos de que por debajo de la mesa o en zonas muy poco iluminadas, se ha construido lo que se conoce como PRIMOR, am\u00e9n de que hay otros gobernadores a punto de dejar ese cargo, como el de Hidalgo, <strong>Omar Fayad,<\/strong> y el de Oaxaca, <strong>Alejandro Murat<\/strong>, que est\u00e1n m\u00e1s que apuntados y acarician el sue\u00f1o de que esta errada y llamada Cuarta Transformaci\u00f3n les ofrezca alg\u00fan cargo diplom\u00e1tico o posici\u00f3n en el gabinete lopezobradorista. Ah\u00ed est\u00e1 el anuncio que hiciera recientemente el mandatario oaxaque\u00f1o para emprender una gira nacional para llevar de un estado a otro el legado de Benito Ju\u00e1rez.<\/p>\n<p>*** Por si lo anterior resultara insuficiente, ah\u00ed est\u00e1 tambi\u00e9n lo que no ha dejado de comentarse en el Palacio Legislativo de San L\u00e1zaro, respecto a que la bancada del PRI que coordina en la C\u00e1mara baja, <strong>Rub\u00e9n Moreira<\/strong>, habr\u00eda acordado que sus candidatos alcanzaran las gubernaturas de Hidalgo y Durango, a cambio de que los diputados den su voto a favor de la controvertida reforma el\u00e9ctrica presentada por el presidente. Adem\u00e1s, hay que recordar que la candidata del tricolor <strong>Carolina Viggiano<\/strong>, es esposa del diputado Moreira. \u00bfEntonces, en qu\u00e9 quedamos?<\/p>\n<p>*** Por tercer a\u00f1o consecutivo, Fundaci\u00f3n Los Emprendedores en alianza con Te Creemos Holding y la Direcci\u00f3n General de Educaci\u00f3n Tecnol\u00f3gica Industrial (DGETI), llev\u00f3 a cabo el concurso Ideas con Impacto Social, con el fin de promover la cultura del emprendimiento y la innovaci\u00f3n en los j\u00f3venes de las comunidades cercanas a nuestras sucursales. Se recibieron alrededor de mil 300 propuestas que plantearon soluciones a problem\u00e1ticas en temas de medio ambiente y comunidad, educaci\u00f3n y salud; de la cuales se premiaron a los 9 mejores proyectos de estudiantes de educaci\u00f3n media superior adscritas a la DGETI, quienes fueron acreedores a herramientas tecnol\u00f3gicas tales como: computadoras, tabletas, tel\u00e9fonos y accesorios inteligentes. Los primeros lugares tendr\u00e1n la oportunidad de recibir capacitaci\u00f3n especializada en las \u00e1reas de sus emprendimientos. Durante el evento de premiaci\u00f3n, la presidenta de Fundaci\u00f3n Los Emprendedores, <strong>Raquel Druker<\/strong> de Kleinberg, resalt\u00f3 la importancia de la alianza con la DGETI, ya que permite conocer las ideas de los j\u00f3venes sobre temas que afectan a sus comunidades y la manera de solucionarlo. Por su parte, la directora de Fundaci\u00f3n Los Emprendedores, <strong>Diana Silva Emanuelli<\/strong>, coment\u00f3 que, desde septiembre de 2021, se realizaron 58 talleres virtuales con m\u00e1s de mil 800 j\u00f3venes, para generar ideas que beneficien a sus comunidades. De este ejercicio, se recibieron mil 297 propuestas de alumnos provenientes de Oaxaca, Veracruz y la Ciudad de M\u00e9xico.<\/p>\n<p>***Senadoras y senadores de oposici\u00f3n presentaron ante la Suprema Corte de Justicia de la Naci\u00f3n (SCJN) un escrito que tiene como objetivo que la ministra <strong>Loreta Ortiz Ahlf<\/strong> se excuse de conocer\u00a0y\u00a0de\u00a0votar\u00a0la\u00a0Acci\u00f3n\u00a0de\u00a0Inconstitucionalidad\u00a0sobre la Ley de\u00a0la Industria El\u00e9ctrica, aprobada por legisladores de Morena, debido\u00a0al impedimento que se deriva del conflicto\u00a0de\u00a0inter\u00e9s\u00a0al\u00a0haber participado en la emisi\u00f3n general de la norma impugnada.<\/p>\n<p>*** Menudos funcionarios tiene L\u00f3pez Obrador al frente de la Secretar\u00eda de Seguridad P\u00fablica, que valen para dos cosas. Resulta que a la flamante titular de esa dependencia, <strong>Rosa Icela Rodr\u00edguez<\/strong>, le volvi\u00f3 a dar Covid, y como su segundo de a bordo, el subsecretario <strong>Ricardo Garc\u00eda Berdeja<\/strong>, pidi\u00f3 vacaciones para poder irse a su tierra a promover la Revocaci\u00f3n de Mandato y empezar a tejer su candidatura de Morena al gobierno de Coahuila, pues simple y llanamente, en Palacio Nacional se cancel\u00f3 el reporte semanal sobre la inseguridad. Como anillo al dedo le vino a una y otro los pretextos para no acudir a informar lo que ya se sabe: que el pa\u00eds est\u00e1 sumido en una de sus peores crisis de violencia e inseguridad. \u00bfCon qu\u00e9 cara la flamante secretaria de Seguridad y Protecci\u00f3n Ciudadana va a decir que la inenarrable estrategia de su jefe \u201cabrazos, no balazos\u201d, est\u00e1 funcionando? Creen que con ignorar las cosas basta.<\/p>\n<p><u><a href=\"mailto:morcora@gmail.com\" target=\"_blank\" rel=\"noopener noreferrer\"><em>morcora@gmail.com<\/em><\/a><\/u><\/p>\n","protected":false},"excerpt":{"rendered":"<p><span style=\"color: #005497;\"><strong>Adriana Moreno Cordero<\/strong><\/span><\/p>\n","protected":false},"author":3,"featured_media":0,"comment_status":"open","ping_status":"open","sticky":false,"template":"","format":"standard","meta":{"_monsterinsights_skip_tracking":false,"_monsterinsights_sitenote_active":false,"_monsterinsights_sitenote_note":"","_monsterinsights_sitenote_category":0,"footnotes":""},"categories":[69370],"tags":[69369,69368,43674],"class_list":["post-541608","post","type-post","status-publish","format-standard","hentry","category-adriana-moreno-cordero","tag-adriana-moreno-cordero","tag-la-retaguardia","tag-opinion"],"_links":{"self":[{"href":"https:\/\/www.diarioimagen.net\/index.php?rest_route=\/wp\/v2\/posts\/541608","targetHints":{"allow":["GET"]}}],"collection":[{"href":"https:\/\/www.diarioimagen.net\/index.php?rest_route=\/wp\/v2\/posts"}],"about":[{"href":"https:\/\/www.diarioimagen.net\/index.php?rest_route=\/wp\/v2\/types\/post"}],"author":[{"embeddable":true,"href":"https:\/\/www.diarioimagen.net\/index.php?rest_route=\/wp\/v2\/users\/3"}],"replies":[{"embeddable":true,"href":"https:\/\/www.diarioimagen.net\/index.php?rest_route=%2Fwp%2Fv2%2Fcomments&post=541608"}],"version-history":[{"count":0,"href":"https:\/\/www.diarioimagen.net\/index.php?rest_route=\/wp\/v2\/posts\/541608\/revisions"}],"wp:attachment":[{"href":"https:\/\/www.diarioimagen.net\/index.php?rest_route=%2Fwp%2Fv2%2Fmedia&parent=541608"}],"wp:term":[{"taxonomy":"category","embeddable":true,"href":"https:\/\/www.diarioimagen.net\/index.php?rest_route=%2Fwp%2Fv2%2Fcategories&post=541608"},{"taxonomy":"post_tag","embeddable":true,"href":"https:\/\/www.diarioimagen.net\/index.php?rest_route=%2Fwp%2Fv2%2Ftags&post=541608"}],"curies":[{"name":"wp","href":"https:\/\/api.w.org\/{rel}","templated":true}]}}