{"id":541618,"date":"2022-04-01T00:08:40","date_gmt":"2022-04-01T06:08:40","guid":{"rendered":"https:\/\/www.diarioimagen.net\/?p=541618"},"modified":"2022-04-01T03:01:17","modified_gmt":"2022-04-01T09:01:17","slug":"la-reforma-electoral-en-puerta","status":"publish","type":"post","link":"https:\/\/www.diarioimagen.net\/?p=541618","title":{"rendered":"La reforma electoral en puerta"},"content":{"rendered":"<h2>Punto por punto<\/h2>\n<h5>Augusto Corro<\/h5>\n<p>&nbsp;<\/p>\n<p>La reforma electoral en puerta tiene en actividad intensa a los diferentes sectores relacionados con la vida pol\u00edtica.<\/p>\n<p>Ojal\u00e1 y que los prop\u00f3sitos de cambio ayuden a bajar los costos de la democracia en M\u00e9xico, una de las m\u00e1s caras del mundo.<\/p>\n<p>Los planteamientos de la reforma van desde la elecci\u00f3n directa de los asesores electorales y la reducci\u00f3n del n\u00famero de diputados.<\/p>\n<p>Y claro, tambi\u00e9n disminuir el financiamiento p\u00fablico para los partidos pol\u00edticos que mantengan su registro despu\u00e9s de cada elecci\u00f3n. Las autoridades electorales eran decididas por cuotas partidistas que poco o nada ayudaban a la democracia.<\/p>\n<p>Eran los acuerdos de las c\u00fapulas de las organizaciones quienes, en lo oscurito, decid\u00edan la suerte de los tribunales electorales.<\/p>\n<p>Una vez nombrados los asesores, estos inclinaban la balanza para el lado que les marcaban aquellos que los llevaron al cargo.<\/p>\n<p>As\u00ed, el Instituto Nacional Electoral se convirti\u00f3 en juez y parte en las contiendas electorales. Perdi\u00f3, por decir lo menos, su imparcialidad.<\/p>\n<p>Adem\u00e1s, los funcionarios del citado instituto disfrutan de condiciones laborales envidiables.<\/p>\n<p>Tienen sueldos superiores al del presidente L\u00f3pez Obrador. Tambi\u00e9n se encuentran amparados para evitar que se los reduzcan.<\/p>\n<p>En el presente, el clan del INE y el gobierno federal enfrentan una lucha por la revocaci\u00f3n del mandato del mandatario tabasque\u00f1o.\u00a0 Los funcionarios electorales parece que no cumplen con la ley al promover ese evento electoral, hecho que tiene molesto al gobierno de la Cuarta Transformaci\u00f3n (4T).<\/p>\n<p>Como se sabe, el 10 de abril se votar\u00e1 para saber si L\u00f3pez Obrador sigue en el poder o se va a su rancho. La reducci\u00f3n de diputados tambi\u00e9n est\u00e1 en la mira de la reforma electoral. De quinientos representantes populares podr\u00edan quedar trescientos.<\/p>\n<p>Desaparecer\u00edan los llamados diputados plurinominales, aquellos que consiguieron la curul como un regalo del partido.<\/p>\n<p>La idea de los plurinominales surgi\u00f3 cuando los partidos de oposici\u00f3n estaban muy d\u00e9biles y les regalaban diputaciones para nivelar la situaci\u00f3n.<\/p>\n<p>Los plurinominales son, nadie lo duda, una carga econ\u00f3mica sin justificaci\u00f3n alguna. Llegan a San L\u00e1zaro, sin ning\u00fan esfuerzo.<\/p>\n<p>Otro rengl\u00f3n importante de la citada reforma podr\u00eda estar en la reducci\u00f3n del financiamiento p\u00fablico para los partidos pol\u00edticos.<\/p>\n<p>En las reuniones de an\u00e1lisis de los cambios en la reforma electoral, ser\u00e1 indispensable que se trate el tema del financiamiento p\u00fablico que reciben los partidos pol\u00edticos.<\/p>\n<p>La demanda ciudadana, desde siempre, fue cancelar la entrega de dinero a las organizaciones pol\u00edticas.<\/p>\n<p>Para el 2022, m\u00e1s de cinco mil millones de pesos fueron destinados a los gastos ordinarios de los institutos pol\u00edticos, incluidas las actividades espec\u00edficas relativas a la educaci\u00f3n y capacitaci\u00f3n pol\u00edtica, investigaci\u00f3n socioecon\u00f3mica y pol\u00edtica. Una inquietud de la poblaci\u00f3n es la de abaratar los costos de la pol\u00edtica. Una forma podr\u00eda consistir en cancelar el financiamiento p\u00fablico.<\/p>\n<p>Es decir, que fueran los propios partidos los responsables de conseguir los recursos para su mantenimiento y para su promoci\u00f3n pol\u00edtica.\u00a0 En tiempos pasados, el Partido Acci\u00f3n Nacional (PAN) se encargaba de conseguir fondos econ\u00f3micos a trav\u00e9s de rifas.<\/p>\n<p>Esa forma de conseguir dinero se hizo a un lado ante la comodidad que ofreci\u00f3 el financiamiento p\u00fablico.<\/p>\n<p>Quiz\u00e1 con la necesidad de conseguir recursos econ\u00f3micos, los dirigentes pol\u00edticos orienten a sus partidos a atender mejor a los ciudadanos.<\/p>\n<p>Que no sea \u00fanicamente la temporada electoral cuando aparecen las organizaciones pol\u00edticas para exigir el voto.<\/p>\n<p>Mientras, en los periodos entre las elecciones, los partidos pol\u00edticos no aparecen por ning\u00fan lado.<\/p>\n<p>Se trata de institutos pol\u00edticos alejados de la ciudadan\u00eda que los considera in\u00fatiles e incluso prescindibles.<\/p>\n<p>En fin, es temporada de reforma electoral, de todos lados saldr\u00e1n propuestas de cambio. Ojal\u00e1 que las mejores sean aprobadas para beneficio de todos los mexicanos. \u00bfSe podr\u00e1?<\/p>\n<p>\u00bfUsted qu\u00e9 opina amable lector?<\/p>\n<p><a href=\"mailto:aco2742@hotmail.com\" target=\"_blank\" rel=\"noopener noreferrer\"><em>aco2742@hotmail.com<\/em><\/a><\/p>\n","protected":false},"excerpt":{"rendered":"<p><span style=\"color: #005497;\"><strong>Augusto Corro<\/strong><\/span><\/p>\n","protected":false},"author":3,"featured_media":0,"comment_status":"open","ping_status":"open","sticky":false,"template":"","format":"standard","meta":{"_monsterinsights_skip_tracking":false,"_monsterinsights_sitenote_active":false,"_monsterinsights_sitenote_note":"","_monsterinsights_sitenote_category":0,"footnotes":""},"categories":[157],"tags":[43686,43674,11515],"class_list":["post-541618","post","type-post","status-publish","format-standard","hentry","category-augusto-corro","tag-augusto-corro","tag-opinion","tag-punto-por-punto"],"_links":{"self":[{"href":"https:\/\/www.diarioimagen.net\/index.php?rest_route=\/wp\/v2\/posts\/541618","targetHints":{"allow":["GET"]}}],"collection":[{"href":"https:\/\/www.diarioimagen.net\/index.php?rest_route=\/wp\/v2\/posts"}],"about":[{"href":"https:\/\/www.diarioimagen.net\/index.php?rest_route=\/wp\/v2\/types\/post"}],"author":[{"embeddable":true,"href":"https:\/\/www.diarioimagen.net\/index.php?rest_route=\/wp\/v2\/users\/3"}],"replies":[{"embeddable":true,"href":"https:\/\/www.diarioimagen.net\/index.php?rest_route=%2Fwp%2Fv2%2Fcomments&post=541618"}],"version-history":[{"count":0,"href":"https:\/\/www.diarioimagen.net\/index.php?rest_route=\/wp\/v2\/posts\/541618\/revisions"}],"wp:attachment":[{"href":"https:\/\/www.diarioimagen.net\/index.php?rest_route=%2Fwp%2Fv2%2Fmedia&parent=541618"}],"wp:term":[{"taxonomy":"category","embeddable":true,"href":"https:\/\/www.diarioimagen.net\/index.php?rest_route=%2Fwp%2Fv2%2Fcategories&post=541618"},{"taxonomy":"post_tag","embeddable":true,"href":"https:\/\/www.diarioimagen.net\/index.php?rest_route=%2Fwp%2Fv2%2Ftags&post=541618"}],"curies":[{"name":"wp","href":"https:\/\/api.w.org\/{rel}","templated":true}]}}