{"id":541742,"date":"2022-04-04T00:05:17","date_gmt":"2022-04-04T05:05:17","guid":{"rendered":"https:\/\/www.diarioimagen.net\/?p=541742"},"modified":"2022-04-04T22:24:28","modified_gmt":"2022-04-05T03:24:28","slug":"alejandra-navarrete-bonilla-estudiante-uaemex-seleccionada-como-lider-de-cambio-social-por-la-organizacion-panamericana-de-la-salud","status":"publish","type":"post","link":"https:\/\/www.diarioimagen.net\/?p=541742","title":{"rendered":"Alejandra Navarrete Bonilla, estudiante UAEM\u00e9x, seleccionada como l\u00edder de cambio social por la Organizaci\u00f3n Panamericana de la Salud"},"content":{"rendered":"<p><em>\u00a0<\/em><\/p>\n<ul>\n<li><strong><em>La estudiante de la licenciatura en Medicina de la Aut\u00f3noma mexiquense fue invitada por su destacada actividad extra curricular y acad\u00e9mica en el rubro de la salud p\u00fablica<\/em><\/strong><\/li>\n<\/ul>\n<p>&nbsp;<\/p>\n<div id=\"attachment_541831\" style=\"width: 470px\" class=\"wp-caption aligncenter\"><a href=\"https:\/\/www.diarioimagen.net\/?attachment_id=541831\" rel=\"attachment wp-att-541831\"><img loading=\"lazy\" decoding=\"async\" aria-describedby=\"caption-attachment-541831\" class=\"size-full wp-image-541831\" src=\"https:\/\/www.diarioimagen.net\/wp-content\/uploads\/2022\/04\/uaem-1.jpg\" alt=\"\" width=\"460\" height=\"270\" \/><\/a><p id=\"caption-attachment-541831\" class=\"wp-caption-text\">De los 20 j\u00f3venes l\u00edderes seleccionados a nivel internacional, dos son de origen mexicano, entre ellos, la universitaria Alejandra Lizeth Navarrete Bonilla.<\/p><\/div>\n<p>&nbsp;<\/p>\n<p><strong>Toluca, Estado de M\u00e9xico.\u2014<\/strong> Alejandra Lizeth Navarrete Bonilla, estudiante de la licenciatura en Medicina de la Facultad de Medicina de la Universidad Aut\u00f3noma del Estado de M\u00e9xico (UAEM\u00e9x) fue invitada a formar parte de la Organizaci\u00f3n Panamericana de la Salud (OPS) que pertenece a la Organizaci\u00f3n Mundial de la Salud (OMS) para formar del grupo Juventud Para la Salud en las Am\u00e9ricas en el marco de los Objetivos de Desarrollo Sostenible (ODS).<\/p>\n<p>Navarrete Bonilla comparti\u00f3 que, derivado de su trayectoria acad\u00e9mica y social en el \u00e1mbito de la salud p\u00fablica, obtuvo la invitaci\u00f3n para ser uno de los 20 l\u00edderes de cambio social seleccionados a nivel internacional para formar parte del grupo Juventud Para la Salud en las Am\u00e9ricas, labor que tendr\u00e1 una duraci\u00f3n de 2 a\u00f1os.<\/p>\n<p>De los 20 j\u00f3venes l\u00edderes seleccionados a nivel internacional, dos son de origen mexicano, entre ellos, la universitaria Alejandra Lizeth Navarrete Bonilla. \u201cA lo largo de mi vida estudiantil he trabajado en organizaciones enfocadas a la salud p\u00fablica, con l\u00edderes en salud, a fomentar esta parte de ser un agente que impacte positivamente no solo al interior de la Universidad, sino tambi\u00e9n estatal o nacional\u201d, dijo.<\/p>\n<p>Entre las actividades que la universitaria desarrollar\u00e1 se encuentran campa\u00f1as que la OPS organice a nivel internacional enfocadas a las juventudes en los rubros de salud p\u00fablica, salud educativa, salud sexual y reproductiva, planificaci\u00f3n familiar, covid-19, entre otros.<\/p>\n<p>\u201cMes con mes vamos a estar trabajando campa\u00f1as, programas, iniciativas que impulsen a las y los j\u00f3venes a trabajar, yo voy a estar atr\u00e1s de todo esto y con otros estudiantes de todo el continente como Per\u00fa, Trinidad y Tobago, Brasil, Estados Unidos, entre otros, y sobre todo, planeando estrategias para cumplir los ODS\u201d, dijo la estudiante del d\u00e9cimo semestre.<\/p>\n<p>Navarrete Bonilla exhort\u00f3 a sus compa\u00f1eros universitarios a postularse a las siguientes ediciones ya que, consider\u00f3, tienen las bases, formaci\u00f3n y conocimiento para ser un l\u00edder de cambio social.<\/p>\n<p>\u201cRealmente es actuar, no solamente pensando en el hoy, sino en el futuro y como j\u00f3venes, como la ONU lo menciona, somos pieza fundamental porque somos activos, interactivos, hacemos uso de la tecnolog\u00eda, las redes sociales, realmente es poner estas herramientas a nuestro favor para el futuro\u201d, agreg\u00f3.<\/p>\n<p>En 2018, la Organizaci\u00f3n de las Naciones Unidas (ONU) lanz\u00f3 la Estrategia de las Naciones Unidas para la Juventud que reconoce la representaci\u00f3n, la capacidad y contribuci\u00f3n positiva de las juventudes como agentes de cambio e impacto en la salud sin que necesariamente pertenezcan al \u00e1rea de medicina.<\/p>\n","protected":false},"excerpt":{"rendered":"<p>Alejandra Lizeth Navarrete Bonilla, estudiante de la licenciatura en Medicina de la Facultad de Medicina de la Universidad Aut\u00f3noma del Estado de M\u00e9xico (UAEM\u00e9x) fue invitada a formar parte de la Organizaci\u00f3n Panamericana de la Salud (OPS) que pertenece a la Organizaci\u00f3n Mundial de la Salud (OMS) para formar del grupo Juventud Para la Salud en las Am\u00e9ricas en el marco de los Objetivos de Desarrollo Sostenible (ODS).<\/p>\n","protected":false},"author":3,"featured_media":541831,"comment_status":"open","ping_status":"open","sticky":false,"template":"","format":"standard","meta":{"_monsterinsights_skip_tracking":false,"_monsterinsights_sitenote_active":false,"_monsterinsights_sitenote_note":"","_monsterinsights_sitenote_category":0,"footnotes":""},"categories":[5],"tags":[95132,12757,67878],"class_list":["post-541742","post","type-post","status-publish","format-standard","has-post-thumbnail","hentry","category-estado-de-mexico","tag-alejandra-navarrete-bonilla","tag-organizacion-panamericana-de-la-salud","tag-uaemex"],"_links":{"self":[{"href":"https:\/\/www.diarioimagen.net\/index.php?rest_route=\/wp\/v2\/posts\/541742","targetHints":{"allow":["GET"]}}],"collection":[{"href":"https:\/\/www.diarioimagen.net\/index.php?rest_route=\/wp\/v2\/posts"}],"about":[{"href":"https:\/\/www.diarioimagen.net\/index.php?rest_route=\/wp\/v2\/types\/post"}],"author":[{"embeddable":true,"href":"https:\/\/www.diarioimagen.net\/index.php?rest_route=\/wp\/v2\/users\/3"}],"replies":[{"embeddable":true,"href":"https:\/\/www.diarioimagen.net\/index.php?rest_route=%2Fwp%2Fv2%2Fcomments&post=541742"}],"version-history":[{"count":0,"href":"https:\/\/www.diarioimagen.net\/index.php?rest_route=\/wp\/v2\/posts\/541742\/revisions"}],"wp:featuredmedia":[{"embeddable":true,"href":"https:\/\/www.diarioimagen.net\/index.php?rest_route=\/wp\/v2\/media\/541831"}],"wp:attachment":[{"href":"https:\/\/www.diarioimagen.net\/index.php?rest_route=%2Fwp%2Fv2%2Fmedia&parent=541742"}],"wp:term":[{"taxonomy":"category","embeddable":true,"href":"https:\/\/www.diarioimagen.net\/index.php?rest_route=%2Fwp%2Fv2%2Fcategories&post=541742"},{"taxonomy":"post_tag","embeddable":true,"href":"https:\/\/www.diarioimagen.net\/index.php?rest_route=%2Fwp%2Fv2%2Ftags&post=541742"}],"curies":[{"name":"wp","href":"https:\/\/api.w.org\/{rel}","templated":true}]}}