{"id":541751,"date":"2022-04-04T00:01:32","date_gmt":"2022-04-04T05:01:32","guid":{"rendered":"https:\/\/www.diarioimagen.net\/?p=541751"},"modified":"2022-04-04T05:07:36","modified_gmt":"2022-04-04T10:07:36","slug":"naucalpan-se-pinta-de-acme-dice-su-coordinadora-en-naucalpan-juanita-tovar","status":"publish","type":"post","link":"https:\/\/www.diarioimagen.net\/?p=541751","title":{"rendered":"Naucalpan se pinta de ACME, dice su coordinadora en Naucalpan, Juanita Tovar"},"content":{"rendered":"<p>&nbsp;<\/p>\n<ul>\n<li><strong><em>Con total respaldo del l\u00edder nacional, Jafet S\u00e1inz<\/em><\/strong><\/li>\n<\/ul>\n<p>&nbsp;<\/p>\n<div id=\"attachment_541866\" style=\"width: 470px\" class=\"wp-caption aligncenter\"><a href=\"https:\/\/www.diarioimagen.net\/?attachment_id=541866\" rel=\"attachment wp-att-541866\"><img loading=\"lazy\" decoding=\"async\" aria-describedby=\"caption-attachment-541866\" class=\"size-full wp-image-541866\" src=\"https:\/\/www.diarioimagen.net\/wp-content\/uploads\/2022\/04\/naucalpan-1.jpg\" alt=\"\" width=\"460\" height=\"270\" \/><\/a><p id=\"caption-attachment-541866\" class=\"wp-caption-text\">La coordinadora en Naucalpan, Juanita Tovar, manifest\u00f3 que este municipio ya est\u00e1 pintado de ACME, con el total respaldo del l\u00edder nacional Jafet S\u00e1inz.<\/p><\/div>\n<p>&nbsp;<\/p>\n<p><strong>Naucalpan, Estado de M\u00e9xico.\u2014<\/strong> Al destacar que con las afiliaciones de empresas y ciudadanos, reflejan en la Alianza de Autotransportistas, Comerciantes y Anexas de M\u00e9xico su confianza, la coordinadora en este municipio Juanita Tovar, manifest\u00f3 que Naucalpan ya est\u00e1 pintado de ACME, con el total respaldo del l\u00edder nacional Jafet S\u00e1inz.<\/p>\n<p>As\u00ed lo se\u00f1al\u00f3 en su mensaje durante el evento de afiliaci\u00f3n de la empresa \u201cTransportes \u00c1guilas de Naucalpan SA de CV\u201d, quienes junto con su representante legal,\u00a0 Eutimio Tinoco Miranda,\u00a0 fueron bienvenidos a nombre y representaci\u00f3n del Presidente Nacional Jafet S\u00e1inz, por el Coordinador Regional, Ricardo Arellano,\u00a0 refrendando el respaldo de los m\u00e1s de 250 mil agremiados a esta organizaci\u00f3n.<\/p>\n<p>De igual manera,\u00a0 se hizo la presentaci\u00f3n oficial como Coordinadora de ACME en Naucalpan a Juanita Tovar, una incansable l\u00edder y luchadora social que suma su talento y experiencia a favor de las causas aliancistas y de la comunidad en general.<\/p>\n<p>Arropada por coordinadoras de \u201cMujeres ACME\u201d en distintos municipios y de otras divisiones en el Estado de M\u00e9xico y la CDMX , Juanita Tovar agradeci\u00f3 la confianza y respaldo del l\u00edder nacional Jafet S\u00e1inz y de toda la gran familia aliancista; refrendando su compromiso de trabajar incansablemente para consolidar la fortaleza y unidad que distingue a esta organizaci\u00f3n.<\/p>\n<p>Por su parte, Eutimio Tinoco, representante legal de \u201cTransportes \u00c1guilas de Naucalpan SA de CV\u201d, empresa que se afilia a ACME con 160 unidades, manifest\u00f3 su confianza en esta organizaci\u00f3n, con la seguridad de que ser\u00e1 respaldado para buscar y alcanzar soluciones a los problemas que cotidianamente se presentaban con algunas autoridades.<\/p>\n<p>Finalmente, coordinadores y afiliados colocaron las calcoman\u00edas distintivas de ACME en las unidades afiliadas, con lo que se sell\u00f3 el pacto de lealtad, trabajo y unidad en aras del bien com\u00fan.<strong>\u00a0<\/strong><\/p>\n","protected":false},"excerpt":{"rendered":"<p>Al destacar que con las afiliaciones de empresas y ciudadanos, reflejan en la Alianza de Autotransportistas, Comerciantes y Anexas de M\u00e9xico su confianza, la coordinadora en este municipio Juanita Tovar, manifest\u00f3 que Naucalpan ya est\u00e1 pintado de ACME, con el total respaldo del l\u00edder nacional Jafet S\u00e1inz.<\/p>\n","protected":false},"author":3,"featured_media":541866,"comment_status":"open","ping_status":"open","sticky":false,"template":"","format":"standard","meta":{"_monsterinsights_skip_tracking":false,"_monsterinsights_sitenote_active":false,"_monsterinsights_sitenote_note":"","_monsterinsights_sitenote_category":0,"footnotes":""},"categories":[5],"tags":[95121,43675,95133,970],"class_list":["post-541751","post","type-post","status-publish","format-standard","has-post-thumbnail","hentry","category-estado-de-mexico","tag-acme","tag-estado-de-mexico","tag-juanita-tovar","tag-naucalpan"],"_links":{"self":[{"href":"https:\/\/www.diarioimagen.net\/index.php?rest_route=\/wp\/v2\/posts\/541751","targetHints":{"allow":["GET"]}}],"collection":[{"href":"https:\/\/www.diarioimagen.net\/index.php?rest_route=\/wp\/v2\/posts"}],"about":[{"href":"https:\/\/www.diarioimagen.net\/index.php?rest_route=\/wp\/v2\/types\/post"}],"author":[{"embeddable":true,"href":"https:\/\/www.diarioimagen.net\/index.php?rest_route=\/wp\/v2\/users\/3"}],"replies":[{"embeddable":true,"href":"https:\/\/www.diarioimagen.net\/index.php?rest_route=%2Fwp%2Fv2%2Fcomments&post=541751"}],"version-history":[{"count":0,"href":"https:\/\/www.diarioimagen.net\/index.php?rest_route=\/wp\/v2\/posts\/541751\/revisions"}],"wp:featuredmedia":[{"embeddable":true,"href":"https:\/\/www.diarioimagen.net\/index.php?rest_route=\/wp\/v2\/media\/541866"}],"wp:attachment":[{"href":"https:\/\/www.diarioimagen.net\/index.php?rest_route=%2Fwp%2Fv2%2Fmedia&parent=541751"}],"wp:term":[{"taxonomy":"category","embeddable":true,"href":"https:\/\/www.diarioimagen.net\/index.php?rest_route=%2Fwp%2Fv2%2Fcategories&post=541751"},{"taxonomy":"post_tag","embeddable":true,"href":"https:\/\/www.diarioimagen.net\/index.php?rest_route=%2Fwp%2Fv2%2Ftags&post=541751"}],"curies":[{"name":"wp","href":"https:\/\/api.w.org\/{rel}","templated":true}]}}