{"id":541753,"date":"2022-04-04T00:02:29","date_gmt":"2022-04-04T05:02:29","guid":{"rendered":"https:\/\/www.diarioimagen.net\/?p=541753"},"modified":"2022-04-04T05:08:29","modified_gmt":"2022-04-04T10:08:29","slug":"ya-vendran-tiempos-de-definiciones-afirman-regidores-del-prd-y-del-pri","status":"publish","type":"post","link":"https:\/\/www.diarioimagen.net\/?p=541753","title":{"rendered":"Ya vendr\u00e1n tiempos de definiciones, afirman regidores del PRD y del PRI"},"content":{"rendered":"<p>&nbsp;<\/p>\n<h3 style=\"text-align: center;\">Para elegir candidato al Edomex<\/h3>\n<p>&nbsp;<\/p>\n<h6>Arturo Baena<\/h6>\n<p>&nbsp;<\/p>\n<div id=\"attachment_541869\" style=\"width: 470px\" class=\"wp-caption aligncenter\"><a href=\"https:\/\/www.diarioimagen.net\/?attachment_id=541869\" rel=\"attachment wp-att-541869\"><img loading=\"lazy\" decoding=\"async\" aria-describedby=\"caption-attachment-541869\" class=\"size-full wp-image-541869\" src=\"https:\/\/www.diarioimagen.net\/wp-content\/uploads\/2022\/04\/valle.jpg\" alt=\"\" width=\"460\" height=\"270\" \/><\/a><p id=\"caption-attachment-541869\" class=\"wp-caption-text\">Tanto Lucina Cort\u00e9s como Victor Ruiz destacaron qu\u00e9 \u201choy, la alianza entre el PRI,PAN y PRD, est\u00e1 firme, pese a que hay quienes auguran fracturas y divisionismo.<\/p><\/div>\n<p>&nbsp;<\/p>\n<p><strong>Valle de M\u00e9xico.\u2014<\/strong> Desde luego que los morenistas del Estado de M\u00e9xico est\u00e1n preocupados por el avance y fortalecimiento de la alianza entre el PRI, PAN y PRD,\u00a0 que sin lugar a dudas, \u00e9sta continuar\u00e1 en la entidad mexiquense. Ya vendr\u00e1n tiempos de definiciones para elegir al candidato o candidata para 2023.<\/p>\n<p>Afirmaron por separado los representantes populares, Lucina Cort\u00e9s (PRD) y Victor Ruiz (PRI),\u00a0 luego de reiterar qu\u00e9 \u201clos procesos electorales del a\u00f1o pr\u00f3ximo,\u00a0 tienen muy inquietos a varios personajes del Movimiento de Regeneraci\u00f3n Nacional, toda vez que a\u00fan no se recuperan del fracaso electoral pasado. Ese instituto pol\u00edtico va decayendo\u201d, coincidieron.<\/p>\n<p>Tanto Lucina Cort\u00e9s como Victor Ruiz, destacaron qu\u00e9 \u201choy, la alianza entre el PRI,PAN y PRD, est\u00e1 firme y ya hay quienes auguran fracturas y divisionismo, pero no es as\u00ed.\u00a0 En tiempo y forma se sabr\u00e1 quien en encabezar\u00e1 la candidatura al Gobierno del Estado de M\u00e9xico\u201d.<\/p>\n<p>En otro orden de ideas, los regidores naucalpenses, puntualizaron que el Plan de Desarrollo Municipal (aprobado en Cabildo), ser\u00e1 para poner\u00a0 orden y transparencia del gobierno que encabeza Ang\u00e9lica Moya Mar\u00edn en esa localidad. \u201cEl Plan de Desarrollo Municipal, es el documento que integra las pol\u00edticas p\u00fablicas, programas, proyectos, estrategias y l\u00edneas de acci\u00f3n viables que el gobierno\u00a0llevar\u00e1 a cabo durante el presente trienio, desde una perspectiva t\u00e9cnica, financiera, pol\u00edtica y social\u201d, abundaron.<\/p>\n<p>El regidor pri\u00edsta, Victor Ruiz, secretario de la Comisi\u00f3n de Planeaci\u00f3n para el Desarrollo, destac\u00f3 que \u201cla\u00a0 finalidad es dar respuesta a las demandas de la poblaci\u00f3n de Naucalpan,\u00a0recabadas con anterioridad.\u00a0Toda acci\u00f3n de nuestro gobierno sit\u00faa a los ciudadanos en el centro de las pol\u00edticas\u00a0p\u00fablicas\u201d, dijo.<\/p>\n<p>Finalmente, los representante populares del PRI y PRD aseguraron que el de Naucalpan ser\u00e1 un municipio que regresar\u00e1 a los primeros lugares, \u201cprimero hay que resolver el desastre en que se recibi\u00f3 la administraci\u00f3n y luego, poco a poco vamos por el fortalecimiento econ\u00f3mico de nuestro municipio\u201d, concluyeron.<\/p>\n","protected":false},"excerpt":{"rendered":"<p>Desde luego que los morenistas del Estado de M\u00e9xico est\u00e1n preocupados por el avance y fortalecimiento de la alianza entre el PRI, PAN y PRD,\u00a0 que sin lugar a dudas, \u00e9sta continuar\u00e1 en la entidad mexiquense. Ya vendr\u00e1n tiempos de definiciones para elegir al candidato o candidata para 2023.<\/p>\n","protected":false},"author":3,"featured_media":541869,"comment_status":"open","ping_status":"open","sticky":false,"template":"","format":"standard","meta":{"_monsterinsights_skip_tracking":false,"_monsterinsights_sitenote_active":false,"_monsterinsights_sitenote_note":"","_monsterinsights_sitenote_category":0,"footnotes":""},"categories":[5],"tags":[95135,211,362,65376,95134,34],"class_list":["post-541753","post","type-post","status-publish","format-standard","has-post-thumbnail","hentry","category-estado-de-mexico","tag-definiciones","tag-prd","tag-pri","tag-regidores","tag-tiempos","tag-valle-de-mexico"],"_links":{"self":[{"href":"https:\/\/www.diarioimagen.net\/index.php?rest_route=\/wp\/v2\/posts\/541753","targetHints":{"allow":["GET"]}}],"collection":[{"href":"https:\/\/www.diarioimagen.net\/index.php?rest_route=\/wp\/v2\/posts"}],"about":[{"href":"https:\/\/www.diarioimagen.net\/index.php?rest_route=\/wp\/v2\/types\/post"}],"author":[{"embeddable":true,"href":"https:\/\/www.diarioimagen.net\/index.php?rest_route=\/wp\/v2\/users\/3"}],"replies":[{"embeddable":true,"href":"https:\/\/www.diarioimagen.net\/index.php?rest_route=%2Fwp%2Fv2%2Fcomments&post=541753"}],"version-history":[{"count":0,"href":"https:\/\/www.diarioimagen.net\/index.php?rest_route=\/wp\/v2\/posts\/541753\/revisions"}],"wp:featuredmedia":[{"embeddable":true,"href":"https:\/\/www.diarioimagen.net\/index.php?rest_route=\/wp\/v2\/media\/541869"}],"wp:attachment":[{"href":"https:\/\/www.diarioimagen.net\/index.php?rest_route=%2Fwp%2Fv2%2Fmedia&parent=541753"}],"wp:term":[{"taxonomy":"category","embeddable":true,"href":"https:\/\/www.diarioimagen.net\/index.php?rest_route=%2Fwp%2Fv2%2Fcategories&post=541753"},{"taxonomy":"post_tag","embeddable":true,"href":"https:\/\/www.diarioimagen.net\/index.php?rest_route=%2Fwp%2Fv2%2Ftags&post=541753"}],"curies":[{"name":"wp","href":"https:\/\/api.w.org\/{rel}","templated":true}]}}