{"id":541757,"date":"2022-04-04T00:04:22","date_gmt":"2022-04-04T05:04:22","guid":{"rendered":"https:\/\/www.diarioimagen.net\/?p=541757"},"modified":"2022-04-04T05:09:55","modified_gmt":"2022-04-04T10:09:55","slug":"falta-capacidad-a-la-fgjem-senala-la-diputada-karina-labastida","status":"publish","type":"post","link":"https:\/\/www.diarioimagen.net\/?p=541757","title":{"rendered":"Falta capacidad a la\u00a0FGJEM, se\u00f1ala la diputada Karina Labastida"},"content":{"rendered":"<p>&nbsp;<\/p>\n<div id=\"attachment_541871\" style=\"width: 470px\" class=\"wp-caption aligncenter\"><a href=\"https:\/\/www.diarioimagen.net\/?attachment_id=541871\" rel=\"attachment wp-att-541871\"><img loading=\"lazy\" decoding=\"async\" aria-describedby=\"caption-attachment-541871\" class=\"size-full wp-image-541871\" src=\"https:\/\/www.diarioimagen.net\/wp-content\/uploads\/2022\/04\/valle-1.jpg\" alt=\"\" width=\"460\" height=\"270\" \/><\/a><p id=\"caption-attachment-541871\" class=\"wp-caption-text\">Tanto Lucina Cort\u00e9s como Victor Ruiz destacaron qu\u00e9 \u201choy, la alianza entre el PRI,PAN y PRD, est\u00e1 firme, pese a que hay quienes auguran fracturas y divisionismo.<\/p><\/div>\n<p>&nbsp;<\/p>\n<p><strong>Valle de M\u00e9xico.\u2014<\/strong> La diputada local Karina Labastida reiter\u00f3 la necesidad de crear un banco de datos forense en la entidad mexiquense, toda vez que\u00a0 se han documentado varios\u00a0 casos de \u201cdesapariciones administrativas\u201d en la FGJEM.<\/p>\n<p>La representante popular,\u00a0 puntualiz\u00f3 que algunos familiares de las v\u00edctimas, han recibido cuerpos equivocados, derivado de la falta de capacidad para resguardar, ordenar, identificar y entregar los restos humanos.<\/p>\n<p>El ejemplo m\u00e1s claro, es el de Cristian Marcelino Trinidad del municipio de Toluca, quien estuvo desaparecido 41 d\u00edas, posteriormente permaneci\u00f3 un mes y medio como desconocido en el Semefo de Tlalnepantla, sin embargo, la Fiscal\u00eda del Estado de M\u00e9xico entreg\u00f3 a la familia un cuerpo con tierra, como resultado de un cuerpo sacado de una fosa, luego recibi\u00f3 por error solo la pierna y pelvis de otra persona.<strong> <em>(Manuel Mu\u00f1iz)<\/em><\/strong><\/p>\n","protected":false},"excerpt":{"rendered":"<p>La diputada local Karina Labastida reiter\u00f3 la necesidad de crear un banco de datos forense en la entidad mexiquense, toda vez que\u00a0 se han documentado varios\u00a0 casos de \u201cdesapariciones administrativas\u201d en la FGJEM.<\/p>\n","protected":false},"author":3,"featured_media":541871,"comment_status":"open","ping_status":"open","sticky":false,"template":"","format":"standard","meta":{"_monsterinsights_skip_tracking":false,"_monsterinsights_sitenote_active":false,"_monsterinsights_sitenote_note":"","_monsterinsights_sitenote_category":0,"footnotes":""},"categories":[5],"tags":[7431,59613,94773],"class_list":["post-541757","post","type-post","status-publish","format-standard","has-post-thumbnail","hentry","category-estado-de-mexico","tag-diputada","tag-fgjem","tag-karina-labastida"],"_links":{"self":[{"href":"https:\/\/www.diarioimagen.net\/index.php?rest_route=\/wp\/v2\/posts\/541757","targetHints":{"allow":["GET"]}}],"collection":[{"href":"https:\/\/www.diarioimagen.net\/index.php?rest_route=\/wp\/v2\/posts"}],"about":[{"href":"https:\/\/www.diarioimagen.net\/index.php?rest_route=\/wp\/v2\/types\/post"}],"author":[{"embeddable":true,"href":"https:\/\/www.diarioimagen.net\/index.php?rest_route=\/wp\/v2\/users\/3"}],"replies":[{"embeddable":true,"href":"https:\/\/www.diarioimagen.net\/index.php?rest_route=%2Fwp%2Fv2%2Fcomments&post=541757"}],"version-history":[{"count":0,"href":"https:\/\/www.diarioimagen.net\/index.php?rest_route=\/wp\/v2\/posts\/541757\/revisions"}],"wp:featuredmedia":[{"embeddable":true,"href":"https:\/\/www.diarioimagen.net\/index.php?rest_route=\/wp\/v2\/media\/541871"}],"wp:attachment":[{"href":"https:\/\/www.diarioimagen.net\/index.php?rest_route=%2Fwp%2Fv2%2Fmedia&parent=541757"}],"wp:term":[{"taxonomy":"category","embeddable":true,"href":"https:\/\/www.diarioimagen.net\/index.php?rest_route=%2Fwp%2Fv2%2Fcategories&post=541757"},{"taxonomy":"post_tag","embeddable":true,"href":"https:\/\/www.diarioimagen.net\/index.php?rest_route=%2Fwp%2Fv2%2Ftags&post=541757"}],"curies":[{"name":"wp","href":"https:\/\/api.w.org\/{rel}","templated":true}]}}