{"id":541759,"date":"2022-04-04T00:03:37","date_gmt":"2022-04-04T05:03:37","guid":{"rendered":"https:\/\/www.diarioimagen.net\/?p=541759"},"modified":"2022-04-04T05:06:29","modified_gmt":"2022-04-04T10:06:29","slug":"trabajemos-por-un-proyecto-mas-eficaz-de-pais-frente-civico-nacional","status":"publish","type":"post","link":"https:\/\/www.diarioimagen.net\/?p=541759","title":{"rendered":"Trabajemos por un proyecto m\u00e1s eficaz de pa\u00eds: Frente C\u00edvico Nacional"},"content":{"rendered":"<p>&nbsp;<\/p>\n<ul>\n<li><strong><em>Afirma el regidor Johnvany Rivera L\u00f3pez<\/em><\/strong><\/li>\n<\/ul>\n<p>&nbsp;<\/p>\n<h6>Arturo Baena<\/h6>\n<p>&nbsp;<\/p>\n<div id=\"attachment_541863\" style=\"width: 470px\" class=\"wp-caption aligncenter\"><a href=\"https:\/\/www.diarioimagen.net\/?attachment_id=541863\" rel=\"attachment wp-att-541863\"><img loading=\"lazy\" decoding=\"async\" aria-describedby=\"caption-attachment-541863\" class=\"size-full wp-image-541863\" src=\"https:\/\/www.diarioimagen.net\/wp-content\/uploads\/2022\/04\/tlalnepantla-1.jpg\" alt=\"\" width=\"460\" height=\"249\" \/><\/a><p id=\"caption-attachment-541863\" class=\"wp-caption-text\">La Cofepris autoriz\u00f3 el uso de emergencia de la vacuna anti-Covid para ni\u00f1os de 5 a\u00f1os en adelante, desde el pasado 3 de marzo, pero esto no se dio a conocer p\u00fablicamente.<\/p><\/div>\n<p>&nbsp;<\/p>\n<p><strong>Tlalnepantla, Estado de M\u00e9xico.\u2014<\/strong> El\u00a0 Frente C\u00edvico Nacional (FCN) no est\u00e1 de acuerdo con el actual gobierno federal, trabajemos en consolidar un aut\u00e9ntico proyecto de pa\u00eds, m\u00e1s eficaz, que promueva las causas y demandas de las mexicanas y mexicanos.<\/p>\n<p>Afirm\u00f3 en entrevista el tercer regidor Johnvany Rivera L\u00f3pez, durante una\u00a0\u00a0reuni\u00f3n con l\u00edderes sociales de 36 municipios; desde actores pol\u00edticos hasta representantes de asociaciones civiles y ciudadanos, rindieron protesta como promotores del Frente C\u00edvico Nacional Estado de M\u00e9xico.<\/p>\n<p>Rivera L\u00f3pez, integrante del FCN, se congratul\u00f3 con la presencia de l\u00edderes nacionales de este frente y de otras organizaciones pol\u00edticas y sociales que se est\u00e1n sumando a este proyecto que naci\u00f3 apenas en noviembre pasado y que ha tenido desde entonces un exitoso avance en todo el pa\u00eds.<\/p>\n<p>Asimismo, Rivera L\u00f3pez, agradeci\u00f3\u00a0 la presencia del presidente municipal, Marco Antonio Rodr\u00edguez Hurtado, entonces coincidi\u00f3 en la\u00a0 importancia de consolidar las alianzas para alcanzar objetivos de beneficio com\u00fan para la sociedad en su conjunto,\u00a0 por lo que con la instalaci\u00f3n de los comit\u00e9s promotores del Frente C\u00edvico Nacional espera se logren fortalecer a\u00fan m\u00e1s las coaliciones para los procesos electorales que se avecinan en el a\u00f1o 2023 y 2024.<\/p>\n<p>Finalmente, Rafael Johnvany Rivera reiter\u00f3 su invitaci\u00f3n para la sociedad en general a que se sumen al Frente C\u00edvico Nacional, con la certeza de que sus causas ser\u00e1n tomadas en cuenta en este frente ciudadano.<\/p>\n<p><strong>\u00ac\u00ac\u00ac<br \/>\n<\/strong><\/p>\n<p>El tercer regidor Johnvany Rivera L\u00f3pez, del FCN, durante una\u00a0\u00a0reuni\u00f3n con l\u00edderes sociales de 36 municipios.<\/p>\n","protected":false},"excerpt":{"rendered":"<p>El\u00a0 Frente C\u00edvico Nacional (FCN) no est\u00e1 de acuerdo con el actual gobierno federal, trabajemos en consolidar un aut\u00e9ntico proyecto de pa\u00eds, m\u00e1s eficaz, que promueva las causas y demandas de las mexicanas y mexicanos.<\/p>\n","protected":false},"author":3,"featured_media":541863,"comment_status":"open","ping_status":"open","sticky":false,"template":"","format":"standard","meta":{"_monsterinsights_skip_tracking":false,"_monsterinsights_sitenote_active":false,"_monsterinsights_sitenote_note":"","_monsterinsights_sitenote_category":0,"footnotes":""},"categories":[5],"tags":[95136,95137],"class_list":["post-541759","post","type-post","status-publish","format-standard","has-post-thumbnail","hentry","category-estado-de-mexico","tag-frente-civico-nacional","tag-johnvany-rivera-lopez"],"_links":{"self":[{"href":"https:\/\/www.diarioimagen.net\/index.php?rest_route=\/wp\/v2\/posts\/541759","targetHints":{"allow":["GET"]}}],"collection":[{"href":"https:\/\/www.diarioimagen.net\/index.php?rest_route=\/wp\/v2\/posts"}],"about":[{"href":"https:\/\/www.diarioimagen.net\/index.php?rest_route=\/wp\/v2\/types\/post"}],"author":[{"embeddable":true,"href":"https:\/\/www.diarioimagen.net\/index.php?rest_route=\/wp\/v2\/users\/3"}],"replies":[{"embeddable":true,"href":"https:\/\/www.diarioimagen.net\/index.php?rest_route=%2Fwp%2Fv2%2Fcomments&post=541759"}],"version-history":[{"count":0,"href":"https:\/\/www.diarioimagen.net\/index.php?rest_route=\/wp\/v2\/posts\/541759\/revisions"}],"wp:featuredmedia":[{"embeddable":true,"href":"https:\/\/www.diarioimagen.net\/index.php?rest_route=\/wp\/v2\/media\/541863"}],"wp:attachment":[{"href":"https:\/\/www.diarioimagen.net\/index.php?rest_route=%2Fwp%2Fv2%2Fmedia&parent=541759"}],"wp:term":[{"taxonomy":"category","embeddable":true,"href":"https:\/\/www.diarioimagen.net\/index.php?rest_route=%2Fwp%2Fv2%2Fcategories&post=541759"},{"taxonomy":"post_tag","embeddable":true,"href":"https:\/\/www.diarioimagen.net\/index.php?rest_route=%2Fwp%2Fv2%2Ftags&post=541759"}],"curies":[{"name":"wp","href":"https:\/\/api.w.org\/{rel}","templated":true}]}}